{"id":49615,"date":"2025-05-27T08:54:19","date_gmt":"2025-05-27T06:54:19","guid":{"rendered":"https:\/\/edublog.educastur.es\/ixuxu\/?p=49615"},"modified":"2025-05-27T08:56:26","modified_gmt":"2025-05-27T06:56:26","slug":"el-tiempu-el-comercio-53","status":"publish","type":"post","link":"https:\/\/edublog.educastur.es\/ixuxu\/2025\/05\/el-tiempu-el-comercio-53\/","title":{"rendered":"El tiempu (El Comercio)"},"content":{"rendered":"<p style=\"text-align: center\"><a href=\"https:\/\/s3.ppllstatics.com\/elcomercio\/www\/multimedia\/2025\/05\/26\/tiempo-asturias-martes-27-mayo-kWUH-U2301404163085IHH-1200x840@El%20Comercio.jpg\"><img loading=\"lazy\" decoding=\"async\" class=\"aligncenter size-large\" src=\"https:\/\/s3.ppllstatics.com\/elcomercio\/www\/multimedia\/2025\/05\/26\/tiempo-asturias-martes-27-mayo-kWUH-U2301404163085IHH-1200x840@El%20Comercio.jpg\" width=\"1200\" height=\"838\" \/><\/a><\/p>\n<ul>\n<li><strong>Asturies va vese influyida por un potente anticicl\u00f3n<\/strong> acomu\u00f1\u00e1u a una masa d&#8217;aire templao, lo que se va traducir en tiempu estable y un progresivu ascensu de les temperatures.<\/li>\n<li><strong> Esti martes<\/strong> esperen cielos pocu nublos con delles gurrianes y bancos de borrina ma\u00f1aneru a primer hora que van tender a estenase r\u00e1pido. A lo sumo, podr\u00eden apaecer intervalos de nubes altes ensin mayor relevancia.<\/li>\n<li><strong>Les temperatures m\u00e1ximes<\/strong> van xubir de forma xeneralizada, especialmente nel centru y nel occidente de la rex\u00f3n, onde van poder amontase hasta en 4 o 5 \u00baC al respective de esti llunes.<\/li>\n<li><strong>Les m\u00ednimes<\/strong> apenes van variar. Los vientos van ser fluexos predominando de nordeste y, s\u00eda que non, con delles raches moderaes na mari\u00f1a.<\/li>\n<\/ul>\n<p><!--more--><\/p>\n<p><strong>El mi\u00e9rcoles<\/strong> tami\u00e9n va ser una xornada soleyera con un nuevu ascensu de les temperatures m\u00e1ximes, anque menos significativu qu&#8217;el del d\u00eda de g\u00fcei, xubiendo unos 2 o 3 \u00baC m\u00e1s.<strong> Les m\u00ednimes<\/strong> van xubir nam\u00e1 nel cordal y van caltenese nel restu. <strong>El xueves y el vienres<\/strong> vamos tener dos xornaes bien caloroses con temperatures que podr\u00eden llegar a algamar (y nun se refuga superar) los 30 \u00baC nel interior.<\/p>\n","protected":false},"excerpt":{"rendered":"<p>Asturies va vese influyida por un potente anticicl\u00f3n acomu\u00f1\u00e1u a una masa d&#8217;aire templao, lo que se va traducir en tiempu estable y un progresivu ascensu de les temperatures. Esti martes esperen cielos pocu nublos con delles gurrianes y bancos de borrina ma\u00f1aneru a primer hora que van tender a estenase r\u00e1pido. A lo sumo, [&hellip;]<\/p>\n","protected":false},"author":117,"featured_media":0,"comment_status":"open","ping_status":"open","sticky":false,"template":"","format":"standard","meta":{"footnotes":""},"categories":[5],"tags":[],"class_list":["post-49615","post","type-post","status-publish","format-standard","hentry","category-tiempu"],"_links":{"self":[{"href":"https:\/\/edublog.educastur.es\/ixuxu\/wp-json\/wp\/v2\/posts\/49615","targetHints":{"allow":["GET"]}}],"collection":[{"href":"https:\/\/edublog.educastur.es\/ixuxu\/wp-json\/wp\/v2\/posts"}],"about":[{"href":"https:\/\/edublog.educastur.es\/ixuxu\/wp-json\/wp\/v2\/types\/post"}],"author":[{"embeddable":true,"href":"https:\/\/edublog.educastur.es\/ixuxu\/wp-json\/wp\/v2\/users\/117"}],"replies":[{"embeddable":true,"href":"https:\/\/edublog.educastur.es\/ixuxu\/wp-json\/wp\/v2\/comments?post=49615"}],"version-history":[{"count":3,"href":"https:\/\/edublog.educastur.es\/ixuxu\/wp-json\/wp\/v2\/posts\/49615\/revisions"}],"predecessor-version":[{"id":49618,"href":"https:\/\/edublog.educastur.es\/ixuxu\/wp-json\/wp\/v2\/posts\/49615\/revisions\/49618"}],"wp:attachment":[{"href":"https:\/\/edublog.educastur.es\/ixuxu\/wp-json\/wp\/v2\/media?parent=49615"}],"wp:term":[{"taxonomy":"category","embeddable":true,"href":"https:\/\/edublog.educastur.es\/ixuxu\/wp-json\/wp\/v2\/categories?post=49615"},{"taxonomy":"post_tag","embeddable":true,"href":"https:\/\/edublog.educastur.es\/ixuxu\/wp-json\/wp\/v2\/tags?post=49615"}],"curies":[{"name":"wp","href":"https:\/\/api.w.org\/{rel}","templated":true}]}}