{"id":49624,"date":"2025-05-27T10:59:53","date_gmt":"2025-05-27T08:59:53","guid":{"rendered":"https:\/\/edublog.educastur.es\/ixuxu\/?p=49624"},"modified":"2025-05-27T12:34:55","modified_gmt":"2025-05-27T10:34:55","slug":"49624","status":"publish","type":"post","link":"https:\/\/edublog.educastur.es\/ixuxu\/2025\/05\/49624\/","title":{"rendered":"El Gobiernu d&#8217;Asturies declara xornaes a la bandera y les Instituciones asturianes"},"content":{"rendered":"<p style=\"text-align: center\"><a href=\"https:\/\/actualidad.asturias.es\/documents\/537115\/2590249\/2025_05_26+rueda+prensa+consejo+gobierno+1.jpeg\/dbc135ba-10c3-bba9-204b-f5a4719fa594?t=1748252647335\"><img loading=\"lazy\" decoding=\"async\" class=\"aligncenter size-large\" src=\"https:\/\/actualidad.asturias.es\/documents\/537115\/2590249\/2025_05_26+rueda+prensa+consejo+gobierno+1.jpeg\/dbc135ba-10c3-bba9-204b-f5a4719fa594?t=1748252647335\" width=\"1600\" height=\"1200\" \/><\/a>Fonte: <a href=\"https:\/\/actualidad.asturias.es\/-\/el-gobierno-de-asturias-propone-declarar-por-ley-cuatro-jornadas-dedicadas-a-la-bandera-las-instituciones-el-municipalismo-y-las-v%C3%ADctimas-de-la-covid?redirect=%2Fnoticias\">Actualid\u00e1 Asturies<\/a> \/<\/p>\n<ul>\n<li><strong>31 de xineru<\/strong>: <strong><span style=\"color: #008080\">D\u00eda de les Instituciones Asturianes<\/span><\/strong>, coincidiendo cola fecha d&#8217;entrada a valir del Estatutu d&#8217;Autonom\u00eda, el 31 de xineru de 1982.<\/li>\n<li><strong>25 de mayu<\/strong>: <strong><span style=\"color: #008080\">D\u00eda de la Bandera d&#8217;Asturies<\/span><\/strong>. El 25 de mayu de 1808 el pueblu asturianu declar\u00f3 la guerra a Napole\u00f3n pola invasi\u00f3n francesa d&#8217;Espa\u00f1a. Naquella fecha p\u00fasose en marcha la revoluci\u00f3n pol\u00edtica m\u00e1s significativa de la comunid\u00e1.<\/li>\n<\/ul>\n<p>&nbsp;<\/p>\n","protected":false},"excerpt":{"rendered":"<p>Fonte: Actualid\u00e1 Asturies \/ 31 de xineru: D\u00eda de les Instituciones Asturianes, coincidiendo cola fecha d&#8217;entrada a valir del Estatutu d&#8217;Autonom\u00eda, el 31 de xineru de 1982. 25 de mayu: D\u00eda de la Bandera d&#8217;Asturies. El 25 de mayu de 1808 el pueblu asturianu declar\u00f3 la guerra a Napole\u00f3n pola invasi\u00f3n francesa d&#8217;Espa\u00f1a. Naquella fecha [&hellip;]<\/p>\n","protected":false},"author":117,"featured_media":0,"comment_status":"open","ping_status":"open","sticky":false,"template":"","format":"standard","meta":{"footnotes":""},"categories":[452],"tags":[],"class_list":["post-49624","post","type-post","status-publish","format-standard","hentry","category-bandera"],"_links":{"self":[{"href":"https:\/\/edublog.educastur.es\/ixuxu\/wp-json\/wp\/v2\/posts\/49624","targetHints":{"allow":["GET"]}}],"collection":[{"href":"https:\/\/edublog.educastur.es\/ixuxu\/wp-json\/wp\/v2\/posts"}],"about":[{"href":"https:\/\/edublog.educastur.es\/ixuxu\/wp-json\/wp\/v2\/types\/post"}],"author":[{"embeddable":true,"href":"https:\/\/edublog.educastur.es\/ixuxu\/wp-json\/wp\/v2\/users\/117"}],"replies":[{"embeddable":true,"href":"https:\/\/edublog.educastur.es\/ixuxu\/wp-json\/wp\/v2\/comments?post=49624"}],"version-history":[{"count":4,"href":"https:\/\/edublog.educastur.es\/ixuxu\/wp-json\/wp\/v2\/posts\/49624\/revisions"}],"predecessor-version":[{"id":49629,"href":"https:\/\/edublog.educastur.es\/ixuxu\/wp-json\/wp\/v2\/posts\/49624\/revisions\/49629"}],"wp:attachment":[{"href":"https:\/\/edublog.educastur.es\/ixuxu\/wp-json\/wp\/v2\/media?parent=49624"}],"wp:term":[{"taxonomy":"category","embeddable":true,"href":"https:\/\/edublog.educastur.es\/ixuxu\/wp-json\/wp\/v2\/categories?post=49624"},{"taxonomy":"post_tag","embeddable":true,"href":"https:\/\/edublog.educastur.es\/ixuxu\/wp-json\/wp\/v2\/tags?post=49624"}],"curies":[{"name":"wp","href":"https:\/\/api.w.org\/{rel}","templated":true}]}}