{"id":49638,"date":"2025-05-27T12:01:50","date_gmt":"2025-05-27T10:01:50","guid":{"rendered":"https:\/\/edublog.educastur.es\/ixuxu\/?p=49638"},"modified":"2025-05-27T14:35:27","modified_gmt":"2025-05-27T12:35:27","slug":"la-fuelga-educativa-tomo-esti-martes-les-cais","status":"publish","type":"post","link":"https:\/\/edublog.educastur.es\/ixuxu\/2025\/05\/la-fuelga-educativa-tomo-esti-martes-les-cais\/","title":{"rendered":"La fuelga educativa tom\u00f3 esti martes les cais"},"content":{"rendered":"<p>Espina va abrir una mesa de negociaci\u00f3n colos sindicatos: \u00abHai marxe para l&#8217;entendimientu\u00bb. La conseyera d&#8217;Educaci\u00f3n, Lydia Espina mientres la so intervenci\u00f3n na Xunta. La fuelga educativa tom\u00f3 esti martes les cais mientres en see parlamentaria la conseyera d&#8217;Educaci\u00f3n fixo un llamamientu \u201cal aselu\u201d.<\/p>\n<ul>\n<li><a href=\"https:\/\/www.facebook.com\/groups\/157691287628033\">Ver seguimientu<\/a>\/<a href=\"https:\/\/scontent-mad2-1.xx.fbcdn.net\/v\/t39.30808-6\/500499936_122206474460128810_7349860577932022720_n.jpg?_nc_cat=109&amp;ccb=1-7&amp;_nc_sid=aa7b47&amp;_nc_ohc=U4Xc7lI7O38Q7kNvwHY6aw9&amp;_nc_oc=AdlNn6Uybeu5ylDCQhl6oHOG1S91Z-SNTLczM92vJQ6xKltIaf9NzZieLTOoe7ejMMs&amp;_nc_zt=23&amp;_nc_ht=scontent-mad2-1.xx&amp;_nc_gid=GBwvEg-plPqOppNZiJeEWA&amp;oh=00_AfI6paCbY2LYUQUrrwvuBBMVBjyivkJp-q2hvc1ZhDGbfA&amp;oe=683B8D05\">cartelu Fuelga<\/a> \/<\/li>\n<\/ul>\n<p style=\"text-align: center\"><a href=\"https:\/\/estaticos-cdn.prensaiberica.es\/clip\/55152f60-7225-494c-8088-340d408c5581_16-9-discover-aspect-ratio_default_0.webp\"><img loading=\"lazy\" decoding=\"async\" class=\"aligncenter size-large\" src=\"https:\/\/estaticos-cdn.prensaiberica.es\/clip\/55152f60-7225-494c-8088-340d408c5581_16-9-discover-aspect-ratio_default_0.webp\" width=\"1200\" height=\"675\" \/><\/a><\/p>\n<p><!--more--><\/p>\n<p style=\"text-align: center\">\n<!-- iframe plugin v.6.0 wordpress.org\/plugins\/iframe\/ -->\n<iframe loading=\"lazy\" src=\"https:\/\/www.facebook.com\/plugins\/video.php?height=317&#038;href=https%3A%2F%2Fwww.facebook.com%2Freel%2F982354497313255%2F&#038;show_text=false&#038;width=560&#038;t=0\" width=\"560\" height=\"317\" style=\"border:none;overflow:hidden\" scrolling=\"no\" frameborder=\"0\" allowfullscreen=\"true\" allow=\"autoplay; clipboard-write; encrypted-media; picture-in-picture; web-share\" 0=\"\/iframe\" class=\"iframe-class\"><\/iframe>\n<\/p>\n<p style=\"text-align: center\"><span class=\"html-span xexx8yu x4uap5 x18d9i69 xkhd6sd x1hl2dhg x16tdsg8 x1vvkbs x3nfvp2 x1j61x8r x1fcty0u xdj266r xat24cr xgzva0m xhhsvwb xxymvpz xlup9mm x1kky2od\">\n<!-- iframe plugin v.6.0 wordpress.org\/plugins\/iframe\/ -->\n<iframe loading=\"lazy\" src=\"https:\/\/www.instagram.com\/reel\/xxx\/embed\" width=\"640\" height=\"400\" 0=\"\/iframe\" scrolling=\"yes\" class=\"iframe-class\" frameborder=\"0\"><\/iframe>\n<\/span><\/p>\n","protected":false},"excerpt":{"rendered":"<p>Espina va abrir una mesa de negociaci\u00f3n colos sindicatos: \u00abHai marxe para l&#8217;entendimientu\u00bb. La conseyera d&#8217;Educaci\u00f3n, Lydia Espina mientres la so intervenci\u00f3n na Xunta. La fuelga educativa tom\u00f3 esti martes les cais mientres en see parlamentaria la conseyera d&#8217;Educaci\u00f3n fixo un llamamientu \u201cal aselu\u201d. Ver seguimientu\/cartelu Fuelga \/<\/p>\n","protected":false},"author":117,"featured_media":0,"comment_status":"open","ping_status":"open","sticky":false,"template":"","format":"standard","meta":{"footnotes":""},"categories":[451],"tags":[],"class_list":["post-49638","post","type-post","status-publish","format-standard","hentry","category-fuelga"],"_links":{"self":[{"href":"https:\/\/edublog.educastur.es\/ixuxu\/wp-json\/wp\/v2\/posts\/49638","targetHints":{"allow":["GET"]}}],"collection":[{"href":"https:\/\/edublog.educastur.es\/ixuxu\/wp-json\/wp\/v2\/posts"}],"about":[{"href":"https:\/\/edublog.educastur.es\/ixuxu\/wp-json\/wp\/v2\/types\/post"}],"author":[{"embeddable":true,"href":"https:\/\/edublog.educastur.es\/ixuxu\/wp-json\/wp\/v2\/users\/117"}],"replies":[{"embeddable":true,"href":"https:\/\/edublog.educastur.es\/ixuxu\/wp-json\/wp\/v2\/comments?post=49638"}],"version-history":[{"count":5,"href":"https:\/\/edublog.educastur.es\/ixuxu\/wp-json\/wp\/v2\/posts\/49638\/revisions"}],"predecessor-version":[{"id":49643,"href":"https:\/\/edublog.educastur.es\/ixuxu\/wp-json\/wp\/v2\/posts\/49638\/revisions\/49643"}],"wp:attachment":[{"href":"https:\/\/edublog.educastur.es\/ixuxu\/wp-json\/wp\/v2\/media?parent=49638"}],"wp:term":[{"taxonomy":"category","embeddable":true,"href":"https:\/\/edublog.educastur.es\/ixuxu\/wp-json\/wp\/v2\/categories?post=49638"},{"taxonomy":"post_tag","embeddable":true,"href":"https:\/\/edublog.educastur.es\/ixuxu\/wp-json\/wp\/v2\/tags?post=49638"}],"curies":[{"name":"wp","href":"https:\/\/api.w.org\/{rel}","templated":true}]}}