{"id":49647,"date":"2025-05-27T14:44:10","date_gmt":"2025-05-27T12:44:10","guid":{"rendered":"https:\/\/edublog.educastur.es\/ixuxu\/?p=49647"},"modified":"2025-05-27T14:44:10","modified_gmt":"2025-05-27T12:44:10","slug":"el-tortoday-torna-a-la-rexon","status":"publish","type":"post","link":"https:\/\/edublog.educastur.es\/ixuxu\/2025\/05\/el-tortoday-torna-a-la-rexon\/","title":{"rendered":"\u00a1El #TortoDay torna a la rex\u00f3n!"},"content":{"rendered":"<p>Amantes de la cocina asturiana\u2026 \u00a1El #TortoDay torna a la rex\u00f3n! Esti mi\u00e9rcoles La Tabierna Asturiana, en Xix\u00f3n, y Les Tables del Campill\u00edn, n&#8217;Uvi\u00e9u, van ufiertar los sos particulares homenaxes a ese ic\u00f3nico alimentu aut\u00f3ctono, incluyendo men\u00faes tem\u00e1ticos que van poder tastiase hasta&#8217;l 30 de mayu. <a href=\"https:\/\/migijon.com\/amantes-de-la-cocina-asturiana-el-tortoday-regresa-a-la-region\/\">Fonte: MiXix\u00f3n<\/a> \/<\/p>\n<p style=\"text-align: center\"><a href=\"https:\/\/migijon.com\/wp-content\/uploads\/2025\/05\/CARTEL-4.jpg\"><img loading=\"lazy\" decoding=\"async\" class=\"aligncenter \" src=\"https:\/\/migijon.com\/wp-content\/uploads\/2025\/05\/CARTEL-4.jpg\" width=\"574\" height=\"574\" \/><\/a><\/p>\n<p>Asturies ye sin\u00f3nimu de tortos, porque, magar la so aparente simplicid\u00e1, esa humilde masa de ma\u00edz convirti\u00f3se, por m\u00e9ritos m\u00e1s que sobraos, en tou un estandarte de la cocina del Princip\u00e1u.<\/p>\n<p><!--more--><\/p>\n<p>Y, un a\u00f1u m\u00e1s, dos establecimientos hosteleros de la rex\u00f3n van dedicar esti mi\u00e9rcoles el so particular homenaxe conxuntu a esti alimentu. Efectivamente, ma\u00f1ana dambos locales van celebrar la tercer edici\u00f3n del <span style=\"color: #008080\"><strong>#TortoDay<\/strong><\/span>, herederu directu de los m\u00e1s llonxevos #CachopoDay y #PoteDay, y con motivu del cual los veceros van poder tastiar diverses creaciones culinaries col tortu como protagonista com\u00fan.<\/p>\n<p>Como nos dos cites anteriores, La Tabierna Asturiana va ser l&#8217;epicentru d&#8217;esti apueste. Ell\u00ed, una trentena d&#8217;invitaos, venceyaos a \u00e1mbitos como la moda, el deporte, la gastronom\u00eda, los viaxes o la cultura, van axuntase en redol a la mesa para tastiar diverses creaciones ellaboraes en redol al tortu, acompa\u00f1aes de productos locales y, inclusive, de fora de la rex\u00f3n. L&#8217;eventu tami\u00e9n va cuntar cola collaboraci\u00f3n de marques que, am\u00e1s de tar presentes na comunicaci\u00f3n del eventu, van formar parte de la esperiencia f\u00edsica, apurriendo productos o formando parte del men\u00fa como entrante, *maridaje o postre. Por si fora pocu, tantu&#8217;l restor\u00e1n xixon\u00e9s como Les Tables del Campill\u00edn van ufiertar a los sos veceros men\u00faes tem\u00e1ticos, accesibles hasta esti vienres, 30 de mayu.<\/p>\n<p>\u00abQueremos que #TortoDay s\u00eda un homenaxe al productu, a la nuesa tierra y a toles marques qu&#8217;apuesten pol sabor, la identid\u00e1 y el saber faer d&#8217;Asturies\u00bb, destaca <strong>Noelia Solla<\/strong>, promotora d&#8217;esti acontecimientu. Una frase envuelta n&#8217;una nada disimulao allegr\u00eda, y\u00e1 que, ent\u00e1 siendo daqu\u00e9 ayenu al eventu, son dellos los establecimientos aut\u00f3ctonos que t\u00e1n abrazando la idea. <em>\u00abEnc\u00e1ntanos. Tolo que s\u00eda fomentar la gastronom\u00eda del Princip\u00e1u suma, y eso ye daqu\u00e9 que tenemos de valorar\u00bb.<\/em><\/p>\n<p style=\"text-align: center\">\n<!-- iframe plugin v.6.0 wordpress.org\/plugins\/iframe\/ -->\n<iframe loading=\"lazy\" src=\"https:\/\/www.facebook.com\/plugins\/post.php?href=https%3A%2F%2Fwww.facebook.com%2Fisa.lobo.35%2Fposts%2Fpfbid0R5VY8ZMwjxoAH6WD2oFUooAL1RtYAnF6B1bzAZHvmTQnLzRHZq7CfjsK5ZKK4LhEl&#038;show_text=true&#038;width=500\" width=\"500\" height=\"665\" style=\"border:none;overflow:hidden\" scrolling=\"no\" frameborder=\"0\" allowfullscreen=\"true\" allow=\"autoplay; clipboard-write; encrypted-media; picture-in-picture; web-share\" 0=\"\/iframe\" class=\"iframe-class\"><\/iframe>\n<\/p>\n","protected":false},"excerpt":{"rendered":"<p>Amantes de la cocina asturiana\u2026 \u00a1El #TortoDay torna a la rex\u00f3n! Esti mi\u00e9rcoles La Tabierna Asturiana, en Xix\u00f3n, y Les Tables del Campill\u00edn, n&#8217;Uvi\u00e9u, van ufiertar los sos particulares homenaxes a ese ic\u00f3nico alimentu aut\u00f3ctono, incluyendo men\u00faes tem\u00e1ticos que van poder tastiase hasta&#8217;l 30 de mayu. Fonte: MiXix\u00f3n \/ Asturies ye sin\u00f3nimu de tortos, porque, [&hellip;]<\/p>\n","protected":false},"author":117,"featured_media":0,"comment_status":"open","ping_status":"open","sticky":false,"template":"","format":"standard","meta":{"footnotes":""},"categories":[138,6],"tags":[],"class_list":["post-49647","post","type-post","status-publish","format-standard","hentry","category-alimentos","category-dia-de"],"_links":{"self":[{"href":"https:\/\/edublog.educastur.es\/ixuxu\/wp-json\/wp\/v2\/posts\/49647","targetHints":{"allow":["GET"]}}],"collection":[{"href":"https:\/\/edublog.educastur.es\/ixuxu\/wp-json\/wp\/v2\/posts"}],"about":[{"href":"https:\/\/edublog.educastur.es\/ixuxu\/wp-json\/wp\/v2\/types\/post"}],"author":[{"embeddable":true,"href":"https:\/\/edublog.educastur.es\/ixuxu\/wp-json\/wp\/v2\/users\/117"}],"replies":[{"embeddable":true,"href":"https:\/\/edublog.educastur.es\/ixuxu\/wp-json\/wp\/v2\/comments?post=49647"}],"version-history":[{"count":1,"href":"https:\/\/edublog.educastur.es\/ixuxu\/wp-json\/wp\/v2\/posts\/49647\/revisions"}],"predecessor-version":[{"id":49648,"href":"https:\/\/edublog.educastur.es\/ixuxu\/wp-json\/wp\/v2\/posts\/49647\/revisions\/49648"}],"wp:attachment":[{"href":"https:\/\/edublog.educastur.es\/ixuxu\/wp-json\/wp\/v2\/media?parent=49647"}],"wp:term":[{"taxonomy":"category","embeddable":true,"href":"https:\/\/edublog.educastur.es\/ixuxu\/wp-json\/wp\/v2\/categories?post=49647"},{"taxonomy":"post_tag","embeddable":true,"href":"https:\/\/edublog.educastur.es\/ixuxu\/wp-json\/wp\/v2\/tags?post=49647"}],"curies":[{"name":"wp","href":"https:\/\/api.w.org\/{rel}","templated":true}]}}