{"id":49663,"date":"2025-05-28T08:25:57","date_gmt":"2025-05-28T06:25:57","guid":{"rendered":"https:\/\/edublog.educastur.es\/ixuxu\/?p=49663"},"modified":"2025-05-28T10:54:53","modified_gmt":"2025-05-28T08:54:53","slug":"el-tiempu-el-comercio-54","status":"publish","type":"post","link":"https:\/\/edublog.educastur.es\/ixuxu\/2025\/05\/el-tiempu-el-comercio-54\/","title":{"rendered":"El tiempu (El Comercio)"},"content":{"rendered":"<p style=\"text-align: center\"><a href=\"https:\/\/s2.ppllstatics.com\/elcomercio\/www\/multimedia\/2025\/05\/27\/tiempo-asturias-miercoles-ken-U23019047786244wE-1200x840@El%20Comercio.jpg\"><img loading=\"lazy\" decoding=\"async\" class=\"aligncenter size-large\" src=\"https:\/\/s2.ppllstatics.com\/elcomercio\/www\/multimedia\/2025\/05\/27\/tiempo-asturias-miercoles-ken-U23019047786244wE-1200x840@El%20Comercio.jpg\" width=\"1200\" height=\"840\" \/><\/a><\/p>\n<p>La previsi\u00f3n del tiempu n&#8217;Asturies para esti mi\u00e9rcoles apunta a<span style=\"color: #008080\"><strong> un d\u00eda estable en tol Princip\u00e1u<\/strong><\/span>. Los cielos van tar pr\u00e1cticamente estenaos mientres el d\u00eda. A lo sumo, podr\u00eden apaecer delles gurrianes y bancos de borrina a primer hora que van tender a sumir bien r\u00e1pido y, como muncho, a lo llargo de la xornada podr\u00e1n reparase dellos intervalos de nubes altes insignificantes por momentos. <strong><span style=\"color: #008080\">Los vientos<\/span><\/strong> van ser fluexos y variables pela ma\u00f1ana, tendiendo a afitase de nordeste-esti a partir del mediud\u00eda con posibilid\u00e1 de dalguna racha moderada na mari\u00f1a. <strong><span style=\"color: #008080\">Les temperatures m\u00e1ximes<\/span> <\/strong>van xubir de forma xeneralizada ente 2 y 3 \u00baC respectu al martes, ente quevan xubir nel cordal, podr\u00eden baxar un pocu na mari\u00f1a central, y van caltenese ensin cambeos nel restu de la rex\u00f3n.<\/p>\n<p><!--more--><\/p>\n<p><strong><span style=\"color: #008080\">El xueves<\/span> <\/strong>va ser, de lo que llevamos d&#8217;a\u00f1u, el d\u00eda m\u00e1s templ\u00e1u con temperatures que van algamar, ya inclusive van superar, los 30 \u00baC. Los cielos van tar soleyeros anque, pela tarde, van apaecer nubes d&#8217;evoluci\u00f3n. Les m\u00e1ximes van xubir ente 6 y 8 \u00baC en tola Comunid\u00e1 Aut\u00f3noma, ente que les m\u00ednimes van xubir nel suroccidente y na franxa de la mari\u00f1a. Los vientos van predominar de sur nel cordal, y de componente este na mari\u00f1a.<\/p>\n","protected":false},"excerpt":{"rendered":"<p>La previsi\u00f3n del tiempu n&#8217;Asturies para esti mi\u00e9rcoles apunta a un d\u00eda estable en tol Princip\u00e1u. Los cielos van tar pr\u00e1cticamente estenaos mientres el d\u00eda. A lo sumo, podr\u00eden apaecer delles gurrianes y bancos de borrina a primer hora que van tender a sumir bien r\u00e1pido y, como muncho, a lo llargo de la xornada [&hellip;]<\/p>\n","protected":false},"author":117,"featured_media":0,"comment_status":"open","ping_status":"open","sticky":false,"template":"","format":"standard","meta":{"footnotes":""},"categories":[5],"tags":[],"class_list":["post-49663","post","type-post","status-publish","format-standard","hentry","category-tiempu"],"_links":{"self":[{"href":"https:\/\/edublog.educastur.es\/ixuxu\/wp-json\/wp\/v2\/posts\/49663","targetHints":{"allow":["GET"]}}],"collection":[{"href":"https:\/\/edublog.educastur.es\/ixuxu\/wp-json\/wp\/v2\/posts"}],"about":[{"href":"https:\/\/edublog.educastur.es\/ixuxu\/wp-json\/wp\/v2\/types\/post"}],"author":[{"embeddable":true,"href":"https:\/\/edublog.educastur.es\/ixuxu\/wp-json\/wp\/v2\/users\/117"}],"replies":[{"embeddable":true,"href":"https:\/\/edublog.educastur.es\/ixuxu\/wp-json\/wp\/v2\/comments?post=49663"}],"version-history":[{"count":1,"href":"https:\/\/edublog.educastur.es\/ixuxu\/wp-json\/wp\/v2\/posts\/49663\/revisions"}],"predecessor-version":[{"id":49664,"href":"https:\/\/edublog.educastur.es\/ixuxu\/wp-json\/wp\/v2\/posts\/49663\/revisions\/49664"}],"wp:attachment":[{"href":"https:\/\/edublog.educastur.es\/ixuxu\/wp-json\/wp\/v2\/media?parent=49663"}],"wp:term":[{"taxonomy":"category","embeddable":true,"href":"https:\/\/edublog.educastur.es\/ixuxu\/wp-json\/wp\/v2\/categories?post=49663"},{"taxonomy":"post_tag","embeddable":true,"href":"https:\/\/edublog.educastur.es\/ixuxu\/wp-json\/wp\/v2\/tags?post=49663"}],"curies":[{"name":"wp","href":"https:\/\/api.w.org\/{rel}","templated":true}]}}