{"id":49665,"date":"2025-05-27T20:00:36","date_gmt":"2025-05-27T18:00:36","guid":{"rendered":"https:\/\/edublog.educastur.es\/ixuxu\/?p=49665"},"modified":"2025-05-28T12:01:16","modified_gmt":"2025-05-28T10:01:16","slug":"concentracion-de-los-docentes-asturianos-nuvieu","status":"publish","type":"post","link":"https:\/\/edublog.educastur.es\/ixuxu\/2025\/05\/concentracion-de-los-docentes-asturianos-nuvieu\/","title":{"rendered":"Concentraci\u00f3n de los docentes asturianos n&#8217;Uvi\u00e9u."},"content":{"rendered":"<p>El primer paru de los docentes de la ense\u00f1anza p\u00fablica asturiana contra la supresi\u00f3n de la xornada amenorgada balera los colexos y lleva a miles de profesores a les concentraciones n&#8217;Uvi\u00e9u y Xix\u00f3n. \u00abEsto nun ye solo pela hora de xunu, sin\u00f3n por muncho m\u00e1s, por una ense\u00f1anza digna y calidable\u00bb, dicen los sindicatos. L&#8217;asociaci\u00f3n d&#8217;inspectores d&#8217;educaci\u00f3n sofita al profesor\u00e1u d&#8217;Asturies en fuelga. <a href=\"https:\/\/www.elcomercio.es\/asturias\/fotos-huelga-educacion-asturias-concentracion-docentes-oviedo-20250527140821-ga.html#firstImage\">El Comercio<\/a><\/p>\n<p style=\"text-align: center\"><img loading=\"lazy\" decoding=\"async\" class=\"aligncenter size-large\" src=\"https:\/\/s2.ppllstatics.com\/elcomercio\/www\/multimedia\/2025\/05\/27\/protesta-educacion-asturias-oviedo%20(13).jpg\" width=\"1920\" height=\"1280\" \/><\/p>\n<p style=\"text-align: center\"><!--more--><a href=\"https:\/\/s3.ppllstatics.com\/elcomercio\/www\/multimedia\/2025\/05\/27\/concentracion-oviedo-docentes-asturias%20(4).jpg\"><img loading=\"lazy\" decoding=\"async\" class=\"aligncenter \" src=\"https:\/\/s3.ppllstatics.com\/elcomercio\/www\/multimedia\/2025\/05\/27\/concentracion-oviedo-docentes-asturias%20(4).jpg\" width=\"423\" height=\"564\" \/><\/a><\/p>\n<p style=\"text-align: center\"><span class=\"html-span xexx8yu x4uap5 x18d9i69 xkhd6sd x1hl2dhg x16tdsg8 x1vvkbs x3nfvp2 x1j61x8r x1fcty0u xdj266r xat24cr xgzva0m xhhsvwb xxymvpz xlup9mm x1kky2od\">\n<!-- iframe plugin v.6.0 wordpress.org\/plugins\/iframe\/ -->\n<iframe loading=\"lazy\" src=\"https:\/\/www.instagram.com\/reel\/DKJ0TfhMtbs\/embed\" width=\"360\" height=\"520\" 0=\"\/iframe\" scrolling=\"yes\" class=\"iframe-class\" frameborder=\"0\"><\/iframe>\n<\/span><\/p>\n<p>&nbsp;<\/p>\n<p style=\"text-align: center\"><a href=\"https:\/\/s3.ppllstatics.com\/elcomercio\/www\/multimedia\/2025\/05\/27\/concentracion-oviedo-huelga-educacion%20(20).jpg\"><img loading=\"lazy\" decoding=\"async\" class=\"aligncenter size-large\" src=\"https:\/\/s3.ppllstatics.com\/elcomercio\/www\/multimedia\/2025\/05\/27\/concentracion-oviedo-huelga-educacion%20(20).jpg\" width=\"1920\" height=\"1280\" \/><\/a><\/p>\n<p style=\"text-align: center\"><a href=\"https:\/\/s3.ppllstatics.com\/elcomercio\/www\/multimedia\/2025\/05\/27\/concentracion-oviedo-huelga-educacion%20(8).jpg\"><img loading=\"lazy\" decoding=\"async\" class=\"aligncenter size-large\" src=\"https:\/\/s3.ppllstatics.com\/elcomercio\/www\/multimedia\/2025\/05\/27\/concentracion-oviedo-huelga-educacion%20(8).jpg\" width=\"1920\" height=\"1309\" \/><\/a><\/p>\n<p style=\"text-align: center\"><a href=\"https:\/\/s2.ppllstatics.com\/elcomercio\/www\/multimedia\/2025\/05\/27\/concentracion-oviedo-huelga-educacion%20(11).jpg\"><img loading=\"lazy\" decoding=\"async\" class=\"aligncenter size-large\" src=\"https:\/\/s2.ppllstatics.com\/elcomercio\/www\/multimedia\/2025\/05\/27\/concentracion-oviedo-huelga-educacion%20(11).jpg\" width=\"1920\" height=\"1302\" \/><\/a><\/p>\n","protected":false},"excerpt":{"rendered":"<p>El primer paru de los docentes de la ense\u00f1anza p\u00fablica asturiana contra la supresi\u00f3n de la xornada amenorgada balera los colexos y lleva a miles de profesores a les concentraciones n&#8217;Uvi\u00e9u y Xix\u00f3n. \u00abEsto nun ye solo pela hora de xunu, sin\u00f3n por muncho m\u00e1s, por una ense\u00f1anza digna y calidable\u00bb, dicen los sindicatos. L&#8217;asociaci\u00f3n [&hellip;]<\/p>\n","protected":false},"author":117,"featured_media":0,"comment_status":"open","ping_status":"open","sticky":false,"template":"","format":"standard","meta":{"footnotes":""},"categories":[451,1],"tags":[],"class_list":["post-49665","post","type-post","status-publish","format-standard","hentry","category-fuelga","category-sin-categoria"],"_links":{"self":[{"href":"https:\/\/edublog.educastur.es\/ixuxu\/wp-json\/wp\/v2\/posts\/49665","targetHints":{"allow":["GET"]}}],"collection":[{"href":"https:\/\/edublog.educastur.es\/ixuxu\/wp-json\/wp\/v2\/posts"}],"about":[{"href":"https:\/\/edublog.educastur.es\/ixuxu\/wp-json\/wp\/v2\/types\/post"}],"author":[{"embeddable":true,"href":"https:\/\/edublog.educastur.es\/ixuxu\/wp-json\/wp\/v2\/users\/117"}],"replies":[{"embeddable":true,"href":"https:\/\/edublog.educastur.es\/ixuxu\/wp-json\/wp\/v2\/comments?post=49665"}],"version-history":[{"count":6,"href":"https:\/\/edublog.educastur.es\/ixuxu\/wp-json\/wp\/v2\/posts\/49665\/revisions"}],"predecessor-version":[{"id":49667,"href":"https:\/\/edublog.educastur.es\/ixuxu\/wp-json\/wp\/v2\/posts\/49665\/revisions\/49667"}],"wp:attachment":[{"href":"https:\/\/edublog.educastur.es\/ixuxu\/wp-json\/wp\/v2\/media?parent=49665"}],"wp:term":[{"taxonomy":"category","embeddable":true,"href":"https:\/\/edublog.educastur.es\/ixuxu\/wp-json\/wp\/v2\/categories?post=49665"},{"taxonomy":"post_tag","embeddable":true,"href":"https:\/\/edublog.educastur.es\/ixuxu\/wp-json\/wp\/v2\/tags?post=49665"}],"curies":[{"name":"wp","href":"https:\/\/api.w.org\/{rel}","templated":true}]}}