{"id":49692,"date":"2025-05-28T14:24:33","date_gmt":"2025-05-28T12:24:33","guid":{"rendered":"https:\/\/edublog.educastur.es\/ixuxu\/?p=49692"},"modified":"2025-05-28T14:24:33","modified_gmt":"2025-05-28T12:24:33","slug":"asturies-ufierta-38-esperiencies-na-reserva-ecoturista-de-la-espana-verde","status":"publish","type":"post","link":"https:\/\/edublog.educastur.es\/ixuxu\/2025\/05\/asturies-ufierta-38-esperiencies-na-reserva-ecoturista-de-la-espana-verde\/","title":{"rendered":"Asturies ufierta 38 esperiencies na Reserva Ecoturista de la &#8216;Espa\u00f1a Verde&#8217;"},"content":{"rendered":"<div class=\"html-div xdj266r xat24cr x1mh8g0r xexx8yu x4uap5 x18d9i69 xkhd6sd x78zum5 x2lah0s xqtp20y x1emribx\">\n<div class=\"x1vqgdyp x100vrsf\"><\/div>\n<\/div>\n<div class=\"html-div xdj266r x11i5rnm xat24cr x1mh8g0r xexx8yu x4uap5 x18d9i69 xkhd6sd\" dir=\"auto\">\n<div class=\"html-div xdj266r x11i5rnm xat24cr x1mh8g0r xexx8yu x4uap5 x18d9i69 xkhd6sd\" data-ad-rendering-role=\"story_message\">\n<div id=\"\u00abr688\u00bb\" class=\"x1l90r2v x1iorvi4 x1ye3gou xn6708d\" data-ad-comet-preview=\"message\" data-ad-preview=\"message\">\n<div class=\"x78zum5 xdt5ytf xz62fqu x16ldp7u\">\n<div class=\"xu06os2 x1ok221b\">\n<div class=\"html-div xdj266r x11i5rnm xat24cr x1mh8g0r xexx8yu x4uap5 x18d9i69 xkhd6sd\">\n<div class=\"xdj266r x11i5rnm xat24cr x1mh8g0r x1vvkbs x126k92a\">\n<div dir=\"auto\" style=\"text-align: center\"><a href=\"https:\/\/actualidad.asturias.es\/documents\/537115\/2595859\/2025_05_28+Viceconsejera+Turismo+presentaci%C3%B3n+Reserva+Ecoturista+Espa%C3%B1a+Verde+%287%29.jpeg\/92bf2a3e-2458-1c26-5131-dd88b1dd8979?t=1748428634150\"><img loading=\"lazy\" decoding=\"async\" class=\"aligncenter size-large\" src=\"https:\/\/actualidad.asturias.es\/documents\/537115\/2595859\/2025_05_28+Viceconsejera+Turismo+presentaci%C3%B3n+Reserva+Ecoturista+Espa%C3%B1a+Verde+%287%29.jpeg\/92bf2a3e-2458-1c26-5131-dd88b1dd8979?t=1748428634150\" width=\"2000\" height=\"1500\" \/><\/a><\/div>\n<div dir=\"auto\" style=\"text-align: center\"><\/div>\n<div dir=\"auto\">\n<p>Asturies ufierta 38 esperiencies na Reserva Ecoturista de la &#8216;Espa\u00f1a Verde&#8217; qu&#8217;incl\u00fain rutes curties y circuitos nos sos espacios protex\u00edos. El Princip\u00e1u lidera esti proyectu, financi\u00e1u con fondos europeos Next Generation, cola collaboraci\u00f3n de cerca de 400 axentes de la cornisa cant\u00e1brica, cien d&#8217;ellos asturianos. <a href=\"https:\/\/actualidad.asturias.es\/-\/asturias-oferta-38-experiencias-en-la-reserva-ecoturista-de-la-espa%C3%B1a-verde-que-incluyen-desde-rutas-cortas-hasta-circuitos-de-una-semana-en-sus-espacios-protegidos?redirect=%2Fnoticias\">Actualid\u00e1 Asturies<\/a><\/p>\n<p><!--more--><\/p>\n<p>\u2022 La iniciativa busca desestacionalizar el sector y atraer a visitantes internacionales interesaos en naturaleza y sostenibilid\u00e1<\/p>\n<p>El Princip\u00e1u empez\u00f3 a comercializar 38 esperiencies dise\u00f1aes para afayar los espacios naturales protex\u00edos, nel marcu de la Reserva Ecoturista de la Espa\u00f1a Verde. <strong>Esti proyectu constit\u00fai&#8217;l mayor corredor d&#8217;ecoturismu del pa\u00eds y abarca 25 espacios protex\u00edos n&#8217;Asturies, Galicia, Cantabria y Euskadi.<\/strong><\/p>\n<p>Les propuestes incl\u00fain rutes de senderismu para la observaci\u00f3n del osu pardu cant\u00e1bricu, participaci\u00f3n na berrea serondiega, avistamientu d&#8217;aves, interpretaci\u00f3n del h\u00e1bitat del frang\u00fcesos, rutes centraes nel clima y xeoturismo, observaci\u00f3n d&#8217;estrelles, talleres d&#8217;etnograf\u00eda sobro la llana, y visites a queser\u00edes y telares artesanos. Toes estes actividaes dexen al visitante somorguiase nos ecosistemes y tradiciones asturianes, y y\u00e1 pueden acutase al travi\u00e9s del portal oficial: <a href=\"https:\/\/ingreenspain.es\/acuta-ecoturista\/\">https:\/\/ingreenspain.es\/acuta-ecoturista\/<\/a><\/p>\n<p>El llanzamientu oficial de la <span style=\"color: #008080\"><strong>Reserva Ecoturista de la Espa\u00f1a Verde<\/strong> <\/span>celebr\u00f3se g\u00fcei nel Mus\u00e9u Casa de la Moneda de Madrid, cola asistencia de m\u00e1s d&#8217;un centenar de persones. Esti proyectu piloto de turismu sostenible, lider\u00e1u per Asturies y financi\u00e1u con fondos europeos Next Generation, tien como oxetivu asitiar la cornisa cant\u00e1brica como un dest\u00edn internacional pa viaxar ensin prieses (slow travel) xuna forma de turismu m\u00e1s consciente y respetuosa cola redolada.<\/p>\n<p>\u201cLes comunidaes de la Espa\u00f1a Verde non solo compartimos un patrimoniu natural escepcional, sin\u00f3n tami\u00e9n una mesma visi\u00f3n del turismu: m\u00e1s sostenible pa los nuesos recursos y les nueses xentes\u201d, destac\u00f3 la viceconseyera de Turismu, Lara Mart\u00ednez, mientres l&#8217;actu. Nesti sent\u00edu, sorray\u00f3 que&#8217;l prop\u00f3situ ye fomentar un turismu m\u00e1s paus\u00e1u, con menos emisiones y mayor inmersi\u00f3n cultural, que contribuya a fortalecer la econom\u00eda rural y a desestacionalizar l&#8217;activid\u00e1 tur\u00edstica, poniendo en valor el trabayu de los axentes locales.<\/p>\n<p>N&#8217;Asturies, les actividaes<strong> van desenvolvese n&#8217;ocho espacios protex\u00edos, incluyendo los sos siete acutes de la biosfera y la Reserva Natural Parcial de la R\u00eda de Villaviciosa.<\/strong> Nel so dise\u00f1u y puesta en marcha participaron un centenar d&#8217;axentes asturianos \u201483 empreses y 17 entidaes locales\u2014 col respaldu de l&#8217;<span style=\"color: #008080\"><strong>Asociaci\u00f3n d&#8217;Ecoturismo n&#8217;Espa\u00f1a (AEE)<\/strong><\/span>, qu&#8217;imparti\u00f3 siete remanes formatives nel territoriu.<\/p>\n<p>Xuntu con Lara Mart\u00ednez participaron na presentaci\u00f3n representantes institucionales como Miguel Sanz, director xeneral de Turespa\u00f1a; Ana Mu\u00f1oz, directora xeneral de Pol\u00edtiques Tur\u00edstiques; Jakes Agirrezabal, viceconseyeru de Turismu y Comerciu d&#8217;Euskadi; Mar\u00eda Saiz, directora xeneral de Turismu y Hosteler\u00eda de Cantabria; y Jose Manuel Merelles, director de l&#8217;Axencia de Turismu de Galicia.<\/p>\n<p style=\"text-align: center\"><a href=\"https:\/\/actualidad.asturias.es\/documents\/537115\/2595859\/2025_05_28+Viceconsejera+Turismo+presentaci%C3%B3n+Reserva+Ecoturista+Espa%C3%B1a+Verde+%282%29.jpeg\/cc9cf088-8b10-90fd-fb16-e752660e1a36?t=1748428633948\"><img loading=\"lazy\" decoding=\"async\" class=\"aligncenter size-large\" src=\"https:\/\/actualidad.asturias.es\/documents\/537115\/2595859\/2025_05_28+Viceconsejera+Turismo+presentaci%C3%B3n+Reserva+Ecoturista+Espa%C3%B1a+Verde+%282%29.jpeg\/cc9cf088-8b10-90fd-fb16-e752660e1a36?t=1748428633948\" width=\"1946\" height=\"1293\" \/><\/a><\/p>\n<p><strong>Un modelu de collaboraci\u00f3n p\u00fablicu-privada<\/strong><\/p>\n<p>Esti proyectu de gobernanza colaborativa cunt\u00f3 cola implicaci\u00f3n de barganal de 400 axentes: 330 pymes tur\u00edstiques del mediu rural, 55 entidaes locales (conceyos, grupos d&#8217;acci\u00f3n local, xestores d&#8217;espacios protex\u00edos) y cinco alministraciones p\u00fabliques (Turespa\u00f1a y los gobiernos auton\u00f3micos de Galicia, Asturies, Cantabria y Euskadi), so la coordinaci\u00f3n del Princip\u00e1u.<\/p>\n<p><strong>Espa\u00f1a Verde ye la marca tur\u00edstica que xune a estes cuatro comunidaes coles mires de reforzar la so presencia internacional como dest\u00edn de naturaleza, cultura y sostenibilid\u00e1.<\/strong> En xunto, suman 14 reserves de la biosfera, 25 parques naturales, casi 2.000 kil\u00f3metros de mari\u00f1a y 2.800 agospiamientos rurales. La so riqueza ecol\u00f3xico y cultural convierte a esta franxa del norte peninsular n&#8217;unu de los destinos m\u00e1s curiosos d&#8217;Europa pal ecoturismo.<\/p>\n<\/div>\n<\/div>\n<\/div>\n<\/div>\n<\/div>\n<\/div>\n<\/div>\n<\/div>\n<p>&nbsp;<\/p>\n","protected":false},"excerpt":{"rendered":"<p>Asturies ufierta 38 esperiencies na Reserva Ecoturista de la &#8216;Espa\u00f1a Verde&#8217; qu&#8217;incl\u00fain rutes curties y circuitos nos sos espacios protex\u00edos. El Princip\u00e1u lidera esti proyectu, financi\u00e1u con fondos europeos Next Generation, cola collaboraci\u00f3n de cerca de 400 axentes de la cornisa cant\u00e1brica, cien d&#8217;ellos asturianos. Actualid\u00e1 Asturies<\/p>\n","protected":false},"author":117,"featured_media":0,"comment_status":"open","ping_status":"open","sticky":false,"template":"","format":"standard","meta":{"footnotes":""},"categories":[1],"tags":[],"class_list":["post-49692","post","type-post","status-publish","format-standard","hentry","category-sin-categoria"],"_links":{"self":[{"href":"https:\/\/edublog.educastur.es\/ixuxu\/wp-json\/wp\/v2\/posts\/49692","targetHints":{"allow":["GET"]}}],"collection":[{"href":"https:\/\/edublog.educastur.es\/ixuxu\/wp-json\/wp\/v2\/posts"}],"about":[{"href":"https:\/\/edublog.educastur.es\/ixuxu\/wp-json\/wp\/v2\/types\/post"}],"author":[{"embeddable":true,"href":"https:\/\/edublog.educastur.es\/ixuxu\/wp-json\/wp\/v2\/users\/117"}],"replies":[{"embeddable":true,"href":"https:\/\/edublog.educastur.es\/ixuxu\/wp-json\/wp\/v2\/comments?post=49692"}],"version-history":[{"count":1,"href":"https:\/\/edublog.educastur.es\/ixuxu\/wp-json\/wp\/v2\/posts\/49692\/revisions"}],"predecessor-version":[{"id":49693,"href":"https:\/\/edublog.educastur.es\/ixuxu\/wp-json\/wp\/v2\/posts\/49692\/revisions\/49693"}],"wp:attachment":[{"href":"https:\/\/edublog.educastur.es\/ixuxu\/wp-json\/wp\/v2\/media?parent=49692"}],"wp:term":[{"taxonomy":"category","embeddable":true,"href":"https:\/\/edublog.educastur.es\/ixuxu\/wp-json\/wp\/v2\/categories?post=49692"},{"taxonomy":"post_tag","embeddable":true,"href":"https:\/\/edublog.educastur.es\/ixuxu\/wp-json\/wp\/v2\/tags?post=49692"}],"curies":[{"name":"wp","href":"https:\/\/api.w.org\/{rel}","templated":true}]}}