{"id":49703,"date":"2025-05-29T08:30:49","date_gmt":"2025-05-29T06:30:49","guid":{"rendered":"https:\/\/edublog.educastur.es\/ixuxu\/?p=49703"},"modified":"2025-05-29T08:53:35","modified_gmt":"2025-05-29T06:53:35","slug":"sanida-activa-lalerta-por-calor-nasturies-va-ser-el-dia-mas-calorosu-no-que-va-danu","status":"publish","type":"post","link":"https:\/\/edublog.educastur.es\/ixuxu\/2025\/05\/sanida-activa-lalerta-por-calor-nasturies-va-ser-el-dia-mas-calorosu-no-que-va-danu\/","title":{"rendered":"Sanid\u00e1 activa l&#8217;alerta por calor n&#8217;Asturies: va ser el d\u00eda m\u00e1s calorosu no que va d&#8217;a\u00f1u"},"content":{"rendered":"<p style=\"text-align: center\"><a href=\"https:\/\/s2.ppllstatics.com\/elcomercio\/www\/multimedia\/2025\/05\/28\/tiempo-asturias-jueves-calor-kjwG-U23019047786244wE-1200x840@El%20Comercio.jpg\"><img loading=\"lazy\" decoding=\"async\" class=\"aligncenter \" src=\"https:\/\/s2.ppllstatics.com\/elcomercio\/www\/multimedia\/2025\/05\/28\/tiempo-asturias-jueves-calor-kjwG-U23019047786244wE-1200x840@El%20Comercio.jpg\" width=\"907\" height=\"635\" \/><\/a><\/p>\n<p>La previsi\u00f3n del tiempu n&#8217;Asturies para esti xueves <strong>anima a sacar los abanicos.<span style=\"color: #008080\"> Esti 29 de mayu va ser el d\u00eda m\u00e1s calorosu no que va d&#8217;a\u00f1u.<\/span><\/strong> Una masa d&#8217;aire templao va entrar de llenu de forma que consiga xubir les temperatures m\u00e1ximes hasta 8 graos m\u00e1s qu&#8217;esti mi\u00e9rcoles. Prevense 35 graos nel suroccidente y superar los 30 graos nel interior central, situaci\u00f3n que llev\u00f3 a Sanid\u00e1 a activar l&#8217;alerta por calor. Na mari\u00f1a les temperatures, anque igualmente templaes, van ser m\u00e1s moderaes. Les m\u00ednimes van xubir na met\u00e1 norte y van caltenese nel restu.<br \/>\nAlerta de MeteoSalud. <a href=\"https:\/\/x.com\/AEMET_Esp\">https:\/\/x.com\/AEMET_Esp<\/a><\/p>\n<p><!--more--><a href=\"https:\/\/pbs.twimg.com\/media\/GsB1cntWAAAhydB?format=jpg&amp;name=small\"><img loading=\"lazy\" decoding=\"async\" class=\"aligncenter size-large\" src=\"https:\/\/pbs.twimg.com\/media\/GsB1cntWAAAhydB?format=jpg&amp;name=small\" width=\"680\" height=\"513\" \/><\/a><\/p>\n<p>Esti episodiu d&#8217;altes temperatures llev\u00f3 a MeteoSalud, dependiente del Ministeriu de Sanid\u00e1, a activar<span style=\"color: #008080\"><strong> l&#8217;avisu n&#8217;Asturies por calor para los d\u00edes 28, 29 y 30 de mayu<\/strong><\/span>. En concretu, la zona del suroccidente, el cordal y los Picos d&#8217;Europa atopar en riesgu medio (naranxa), ente que la mari\u00f1a occidentan, les cuenques mineres y el centru de la rex\u00f3n t\u00e1n en riesgu baxo (mariellu) y na mari\u00f1a oriental nun s&#8217;esperen temperatures esmolecedores (nivel verde).<\/p>\n","protected":false},"excerpt":{"rendered":"<p>La previsi\u00f3n del tiempu n&#8217;Asturies para esti xueves anima a sacar los abanicos. Esti 29 de mayu va ser el d\u00eda m\u00e1s calorosu no que va d&#8217;a\u00f1u. Una masa d&#8217;aire templao va entrar de llenu de forma que consiga xubir les temperatures m\u00e1ximes hasta 8 graos m\u00e1s qu&#8217;esti mi\u00e9rcoles. Prevense 35 graos nel suroccidente y [&hellip;]<\/p>\n","protected":false},"author":117,"featured_media":0,"comment_status":"open","ping_status":"open","sticky":false,"template":"","format":"standard","meta":{"footnotes":""},"categories":[5],"tags":[],"class_list":["post-49703","post","type-post","status-publish","format-standard","hentry","category-tiempu"],"_links":{"self":[{"href":"https:\/\/edublog.educastur.es\/ixuxu\/wp-json\/wp\/v2\/posts\/49703","targetHints":{"allow":["GET"]}}],"collection":[{"href":"https:\/\/edublog.educastur.es\/ixuxu\/wp-json\/wp\/v2\/posts"}],"about":[{"href":"https:\/\/edublog.educastur.es\/ixuxu\/wp-json\/wp\/v2\/types\/post"}],"author":[{"embeddable":true,"href":"https:\/\/edublog.educastur.es\/ixuxu\/wp-json\/wp\/v2\/users\/117"}],"replies":[{"embeddable":true,"href":"https:\/\/edublog.educastur.es\/ixuxu\/wp-json\/wp\/v2\/comments?post=49703"}],"version-history":[{"count":3,"href":"https:\/\/edublog.educastur.es\/ixuxu\/wp-json\/wp\/v2\/posts\/49703\/revisions"}],"predecessor-version":[{"id":49706,"href":"https:\/\/edublog.educastur.es\/ixuxu\/wp-json\/wp\/v2\/posts\/49703\/revisions\/49706"}],"wp:attachment":[{"href":"https:\/\/edublog.educastur.es\/ixuxu\/wp-json\/wp\/v2\/media?parent=49703"}],"wp:term":[{"taxonomy":"category","embeddable":true,"href":"https:\/\/edublog.educastur.es\/ixuxu\/wp-json\/wp\/v2\/categories?post=49703"},{"taxonomy":"post_tag","embeddable":true,"href":"https:\/\/edublog.educastur.es\/ixuxu\/wp-json\/wp\/v2\/tags?post=49703"}],"curies":[{"name":"wp","href":"https:\/\/api.w.org\/{rel}","templated":true}]}}