{"id":49714,"date":"2025-05-29T10:18:07","date_gmt":"2025-05-29T08:18:07","guid":{"rendered":"https:\/\/edublog.educastur.es\/ixuxu\/?p=49714"},"modified":"2025-05-29T10:23:30","modified_gmt":"2025-05-29T08:23:30","slug":"49714","status":"publish","type":"post","link":"https:\/\/edublog.educastur.es\/ixuxu\/2025\/05\/49714\/","title":{"rendered":"La indignaci\u00f3n de los profes asturianos visti de negru"},"content":{"rendered":"<p><a href=\"https:\/\/estaticos-cdn.prensaiberica.es\/clip\/a383c101-1cd0-4bb0-8b55-ae0cf6dec50c_16-9-discover-aspect-ratio_default_0.webp\"><img loading=\"lazy\" decoding=\"async\" class=\"aligncenter size-large\" src=\"https:\/\/estaticos-cdn.prensaiberica.es\/clip\/a383c101-1cd0-4bb0-8b55-ae0cf6dec50c_16-9-discover-aspect-ratio_default_0.webp\" width=\"1200\" height=\"675\" \/><\/a><\/p>\n<p style=\"text-align: center\">Fonte: <a href=\"https:\/\/www.lne.es\/asturias\/2025\/05\/29\/indignacion-profes-asturianos-viste-negro-117946071.html\">LNE<\/a> \/<\/p>\n<p>&nbsp;<\/p>\n<p>La indignaci\u00f3n de los profes asturianos visti de negru: la hestoria tres la camiseta que trunfa nes protestes. Convirti\u00f3se nun s\u00edmbolu educativu de la nueche al d\u00eda. La camiseta negra cola Cruz de la Victoria nel pechu qu&#8217;estos d\u00edes llucen el profesores nes sos protestes afara nes tiendes d&#8217;impresi\u00f3n asturianes:<em> \u00abDalgunos lleven dos o tr\u00e9s para tener de \u2018quita y pon\u2019\u00bb<\/em>, dicen los comerciantes. Munchos docentes llevar inclusive a clase y otros llucir para pasiar o para dir a la compra. L&#8217;\u00e9situ ye total.<\/p>\n<p><!--more--><br \/>\nLa iniciativa surdi\u00f3 nun grupu de Telegram qu&#8217;una profesora cre\u00f3 va una selmanes y que a d\u00eda de g\u00fcei apigura a casi 2.000 docentes. Unu d&#8217;ellos foi quien propunxo lo de les camisetes negres <em>\u00aben se\u00f1al de llutu pola ense\u00f1anza p\u00fablica\u00bb<\/em>. Nesi momentu daqui\u00e9n intervieno:<em> \u00abNun ta muerta, vamos lluchar\u00bb.<\/em> Y de ende que se a\u00f1edir la Cruz de la Victoria nel centru, cola palabra \u00abEducaci\u00f3n\u00bb debaxo.<\/p>\n<p style=\"text-align: center\"><a href=\"https:\/\/estaticos-cdn.prensaiberica.es\/clip\/a799946b-7ee7-4775-859a-53156afc6335_source-aspect-ratio_default_0.webp\"><img loading=\"lazy\" decoding=\"async\" class=\"aligncenter size-large\" src=\"https:\/\/estaticos-cdn.prensaiberica.es\/clip\/a799946b-7ee7-4775-859a-53156afc6335_source-aspect-ratio_default_0.webp\" width=\"1600\" height=\"992\" \/><\/a><\/p>\n<p>Otru de el profesores cre\u00f3 una imaxe qu&#8217;espubliz\u00f3 en forma de PDF por que cada unu pudiera descargala y llevala a distintos puntos d&#8217;impresi\u00f3n de testiles. Nel centru d&#8217;Uvi\u00e9u, unu de los encargaos de la tienda <strong>Publimas Store<\/strong> sigu\u00eda, a \u00faltima hora de la tarde d&#8217;ayeri, estampando camisetes: \u00abAcaba de dise un grupu de 15, y pela ma\u00f1ana tuvimos otru de 21, van viniendo porque se cuerre la voz\u00bb, comentaba. Nel so casu, el preciu por unid\u00e1 ye de 7,50 euros.<\/p>\n<p>La mec\u00e1nica ye siempres la mesma. Nel local \u00abreature Personalizaci\u00f3n y Dise\u00f1u espliquen que los docentes van con l\u00e1pices de memoria o los unvien al corr\u00e9u la imaxe y ellos enc\u00e1rguense d&#8217;afiguralo na camiseta negra, na talla solicitada.<em> \u00abLa selmana pasada vinieron un par d&#8217;ellos y dende ent\u00f3s tolos d\u00edes faemos unes cuantes\u00bb<\/em>, comenten.<\/p>\n<p>Los precios bazcuyen dende los 5 euros en La Pola Llaviana a los 15 en dalg\u00fan de los puntos de Xix\u00f3n. Y vender comercios locales que se t\u00e1n beneficiando d&#8217;una moda\u00bb que corri\u00f3 como la p\u00f3lvora polos colexos de la rex\u00f3n. <em>\u00abNon solo son les que se lleven pa ellos, tami\u00e9n suelen mercar pa los sos f\u00edos o les sos pareyes\u00bb<\/em>, espliquen los comerciantes. Am\u00e1s, en dellos centros, grupos de docentes decidieron apurrir ellos mesmos les camisetes a los sos compa\u00f1eros previu pagu\u2013.<\/p>\n<p>Pol grupu de Telegram tami\u00e9n s&#8217;unvien mensaxes encamentando los llugares m\u00e1s baratos o los que les preparar con mayor rapidez. Tou por una indumentaria que va pasar a la hestoria por ser el s\u00edmbolu d&#8217;una llucha qu&#8217;inda non se sabe cu\u00e1ntos d\u00edes va durar, pero de la que t\u00e1n siendo partes alumnos, families, profesores&#8230; Y tami\u00e9n, empresarios del testil.<\/p>\n","protected":false},"excerpt":{"rendered":"<p>Fonte: LNE \/ &nbsp; La indignaci\u00f3n de los profes asturianos visti de negru: la hestoria tres la camiseta que trunfa nes protestes. Convirti\u00f3se nun s\u00edmbolu educativu de la nueche al d\u00eda. La camiseta negra cola Cruz de la Victoria nel pechu qu&#8217;estos d\u00edes llucen el profesores nes sos protestes afara nes tiendes d&#8217;impresi\u00f3n asturianes: \u00abDalgunos [&hellip;]<\/p>\n","protected":false},"author":117,"featured_media":0,"comment_status":"open","ping_status":"open","sticky":false,"template":"","format":"standard","meta":{"footnotes":""},"categories":[451],"tags":[],"class_list":["post-49714","post","type-post","status-publish","format-standard","hentry","category-fuelga"],"_links":{"self":[{"href":"https:\/\/edublog.educastur.es\/ixuxu\/wp-json\/wp\/v2\/posts\/49714","targetHints":{"allow":["GET"]}}],"collection":[{"href":"https:\/\/edublog.educastur.es\/ixuxu\/wp-json\/wp\/v2\/posts"}],"about":[{"href":"https:\/\/edublog.educastur.es\/ixuxu\/wp-json\/wp\/v2\/types\/post"}],"author":[{"embeddable":true,"href":"https:\/\/edublog.educastur.es\/ixuxu\/wp-json\/wp\/v2\/users\/117"}],"replies":[{"embeddable":true,"href":"https:\/\/edublog.educastur.es\/ixuxu\/wp-json\/wp\/v2\/comments?post=49714"}],"version-history":[{"count":3,"href":"https:\/\/edublog.educastur.es\/ixuxu\/wp-json\/wp\/v2\/posts\/49714\/revisions"}],"predecessor-version":[{"id":49720,"href":"https:\/\/edublog.educastur.es\/ixuxu\/wp-json\/wp\/v2\/posts\/49714\/revisions\/49720"}],"wp:attachment":[{"href":"https:\/\/edublog.educastur.es\/ixuxu\/wp-json\/wp\/v2\/media?parent=49714"}],"wp:term":[{"taxonomy":"category","embeddable":true,"href":"https:\/\/edublog.educastur.es\/ixuxu\/wp-json\/wp\/v2\/categories?post=49714"},{"taxonomy":"post_tag","embeddable":true,"href":"https:\/\/edublog.educastur.es\/ixuxu\/wp-json\/wp\/v2\/tags?post=49714"}],"curies":[{"name":"wp","href":"https:\/\/api.w.org\/{rel}","templated":true}]}}