{"id":49792,"date":"2025-05-30T08:30:46","date_gmt":"2025-05-30T06:30:46","guid":{"rendered":"https:\/\/edublog.educastur.es\/ixuxu\/?p=49792"},"modified":"2025-05-30T12:22:54","modified_gmt":"2025-05-30T10:22:54","slug":"estau-del-tiempu-vienres-30-mayu","status":"publish","type":"post","link":"https:\/\/edublog.educastur.es\/ixuxu\/2025\/05\/estau-del-tiempu-vienres-30-mayu\/","title":{"rendered":"Est\u00e1u del tiempu: vienres 30 mayu"},"content":{"rendered":"<div class=\"html-div xdj266r xat24cr x1mh8g0r xexx8yu x4uap5 x18d9i69 xkhd6sd x78zum5 x2lah0s xqtp20y x1emribx\"><\/div>\n<div class=\"html-div xdj266r x11i5rnm xat24cr x1mh8g0r xexx8yu x4uap5 x18d9i69 xkhd6sd x1iyjqo2 xeuugli\">\n<div class=\"x78zum5 xdt5ytf xz62fqu x16ldp7u\">\n<div class=\"xu06os2 x1ok221b\">\n<div class=\"html-div xdj266r x11i5rnm xat24cr x1mh8g0r xexx8yu x4uap5 x18d9i69 xkhd6sd\" data-ad-rendering-role=\"profile_name\">\n<ul>\n<li id=\"\u00abria\u00bb\" class=\"html-h2 x11i5rnm xat24cr x1mh8g0r xexx8yu x4uap5 x18d9i69 xkhd6sd x1vvkbs x1heor9g x1qlqyl8 x1pd3egz x1a2a7pz x1gslohp x1yc453h\"><span class=\"xt0psk2\"><span class=\"xjp7ctv\"><a class=\"x1i10hfl xjbqb8w x1ejq31n xd10rxx x1sy0etr x17r0tee x972fbf xcfux6l x1qhh985 xm0m39n x9f619 x1ypdohk xt0psk2 xe8uvvx xdj266r x11i5rnm xat24cr x1mh8g0r xexx8yu x4uap5 x18d9i69 xkhd6sd x16tdsg8 x1hl2dhg xggy1nq x1a2a7pz xkrqix3 x1sur9pj xzsf02u x1s688f\" role=\"link\" href=\"https:\/\/www.facebook.com\/eltiempuenasturies?__cft__[0]=AZUBOPw6kK6OnRiCPNFs0xTFx9P6l5Dl6SnsDLDzfqYVDc5k45jz6jS3grsCvhBLkRmSUDvwfOggBRrVMXU0DP0eOvAQtb9Ub-m-jKW_MTAMxr3YYilO57K_fuFpoH8YcE10uud5a_2OY6Ybl9TfQN8YbmO6Rw7JHpAXwDccIiIEZRgajgmHND5zcrgfAwXn0vjr5Mh5_-h-py9U4VvcFyiR&amp;__tn__=-UC%2CP-R\"><strong class=\"html-strong xdj266r x11i5rnm xat24cr x1mh8g0r xexx8yu x4uap5 x18d9i69 xkhd6sd x1hl2dhg x16tdsg8 x1vvkbs x1s688f\"><span class=\"html-span xdj266r x11i5rnm xat24cr x1mh8g0r xexx8yu x4uap5 x18d9i69 xkhd6sd x1hl2dhg x16tdsg8 x1vvkbs\">El Tiempu n&#8217;Asturies.<\/span><\/strong><\/a><\/span><\/span><\/li>\n<\/ul>\n<\/div>\n<\/div>\n<\/div>\n<\/div>\n<div class=\"html-div xdj266r x11i5rnm xat24cr x1mh8g0r xexx8yu x4uap5 x18d9i69 xkhd6sd\" dir=\"auto\">\n<div class=\"html-div xdj266r x11i5rnm xat24cr x1mh8g0r xexx8yu x4uap5 x18d9i69 xkhd6sd\" data-ad-rendering-role=\"story_message\">\n<div id=\"\u00abric\u00bb\" class=\"x1l90r2v x1iorvi4 x1ye3gou xn6708d\" data-ad-comet-preview=\"message\" data-ad-preview=\"message\">\n<div class=\"x78zum5 xdt5ytf xz62fqu x16ldp7u\">\n<div class=\"xu06os2 x1ok221b\">\n<div class=\"html-div xdj266r x11i5rnm xat24cr x1mh8g0r xexx8yu x4uap5 x18d9i69 xkhd6sd\">\n<div class=\"x11i5rnm xat24cr x1mh8g0r x1vvkbs xtlvy1s x126k92a\">\n<ul>\n<li dir=\"auto\"><strong><span style=\"color: #008080\">Alborecemos<\/span><\/strong> con nubes de desendolque na fastera oriental d&#8217;Asturies y medrando tami\u00e9n al sur de la cordelera ocidental, am\u00e1s de delles nublines y borrinos na fastera central con unes temperatures que tan alrodiu de los 17\u00baC, rexistr\u00e1ndose nel puirtu Payares 16,9\u00baC.<\/li>\n<\/ul>\n<\/div>\n<div class=\"x11i5rnm xat24cr x1mh8g0r x1vvkbs xtlvy1s x126k92a\">\n<ul>\n<li dir=\"auto\"><strong><span style=\"color: #008080\">G\u00fcei<\/span> <\/strong>van dir dixebr\u00e1ndose durante la ma\u00f1ana los borrinos del alborecer asina como les nubes de desendolque que medraron durante&#8217;l riscar, pa dexanos unes hores centrales del d\u00eda con escasa nubosid\u00e1 y sol asgaya, asina y too les temperatures m\u00e1simes descender\u00e1n moderadamente ya normalizaranse con m\u00e1simes que malpenes algamar\u00e1n los 25\u00baC.<\/li>\n<li dir=\"auto\"><strong><span style=\"color: #008080\">Durante la tarde<\/span><\/strong> dir\u00e1n desendolc\u00e1ndose les nubes de nuevu de suroeste a noreste con tronaes na fastera centru-oriental d&#8217;Asturies que podr\u00e1n venir acompangaes d&#8217;aparatu ell\u00e9utricu. L&#8217;aire sedr\u00e1 sele ya variable con raches moderaes en zones de tormenta.<\/li>\n<\/ul>\n<p><!--more--><\/p>\n<\/div>\n<div class=\"x11i5rnm xat24cr x1mh8g0r x1vvkbs xtlvy1s x126k92a\">\n<ul>\n<li dir=\"auto\"><strong><span style=\"color: #008080\">Ma\u00f1ana s\u00e1badu<\/span> <\/strong>vamos tener nubosid\u00e1 baxa principalmente cola posibilid\u00e1 de dalgo d&#8217;orp\u00edn nes zones m\u00e1s favoretibles con vientu de componente norte que fadr\u00e1 que baxen les temperatures.<\/li>\n<\/ul>\n<\/div>\n<div class=\"x11i5rnm xat24cr x1mh8g0r x1vvkbs xtlvy1s x126k92a\">\n<ul>\n<li dir=\"auto\"><strong><span style=\"color: #008080\">Y el domingu y llunes<\/span><\/strong> la nubosid\u00e1 sedr\u00e1 abondosa con precipitaciones febles xeneralizaes a partir del domingu pela tarde en forma d&#8217;orp\u00edn u orbayos con un descensu bultable de les temperatures.<\/li>\n<\/ul>\n<\/div>\n<\/div>\n<\/div>\n<\/div>\n<\/div>\n<\/div>\n<\/div>\n<p>&nbsp;<\/p>\n","protected":false},"excerpt":{"rendered":"<p>El Tiempu n&#8217;Asturies. Alborecemos con nubes de desendolque na fastera oriental d&#8217;Asturies y medrando tami\u00e9n al sur de la cordelera ocidental, am\u00e1s de delles nublines y borrinos na fastera central con unes temperatures que tan alrodiu de los 17\u00baC, rexistr\u00e1ndose nel puirtu Payares 16,9\u00baC. G\u00fcei van dir dixebr\u00e1ndose durante la ma\u00f1ana los borrinos del alborecer [&hellip;]<\/p>\n","protected":false},"author":117,"featured_media":0,"comment_status":"open","ping_status":"open","sticky":false,"template":"","format":"standard","meta":{"footnotes":""},"categories":[5],"tags":[],"class_list":["post-49792","post","type-post","status-publish","format-standard","hentry","category-tiempu"],"_links":{"self":[{"href":"https:\/\/edublog.educastur.es\/ixuxu\/wp-json\/wp\/v2\/posts\/49792","targetHints":{"allow":["GET"]}}],"collection":[{"href":"https:\/\/edublog.educastur.es\/ixuxu\/wp-json\/wp\/v2\/posts"}],"about":[{"href":"https:\/\/edublog.educastur.es\/ixuxu\/wp-json\/wp\/v2\/types\/post"}],"author":[{"embeddable":true,"href":"https:\/\/edublog.educastur.es\/ixuxu\/wp-json\/wp\/v2\/users\/117"}],"replies":[{"embeddable":true,"href":"https:\/\/edublog.educastur.es\/ixuxu\/wp-json\/wp\/v2\/comments?post=49792"}],"version-history":[{"count":3,"href":"https:\/\/edublog.educastur.es\/ixuxu\/wp-json\/wp\/v2\/posts\/49792\/revisions"}],"predecessor-version":[{"id":49836,"href":"https:\/\/edublog.educastur.es\/ixuxu\/wp-json\/wp\/v2\/posts\/49792\/revisions\/49836"}],"wp:attachment":[{"href":"https:\/\/edublog.educastur.es\/ixuxu\/wp-json\/wp\/v2\/media?parent=49792"}],"wp:term":[{"taxonomy":"category","embeddable":true,"href":"https:\/\/edublog.educastur.es\/ixuxu\/wp-json\/wp\/v2\/categories?post=49792"},{"taxonomy":"post_tag","embeddable":true,"href":"https:\/\/edublog.educastur.es\/ixuxu\/wp-json\/wp\/v2\/tags?post=49792"}],"curies":[{"name":"wp","href":"https:\/\/api.w.org\/{rel}","templated":true}]}}