{"id":49795,"date":"2025-05-30T08:40:36","date_gmt":"2025-05-30T06:40:36","guid":{"rendered":"https:\/\/edublog.educastur.es\/ixuxu\/?p=49795"},"modified":"2025-05-30T10:20:14","modified_gmt":"2025-05-30T08:20:14","slug":"49795","status":"publish","type":"post","link":"https:\/\/edublog.educastur.es\/ixuxu\/2025\/05\/49795\/","title":{"rendered":"El tiempu (El Comerciu)"},"content":{"rendered":"<p style=\"text-align: center\"><a href=\"https:\/\/s2.ppllstatics.com\/elcomercio\/www\/multimedia\/2025\/05\/29\/tiempo-asturias-viernes-30-mayo-k0HE-U2301925885460YrG-1920x1344@El%20Comercio.jpg\"><img loading=\"lazy\" decoding=\"async\" class=\"aligncenter size-large\" src=\"https:\/\/s2.ppllstatics.com\/elcomercio\/www\/multimedia\/2025\/05\/29\/tiempo-asturias-viernes-30-mayo-k0HE-U2301925885460YrG-1920x1344@El%20Comercio.jpg\" width=\"1920\" height=\"1344\" \/><\/a><\/p>\n<p>El xueves, tal que taba previstu, rexistremos n&#8217;Asturies unes temperatures totalmente an\u00f3males m\u00e1s propies del mes de xunetu que de finales de mayu. D&#8217;esta forma, foi&#8217;l d\u00eda m\u00e1s templ\u00e1u de lo que va d&#8217;a\u00f1u. En Tin\u00e9u anot\u00e1ronse 35,5 \u00baC, en Mieres y en L.lena 34 \u00baC. En munches poblaciones del interior algamaron los 30 \u00baC y ye el casu tami\u00e9n d&#8217;Uvi\u00e9u onde se llegaron a rexistrar 31,4 \u00baC. En zones costeres, les temperatures tami\u00e9n fueron templaes pero non tan intenses.<\/p>\n<p><!--more--><\/p>\n<p>Esti vienres les m\u00e1ximes van baxar hasta 5 o 6 \u00baC. Poro, ent\u00e1 va haber localidaes que ronden los 30 \u00baC, pero en munches otres y\u00e1 nun van consiguir pasar de los 25 o 26 \u00baC. Am\u00e1s, prevese nubosid\u00e1 d&#8217;evoluci\u00f3n con bastios que podr\u00eden aportar a localmente fuertes pero irregularmente part\u00edos. Estos bastios van poder venir acompa\u00f1aos de nube y raches fuertes de vientu localmente. L&#8217;Axencia Estatal de Meteorolox\u00eda va activar l&#8217;avisu mariellu por diches nubes. Les temperatures van siguir baxando&#8217;l s\u00e1badu y, sobremanera, el domingu cuando va ser dif\u00edcil superar los 20 \u00baC na mayor parte del Princip\u00e1u.<\/p>\n","protected":false},"excerpt":{"rendered":"<p>El xueves, tal que taba previstu, rexistremos n&#8217;Asturies unes temperatures totalmente an\u00f3males m\u00e1s propies del mes de xunetu que de finales de mayu. D&#8217;esta forma, foi&#8217;l d\u00eda m\u00e1s templ\u00e1u de lo que va d&#8217;a\u00f1u. En Tin\u00e9u anot\u00e1ronse 35,5 \u00baC, en Mieres y en L.lena 34 \u00baC. En munches poblaciones del interior algamaron los 30 \u00baC [&hellip;]<\/p>\n","protected":false},"author":117,"featured_media":0,"comment_status":"open","ping_status":"open","sticky":false,"template":"","format":"standard","meta":{"footnotes":""},"categories":[5],"tags":[],"class_list":["post-49795","post","type-post","status-publish","format-standard","hentry","category-tiempu"],"_links":{"self":[{"href":"https:\/\/edublog.educastur.es\/ixuxu\/wp-json\/wp\/v2\/posts\/49795","targetHints":{"allow":["GET"]}}],"collection":[{"href":"https:\/\/edublog.educastur.es\/ixuxu\/wp-json\/wp\/v2\/posts"}],"about":[{"href":"https:\/\/edublog.educastur.es\/ixuxu\/wp-json\/wp\/v2\/types\/post"}],"author":[{"embeddable":true,"href":"https:\/\/edublog.educastur.es\/ixuxu\/wp-json\/wp\/v2\/users\/117"}],"replies":[{"embeddable":true,"href":"https:\/\/edublog.educastur.es\/ixuxu\/wp-json\/wp\/v2\/comments?post=49795"}],"version-history":[{"count":3,"href":"https:\/\/edublog.educastur.es\/ixuxu\/wp-json\/wp\/v2\/posts\/49795\/revisions"}],"predecessor-version":[{"id":49803,"href":"https:\/\/edublog.educastur.es\/ixuxu\/wp-json\/wp\/v2\/posts\/49795\/revisions\/49803"}],"wp:attachment":[{"href":"https:\/\/edublog.educastur.es\/ixuxu\/wp-json\/wp\/v2\/media?parent=49795"}],"wp:term":[{"taxonomy":"category","embeddable":true,"href":"https:\/\/edublog.educastur.es\/ixuxu\/wp-json\/wp\/v2\/categories?post=49795"},{"taxonomy":"post_tag","embeddable":true,"href":"https:\/\/edublog.educastur.es\/ixuxu\/wp-json\/wp\/v2\/tags?post=49795"}],"curies":[{"name":"wp","href":"https:\/\/api.w.org\/{rel}","templated":true}]}}