{"id":49798,"date":"2025-05-30T10:10:12","date_gmt":"2025-05-30T08:10:12","guid":{"rendered":"https:\/\/edublog.educastur.es\/ixuxu\/?p=49798"},"modified":"2025-05-30T10:27:23","modified_gmt":"2025-05-30T08:27:23","slug":"49798","status":"publish","type":"post","link":"https:\/\/edublog.educastur.es\/ixuxu\/2025\/05\/49798\/","title":{"rendered":"Sobro la fotograf\u00eda&#8230;"},"content":{"rendered":"<p style=\"text-align: center\"><span style=\"color: #008080\"><em>\u00abLa fotograf\u00eda ye siempres un documento\u00bb<\/em><\/span><\/p>\n<p style=\"text-align: center\"><a href=\"https:\/\/s1.ppllstatics.com\/elcomercio\/www\/multimedia\/2025\/05\/29\/105457946-klqE--1200x840@El%20Comercio.jpg\"><img loading=\"lazy\" decoding=\"async\" class=\"aligncenter size-large\" src=\"https:\/\/s1.ppllstatics.com\/elcomercio\/www\/multimedia\/2025\/05\/29\/105457946-klqE--1200x840@El%20Comercio.jpg\" width=\"1200\" height=\"840\" \/><\/a><\/p>\n<ul>\n<li style=\"text-align: left\">Graciela Iturbide: \u00abYo nam\u00e1s cam\u00edn pola cai, ll\u00e1teme&#8217;l coraz\u00f3n y d\u00e9xome llevar\u00bb, asegura la premiada col Princesa de les Artes sobro c\u00f3mo naz la so obra.<\/li>\n<\/ul>\n<p><!--more--><\/p>\n<p style=\"text-align: center\">\n<!-- iframe plugin v.6.0 wordpress.org\/plugins\/iframe\/ -->\n<iframe loading=\"lazy\" src=\"https:\/\/www.facebook.com\/plugins\/post.php?href=https%3A%2F%2Fwww.facebook.com%2Fmonitorpoliticochiapas%2Fposts%2Fpfbid02WFAapQ1m7Qr1jSWsJAekqyhGh8JT1VrvczMDZcdrvYjbCW6cvUMrrc1baPKwWQwel&#038;show_text=false&#038;width=500\" width=\"500\" height=\"497\" style=\"border:none;overflow:hidden\" scrolling=\"no\" frameborder=\"0\" allowfullscreen=\"true\" allow=\"autoplay; clipboard-write; encrypted-media; picture-in-picture; web-share\" 0=\"\/iframe\" class=\"iframe-class\"><\/iframe>\n<\/p>\n<p style=\"text-align: center\"><strong>\u00a1PRIMER FOT\u00d3GRAFA EN LLOGRALO!<\/strong><\/p>\n<p>Graciela Iturbide foi galardonada col Premiu Princesa d&#8217;Asturies de les Artes; ye celebrada por captar la maxa y complexid\u00e1 de la cotidianid\u00e1 en M\u00e9xico.<\/p>\n<p>La fot\u00f3grafa mexicana Graciela Iturbide foi galardonada col Premiu Princesa d&#8217;Asturies de les Artes 2025, unu de les reconocencies m\u00e1s prestixoses del \u00e1mbitu cultural internacional. El xur\u00e1u del galard\u00f3n destac\u00f3 la so mirada innovador y dotao d&#8217;una estraordinaria fondura art\u00edstica, seg\u00fan la so contribuci\u00f3n decisiva al arte fotogr\u00e1fico dende una perspectiva que combina sensibilid\u00e1, simbolismu y documentaci\u00f3n social.<\/p>\n<p>Con esti premiu, la Fundaci\u00f3n Princesa d&#8217;Asturies reconoz la obra de toa una vida dedicada a la fotograf\u00eda en blancu y negru, tantu na so aguada anal\u00f3xica como nel so di\u00e1logu cola era dixital. Iturbide, nacida en Ciud\u00e1 de M\u00e9xico en 1942, desenvolvi\u00f3 una carrera caracterizada pola esploraci\u00f3n del M\u00e9xico fondu, la riqueza de les sos cultures orixinaries y la tensi\u00f3n ente lo ancestral y lo moderno.<\/p>\n<p>&nbsp;<\/p>\n","protected":false},"excerpt":{"rendered":"<p>\u00abLa fotograf\u00eda ye siempres un documento\u00bb Graciela Iturbide: \u00abYo nam\u00e1s cam\u00edn pola cai, ll\u00e1teme&#8217;l coraz\u00f3n y d\u00e9xome llevar\u00bb, asegura la premiada col Princesa de les Artes sobro c\u00f3mo naz la so obra.<\/p>\n","protected":false},"author":117,"featured_media":0,"comment_status":"open","ping_status":"open","sticky":false,"template":"","format":"standard","meta":{"footnotes":""},"categories":[56,28],"tags":[],"class_list":["post-49798","post","type-post","status-publish","format-standard","hentry","category-fotografia","category-premios-princesa-da"],"_links":{"self":[{"href":"https:\/\/edublog.educastur.es\/ixuxu\/wp-json\/wp\/v2\/posts\/49798","targetHints":{"allow":["GET"]}}],"collection":[{"href":"https:\/\/edublog.educastur.es\/ixuxu\/wp-json\/wp\/v2\/posts"}],"about":[{"href":"https:\/\/edublog.educastur.es\/ixuxu\/wp-json\/wp\/v2\/types\/post"}],"author":[{"embeddable":true,"href":"https:\/\/edublog.educastur.es\/ixuxu\/wp-json\/wp\/v2\/users\/117"}],"replies":[{"embeddable":true,"href":"https:\/\/edublog.educastur.es\/ixuxu\/wp-json\/wp\/v2\/comments?post=49798"}],"version-history":[{"count":6,"href":"https:\/\/edublog.educastur.es\/ixuxu\/wp-json\/wp\/v2\/posts\/49798\/revisions"}],"predecessor-version":[{"id":49810,"href":"https:\/\/edublog.educastur.es\/ixuxu\/wp-json\/wp\/v2\/posts\/49798\/revisions\/49810"}],"wp:attachment":[{"href":"https:\/\/edublog.educastur.es\/ixuxu\/wp-json\/wp\/v2\/media?parent=49798"}],"wp:term":[{"taxonomy":"category","embeddable":true,"href":"https:\/\/edublog.educastur.es\/ixuxu\/wp-json\/wp\/v2\/categories?post=49798"},{"taxonomy":"post_tag","embeddable":true,"href":"https:\/\/edublog.educastur.es\/ixuxu\/wp-json\/wp\/v2\/tags?post=49798"}],"curies":[{"name":"wp","href":"https:\/\/api.w.org\/{rel}","templated":true}]}}