{"id":49824,"date":"2025-05-30T12:03:38","date_gmt":"2025-05-30T10:03:38","guid":{"rendered":"https:\/\/edublog.educastur.es\/ixuxu\/?p=49824"},"modified":"2025-06-01T18:22:46","modified_gmt":"2025-06-01T16:22:46","slug":"49824","status":"publish","type":"post","link":"https:\/\/edublog.educastur.es\/ixuxu\/2025\/05\/49824\/","title":{"rendered":"La ense\u00f1anza asturiana sigue adelantre cola fuelga indefinida"},"content":{"rendered":"<p style=\"text-align: center\"><a href=\"https:\/\/s1.ppllstatics.com\/elcomercio\/www\/multimedia\/2025\/05\/30\/huelga-educacion-asturias-kZeH-U2301932268273uoH-1200x840@El%20Comercio.jpg\"><img loading=\"lazy\" decoding=\"async\" class=\"aligncenter size-large\" src=\"https:\/\/s1.ppllstatics.com\/elcomercio\/www\/multimedia\/2025\/05\/30\/huelga-educacion-asturias-kZeH-U2301932268273uoH-1200x840@El%20Comercio.jpg\" width=\"1195\" height=\"839\" \/><\/a><\/p>\n<p>La ense\u00f1anza asturiana sigue adelantre cola fuelga indefinida: \u00abLa propuesta d&#8217;Educaci\u00f3n ye una vergo\u00f1a\u00bb. Los sindicatos afirmen qu&#8217;Educaci\u00f3n nun present\u00f3 nenguna propuesta seria\u00bb na mesa de negociaci\u00f3n, qu&#8217;abandonaron, y van siguir colos paros y la manifestaci\u00f3n convocada para esti domingu. <a href=\"https:\/\/www.lne.es\/asturias\/2025\/05\/30\/sindicatos-educativos-levantan-mesa-negociacion-118020015.html\">LNE<\/a> \/ <a href=\"https:\/\/www.elcomercio.es\/asturias\/ensenanza-sigue-adelante-huelga-indefinida-asturias-20250530105546-nt.html\">El Comercio<\/a> \/<\/p>\n<p><!--more--><\/p>\n<p style=\"text-align: center\"><a href=\"https:\/\/estaticos-cdn.prensaiberica.es\/clip\/87247c2d-97e3-44f5-b94c-cbbf9c51f44e_16-9-discover-aspect-ratio_default_0.webp\"><img loading=\"lazy\" decoding=\"async\" class=\"aligncenter size-large\" src=\"https:\/\/estaticos-cdn.prensaiberica.es\/clip\/87247c2d-97e3-44f5-b94c-cbbf9c51f44e_16-9-discover-aspect-ratio_default_0.webp\" width=\"1200\" height=\"675\" \/><\/a><\/p>\n<p>Los sindicatos ANPE, CCOO, SUATEA, UXT y CSIF abandonaron la mesa de negociaci\u00f3n d&#8217;esti vienres cola conseyera d&#8217;Educaci\u00f3n, Lydia Espina, a la qu&#8217;allegaren xuntos coles mires de que&#8217;l Gobiernu d&#8217;Asturies atienda les sos reivindicaciones sobro equiparaci\u00f3n salarial, atenci\u00f3n a la diversid\u00e1 y amenorgamientu de burocracia, ente otres cuestiones.<\/p>\n<p>El secretariu xeneral del sindicatu d&#8217;Ense\u00f1anza de CCOO d&#8217;Asturies, Borja Llorente, foi l&#8217;encarg\u00e1u d&#8217;anunciar a los docentes concentraos a les puertes del edificiu Easmu qu&#8217;esperen a que rematara la xunta, les mid\u00edes del Gobiernu asturianu.<\/p>\n<p>\u00abLa negociaci\u00f3n trai una propuesta que nun ye seria. Ufierten unes poques places de Pedagox\u00eda Terap\u00e9utica y Audici\u00f3n y Llinguaxe, un complementu de 58 euros, un calendariu de negociaci\u00f3n para los mayores de 55 &#8211;non l&#8217;aplicaci\u00f3n, sin\u00f3n la negociaci\u00f3n&#8211; y pocu m\u00e1s\u00bb, esplic\u00f3.<\/p>\n<p>Los sindicatos, seg\u00fan detall\u00f3 Llorente, <strong><em>\u00abllevant\u00e1monos y dex\u00e1mosla cola palabra na boca\u00bb<\/em><\/strong>. Tres les sos declaraciones, les decenes de docentes concenctrados g\u00fcei n&#8217;Uvi\u00e9u empezaron a glayar<em> \u00abLydia, dimisi\u00f3n\u00bb<\/em>. Los docentes aseguren que la propuesta ye \u00abuna verg\u00fcenza\u00bb y que los reprenstantes pol\u00edticos \u00abnun viven na realid\u00e1\u00bb.<\/p>\n<p>Les fuerces sindicales fixeron un llamamientu a la comunid\u00e1 educativa para llograr una manifestaci\u00f3n \u00abhist\u00f3rica\u00bb esti domingu, 1 de xunu, n&#8217;Uvi\u00e9u. Va Ser a les 12.00 hores, con salida de la estaci\u00f3n de Renfe y llegada a la Plaza de la Escandalera.<\/p>\n<p><strong>La protesta radical\u00edzase<\/strong><\/p>\n<p>CCOO, UXT, SUATEA y CSIF alcordaron esti martes \u00abradicalizar\u00bb les movilizaciones tan solo unes hores dempu\u00e9s de qu&#8217;Adri\u00e1n Barb\u00f3n corrixera a Lydia Epina al anunciar na Xunta Xeneral qu&#8217;el so Gobiernu va dar marcha tras y va recuperar la xornada amenorgada en xunu y setiembre. Una midida indispensable por que los sindicatos reabrieren les negociaciones y que nun dexaren \u00abla mesa vacida\u00bb, pero que pa nada avera&#8217;l final del conflictu.<\/p>\n<p><strong>Duldes llegales en redol a la promesa de Barb\u00f3n sobro la xornada amenorgada<\/strong><\/p>\n<p><em>\u00abSi nun traen y\u00e1 xuna propuesta econ\u00f3mica seria, la fuelga indefinida ye un fechu. Empieza&#8217;l llunes y vamos llegar hasta onde haya que llegar\u00bb<\/em>, anunciaron va dos d\u00edes, dexando claro que la equiparaci\u00f3n salarial va ser una de les claves pa llegar a un alcuerdu. Unes movilizaciones que 105 asociaciones de padres y madres de colexos asturianos sofitaron ayeri al travi\u00e9s d&#8217;un manifiestu nel qu&#8217;amuesen la so <em>\u00abesmolici\u00f3n \u00e9nte la situaci\u00f3n na que s&#8217;atopen los claustros de los colexos d&#8217;Asturies\u00bb.<\/em><\/p>\n<p>\u00abTamos viendo c\u00f3mo la Conseyer\u00eda d&#8217;Educaci\u00f3n retaya los sos derechos y ampl\u00eda les sos responsabilidaes ensin dotar a los centros del personal necesario p&#8217;atender nes meyores condiciones a los nuesos f\u00edos\u00bb, diz el testu. <em>\u00abLos retayos al profesor\u00e1u tami\u00e9n-y los retayen a la nuesa infancia\u00bb<\/em>, sentencien les families.<\/p>\n<p><strong>L&#8217;alcordada x\u00fanise a la llucha<\/strong><\/p>\n<p>La <strong>Organizaci\u00f3n de Trabayadores de la Ense\u00f1anza Alcordada d&#8217;Asturies (OTEC<\/strong>A),xuntu con USU y FSIE, tami\u00e9n dixo \u00abhasta equ\u00ed\u00bb. Y anunci\u00f3 una concentraci\u00f3n el pr\u00f3ximu d\u00eda 5 de xunu, una fuelga&#8217;l 12 y una gran manifestaci\u00f3n pal d\u00eda 19 (el postreru lectivu del cursu).<\/p>\n<p>Dalgunes de les reivindicaciones son similares a les de la ense\u00f1anza p\u00fablica: la equiparaci\u00f3n salarial como pidimientu hist\u00f3ricu del colectivu. Am\u00e1s, piden un aumentu de plantiyes y amenorgamientu de la xornada lectiva, especialmente pa mayores de 55 a\u00f1os, xubilaciones parciales con contratu relevo, amenorgamientu de ratios, plantiyes estables de profesores terap\u00e9uticos (PT) y d&#8217;audici\u00f3n del llinguaxe (AL), complementu auton\u00f3micu pal personal alministrativo, pagu deleg\u00e1u pal personal complementario en centros d&#8217;atenci\u00f3n a persones con discapacid\u00e1 y caltenimientu del empl\u00e9u en toles etapes.<\/p>\n<p>Y, bien especialmente, piden el fin del tratu discriminatoriu y derechu de les families a escoyer llibremente&#8217;l centru educativu.<em> \u00abSabemos que nun fai falta que t&#8217;espliquemos lo que ta asocediendo. V\u00edvise acald\u00eda nel to centru\u00bb<\/em>, indiquen dende OTECA. Y van m\u00e1s all\u00e1: \u00abTenemos una discriminaci\u00f3n sistem\u00e1tica per parte del Gobiernu del Princip\u00e1u que nos trata como trabayadores de segunda, a pesar de qu&#8217;acald\u00eda damos lo meyor de n\u00f3s nun serviciu p\u00fablicu esencial: la Educaci\u00f3n\u00bb.<\/p>\n<p>&nbsp;<\/p>\n<p style=\"text-align: center\"><a href=\"https:\/\/actualidad.asturias.es\/documents\/537115\/2600173\/2025_05_30+Reunion+con+sindicatos+1.jpg\/256f064e-1b11-afa6-38c4-d54a80c1d1bd?t=1748601967538\"><img loading=\"lazy\" decoding=\"async\" class=\"aligncenter size-large\" src=\"https:\/\/actualidad.asturias.es\/documents\/537115\/2600173\/2025_05_30+Reunion+con+sindicatos+1.jpg\/256f064e-1b11-afa6-38c4-d54a80c1d1bd?t=1748601967538\" width=\"3583\" height=\"2318\" \/><\/a><\/p>\n<p style=\"text-align: center\"><a href=\"https:\/\/actualidad.asturias.es\/documents\/537115\/2600173\/2025_05_30+Reunion+con+sindicatos+3.jpg\/640ea83f-766a-20cf-c1e0-b0d4880bd156?t=1748601967756\"><img loading=\"lazy\" decoding=\"async\" class=\"aligncenter size-large\" src=\"https:\/\/actualidad.asturias.es\/documents\/537115\/2600173\/2025_05_30+Reunion+con+sindicatos+3.jpg\/640ea83f-766a-20cf-c1e0-b0d4880bd156?t=1748601967756\" width=\"3242\" height=\"2439\" \/><\/a><\/p>\n<p>&nbsp;<\/p>\n<p>&nbsp;<\/p>\n","protected":false},"excerpt":{"rendered":"<p>La ense\u00f1anza asturiana sigue adelantre cola fuelga indefinida: \u00abLa propuesta d&#8217;Educaci\u00f3n ye una vergo\u00f1a\u00bb. Los sindicatos afirmen qu&#8217;Educaci\u00f3n nun present\u00f3 nenguna propuesta seria\u00bb na mesa de negociaci\u00f3n, qu&#8217;abandonaron, y van siguir colos paros y la manifestaci\u00f3n convocada para esti domingu. LNE \/ El Comercio \/<\/p>\n","protected":false},"author":117,"featured_media":0,"comment_status":"open","ping_status":"open","sticky":false,"template":"","format":"standard","meta":{"footnotes":""},"categories":[451,1],"tags":[],"class_list":["post-49824","post","type-post","status-publish","format-standard","hentry","category-fuelga","category-sin-categoria"],"_links":{"self":[{"href":"https:\/\/edublog.educastur.es\/ixuxu\/wp-json\/wp\/v2\/posts\/49824","targetHints":{"allow":["GET"]}}],"collection":[{"href":"https:\/\/edublog.educastur.es\/ixuxu\/wp-json\/wp\/v2\/posts"}],"about":[{"href":"https:\/\/edublog.educastur.es\/ixuxu\/wp-json\/wp\/v2\/types\/post"}],"author":[{"embeddable":true,"href":"https:\/\/edublog.educastur.es\/ixuxu\/wp-json\/wp\/v2\/users\/117"}],"replies":[{"embeddable":true,"href":"https:\/\/edublog.educastur.es\/ixuxu\/wp-json\/wp\/v2\/comments?post=49824"}],"version-history":[{"count":7,"href":"https:\/\/edublog.educastur.es\/ixuxu\/wp-json\/wp\/v2\/posts\/49824\/revisions"}],"predecessor-version":[{"id":49920,"href":"https:\/\/edublog.educastur.es\/ixuxu\/wp-json\/wp\/v2\/posts\/49824\/revisions\/49920"}],"wp:attachment":[{"href":"https:\/\/edublog.educastur.es\/ixuxu\/wp-json\/wp\/v2\/media?parent=49824"}],"wp:term":[{"taxonomy":"category","embeddable":true,"href":"https:\/\/edublog.educastur.es\/ixuxu\/wp-json\/wp\/v2\/categories?post=49824"},{"taxonomy":"post_tag","embeddable":true,"href":"https:\/\/edublog.educastur.es\/ixuxu\/wp-json\/wp\/v2\/tags?post=49824"}],"curies":[{"name":"wp","href":"https:\/\/api.w.org\/{rel}","templated":true}]}}