{"id":49857,"date":"2025-06-01T08:30:40","date_gmt":"2025-06-01T06:30:40","guid":{"rendered":"https:\/\/edublog.educastur.es\/ixuxu\/?p=49857"},"modified":"2025-06-01T17:18:30","modified_gmt":"2025-06-01T15:18:30","slug":"el-tiempu-el-comercio-55","status":"publish","type":"post","link":"https:\/\/edublog.educastur.es\/ixuxu\/2025\/06\/el-tiempu-el-comercio-55\/","title":{"rendered":"El tiempu (EL Comercio)"},"content":{"rendered":"<p style=\"text-align: center\"><a href=\"https:\/\/s3.ppllstatics.com\/elcomercio\/www\/multimedia\/2025\/05\/31\/tiempo-asturias-domingo-1-junio-k4j-U23019047786244wE-1200x840@El%20Comercio.jpg\"><img loading=\"lazy\" decoding=\"async\" class=\"aligncenter size-large\" src=\"https:\/\/s3.ppllstatics.com\/elcomercio\/www\/multimedia\/2025\/05\/31\/tiempo-asturias-domingo-1-junio-k4j-U23019047786244wE-1200x840@El%20Comercio.jpg\" width=\"1200\" height=\"840\" \/><\/a><\/p>\n<p><strong>Esti 1 de xunu empieza&#8217;l branu meteorol\u00f3xicu<\/strong> (l&#8217;astron\u00f3micu va empecipiar el 21 de xunu) y va facelo carg\u00e1u de nubosid\u00e1 en tol Princip\u00e1u d&#8217;Asturies. Va Ser una xornada nada veraniega que va faltar enforma de la vivida&#8217;l pas\u00e1u xueves cuando super\u00e1ramos los 30 \u00baC n&#8217;Asturies. Poro, <strong>mientres tol d\u00eda de g\u00fcei<\/strong> prevense cielos cubiertos con posibilid\u00e1 de precipitaciones d\u00e9biles que podr\u00eden afectar a cualquier puntu de la rex\u00f3n. <strong>Los vientos<\/strong> van soplar de norte-nordeste fluexos polo xeneral con dalguna qu&#8217;otra racha moderada, s\u00eda que non, na mari\u00f1a. <strong>Les temperatures m\u00e1ximes<\/strong> apenes van variar na mari\u00f1a, llixeramente nel restu de la met\u00e1 norte, y de forma m\u00e1s significativa escontra&#8217;l sur onde podr\u00eden ser hasta 6 \u00baC m\u00e1s baxes que les anotaes el s\u00e1badu.<\/p>\n<p><!--more--><\/p>\n<p><strong>El llunes<\/strong> tami\u00e9n va ser un d\u00eda marc\u00e1u peles nubes y les precipitaciones nuevamente. Los vientos van soplar de nordeste con raches moderaes sobremanera na mari\u00f1a. Les temperatures van ser bien similares a les de g\u00fcei. A lo llargo del martes dir\u00e1n abri\u00e9ndose grandes claros, pero&#8217;l mi\u00e9rcoles volver\u00e1n esperase ag\u00fces.<\/p>\n","protected":false},"excerpt":{"rendered":"<p>Esti 1 de xunu empieza&#8217;l branu meteorol\u00f3xicu (l&#8217;astron\u00f3micu va empecipiar el 21 de xunu) y va facelo carg\u00e1u de nubosid\u00e1 en tol Princip\u00e1u d&#8217;Asturies. Va Ser una xornada nada veraniega que va faltar enforma de la vivida&#8217;l pas\u00e1u xueves cuando super\u00e1ramos los 30 \u00baC n&#8217;Asturies. Poro, mientres tol d\u00eda de g\u00fcei prevense cielos cubiertos con [&hellip;]<\/p>\n","protected":false},"author":117,"featured_media":0,"comment_status":"open","ping_status":"open","sticky":false,"template":"","format":"standard","meta":{"footnotes":""},"categories":[5],"tags":[],"class_list":["post-49857","post","type-post","status-publish","format-standard","hentry","category-tiempu"],"_links":{"self":[{"href":"https:\/\/edublog.educastur.es\/ixuxu\/wp-json\/wp\/v2\/posts\/49857","targetHints":{"allow":["GET"]}}],"collection":[{"href":"https:\/\/edublog.educastur.es\/ixuxu\/wp-json\/wp\/v2\/posts"}],"about":[{"href":"https:\/\/edublog.educastur.es\/ixuxu\/wp-json\/wp\/v2\/types\/post"}],"author":[{"embeddable":true,"href":"https:\/\/edublog.educastur.es\/ixuxu\/wp-json\/wp\/v2\/users\/117"}],"replies":[{"embeddable":true,"href":"https:\/\/edublog.educastur.es\/ixuxu\/wp-json\/wp\/v2\/comments?post=49857"}],"version-history":[{"count":1,"href":"https:\/\/edublog.educastur.es\/ixuxu\/wp-json\/wp\/v2\/posts\/49857\/revisions"}],"predecessor-version":[{"id":49858,"href":"https:\/\/edublog.educastur.es\/ixuxu\/wp-json\/wp\/v2\/posts\/49857\/revisions\/49858"}],"wp:attachment":[{"href":"https:\/\/edublog.educastur.es\/ixuxu\/wp-json\/wp\/v2\/media?parent=49857"}],"wp:term":[{"taxonomy":"category","embeddable":true,"href":"https:\/\/edublog.educastur.es\/ixuxu\/wp-json\/wp\/v2\/categories?post=49857"},{"taxonomy":"post_tag","embeddable":true,"href":"https:\/\/edublog.educastur.es\/ixuxu\/wp-json\/wp\/v2\/tags?post=49857"}],"curies":[{"name":"wp","href":"https:\/\/api.w.org\/{rel}","templated":true}]}}