{"id":49859,"date":"2025-05-31T08:30:01","date_gmt":"2025-05-31T06:30:01","guid":{"rendered":"https:\/\/edublog.educastur.es\/ixuxu\/?p=49859"},"modified":"2025-06-01T17:20:11","modified_gmt":"2025-06-01T15:20:11","slug":"estau-del-tiempu-sabadu-31-de-mayu","status":"publish","type":"post","link":"https:\/\/edublog.educastur.es\/ixuxu\/2025\/05\/estau-del-tiempu-sabadu-31-de-mayu\/","title":{"rendered":"Est\u00e1u del tiempu: s\u00e1badu 31 de mayu"},"content":{"rendered":"<div class=\"xu06os2 x1ok221b\">\n<div class=\"html-div xdj266r x11i5rnm xat24cr x1mh8g0r xexx8yu x4uap5 x18d9i69 xkhd6sd\" data-ad-rendering-role=\"profile_name\">\n<ul>\n<li id=\"\u00abr1e0\u00bb\" class=\"html-h2 x11i5rnm xat24cr x1mh8g0r xexx8yu x4uap5 x18d9i69 xkhd6sd x1vvkbs x1heor9g x1qlqyl8 x1pd3egz x1a2a7pz x1gslohp x1yc453h\"><span class=\"xt0psk2\"><span class=\"xjp7ctv\"><a class=\"x1i10hfl xjbqb8w x1ejq31n xd10rxx x1sy0etr x17r0tee x972fbf xcfux6l x1qhh985 xm0m39n x9f619 x1ypdohk xt0psk2 xe8uvvx xdj266r x11i5rnm xat24cr x1mh8g0r xexx8yu x4uap5 x18d9i69 xkhd6sd x16tdsg8 x1hl2dhg xggy1nq x1a2a7pz xkrqix3 x1sur9pj xzsf02u x1s688f\" role=\"link\" href=\"https:\/\/www.facebook.com\/eltiempuenasturies?__cft__[0]=AZVq6maipzkr6reHTLeg9TWerwfESzKPoEdpDvtQG7UVDJIIa2A_fBez2q3UtTufHrmFlz3NZOo4yOoXP9MyAMPQWgRyvzsEJlRg_7Pwsl_P7MJQkkn193X0uzfb9L3FVM2R7nFLA2a0z_EhIz1ePJUFoJVHcQpndg46N5RsuOIxESkZz_hGYIQMTUbDvJF8t8ISLAjr6fkb7cVWBmPhvJDx&amp;__tn__=-UC%2CP-R\"><strong class=\"html-strong xdj266r x11i5rnm xat24cr x1mh8g0r xexx8yu x4uap5 x18d9i69 xkhd6sd x1hl2dhg x16tdsg8 x1vvkbs x1s688f\"><span class=\"html-span xdj266r x11i5rnm xat24cr x1mh8g0r xexx8yu x4uap5 x18d9i69 xkhd6sd x1hl2dhg x16tdsg8 x1vvkbs\">El Tiempu n&#8217;Asturies.<\/span><\/strong><\/a><\/span><\/span><\/li>\n<\/ul>\n<\/div>\n<\/div>\n<div class=\"html-div xdj266r x11i5rnm xat24cr x1mh8g0r xexx8yu x4uap5 x18d9i69 xkhd6sd\" dir=\"auto\">\n<div class=\"html-div xdj266r x11i5rnm xat24cr x1mh8g0r xexx8yu x4uap5 x18d9i69 xkhd6sd\" data-ad-rendering-role=\"story_message\">\n<div id=\"\u00abr1e2\u00bb\" class=\"x1l90r2v x1iorvi4 x1ye3gou xn6708d\" data-ad-comet-preview=\"message\" data-ad-preview=\"message\">\n<div class=\"x78zum5 xdt5ytf xz62fqu x16ldp7u\">\n<div class=\"xu06os2 x1ok221b\">\n<div class=\"html-div xdj266r x11i5rnm xat24cr x1mh8g0r xexx8yu x4uap5 x18d9i69 xkhd6sd\">\n<div class=\"x11i5rnm xat24cr x1mh8g0r x1vvkbs xtlvy1s x126k92a\">\n<ul>\n<li dir=\"auto\"><strong><span style=\"color: #008080\">Alborecemos<\/span><\/strong> ente&#8217;l borr\u00edn y la nublina, tando escampl\u00e1u nes cumes de la cordelera con unes temperatures que tan alrodiu de los 16\u00baC, rexistr\u00e1ndose nel puirtu Payares 15,1\u00baC.<\/li>\n<\/ul>\n<\/div>\n<div class=\"x11i5rnm xat24cr x1mh8g0r x1vvkbs xtlvy1s x126k92a\">\n<ul>\n<li dir=\"auto\"><strong><span style=\"color: #008080\">G\u00fcei<\/span><\/strong> vamos tener el cielu mui nuboso con nubes de tipu baxu quedando les cumes de la cordelera col cielu poco nuboso o escampl\u00e1u. L&#8217;orp\u00edn surdir\u00e1 nes zones m\u00e1s favoretibles anque nun sedr\u00e1 nin abondosu y xeneraliz\u00e1u con unes temperatures en descensu ya col aire que sedr\u00e1 sele con predominiu de la componente norte.<\/li>\n<\/ul>\n<p><!--more--><\/p>\n<\/div>\n<div class=\"x11i5rnm xat24cr x1mh8g0r x1vvkbs xtlvy1s x126k92a\">\n<ul>\n<li dir=\"auto\"><strong><span style=\"color: #008080\">Ma\u00f1ana domingu<\/span> <\/strong>seguiremos col cielu mui nuboso ya con precipitaciones febles en forma d&#8217;orp\u00edn que sedr\u00e1n m\u00e1s xeneralizaes a partir de la tardiquina con unes temperatures en bultable descesu ya col aire de componente norte sele en xeneral.<\/li>\n<\/ul>\n<\/div>\n<div class=\"x11i5rnm xat24cr x1mh8g0r x1vvkbs xtlvy1s x126k92a\">\n<ul>\n<li dir=\"auto\"><strong><span style=\"color: #008080\">El llunes<\/span><\/strong> seguiremos baxo la influencia del vientu del norte con nubosid\u00e1 abondosa y precipitaciones febles en forma d&#8217;orbayu que sedr\u00e1n xeneralizaes, am\u00e1s les temperatures siguen descendiendo y l&#8217;aire pue soplar con raches moderaes nes zones favoretibles.<\/li>\n<\/ul>\n<\/div>\n<div class=\"x11i5rnm xat24cr x1mh8g0r x1vvkbs xtlvy1s x126k92a\">\n<ul>\n<li dir=\"auto\"><strong><span style=\"color: #008080\">El martes<\/span> <\/strong>remitir\u00e1 l&#8217;orp\u00edn pero caltendrase la nubosid\u00e1 de tipu baxu con unes temperatures que subir\u00e1n dalgo pero con m\u00e1simes que malpenes algamar\u00e1n los 20\u00baC.<\/li>\n<\/ul>\n<\/div>\n<\/div>\n<\/div>\n<\/div>\n<\/div>\n<\/div>\n<\/div>\n<p>&nbsp;<\/p>\n","protected":false},"excerpt":{"rendered":"<p>El Tiempu n&#8217;Asturies. Alborecemos ente&#8217;l borr\u00edn y la nublina, tando escampl\u00e1u nes cumes de la cordelera con unes temperatures que tan alrodiu de los 16\u00baC, rexistr\u00e1ndose nel puirtu Payares 15,1\u00baC. G\u00fcei vamos tener el cielu mui nuboso con nubes de tipu baxu quedando les cumes de la cordelera col cielu poco nuboso o escampl\u00e1u. L&#8217;orp\u00edn [&hellip;]<\/p>\n","protected":false},"author":117,"featured_media":0,"comment_status":"open","ping_status":"open","sticky":false,"template":"","format":"standard","meta":{"footnotes":""},"categories":[5],"tags":[],"class_list":["post-49859","post","type-post","status-publish","format-standard","hentry","category-tiempu"],"_links":{"self":[{"href":"https:\/\/edublog.educastur.es\/ixuxu\/wp-json\/wp\/v2\/posts\/49859","targetHints":{"allow":["GET"]}}],"collection":[{"href":"https:\/\/edublog.educastur.es\/ixuxu\/wp-json\/wp\/v2\/posts"}],"about":[{"href":"https:\/\/edublog.educastur.es\/ixuxu\/wp-json\/wp\/v2\/types\/post"}],"author":[{"embeddable":true,"href":"https:\/\/edublog.educastur.es\/ixuxu\/wp-json\/wp\/v2\/users\/117"}],"replies":[{"embeddable":true,"href":"https:\/\/edublog.educastur.es\/ixuxu\/wp-json\/wp\/v2\/comments?post=49859"}],"version-history":[{"count":2,"href":"https:\/\/edublog.educastur.es\/ixuxu\/wp-json\/wp\/v2\/posts\/49859\/revisions"}],"predecessor-version":[{"id":49861,"href":"https:\/\/edublog.educastur.es\/ixuxu\/wp-json\/wp\/v2\/posts\/49859\/revisions\/49861"}],"wp:attachment":[{"href":"https:\/\/edublog.educastur.es\/ixuxu\/wp-json\/wp\/v2\/media?parent=49859"}],"wp:term":[{"taxonomy":"category","embeddable":true,"href":"https:\/\/edublog.educastur.es\/ixuxu\/wp-json\/wp\/v2\/categories?post=49859"},{"taxonomy":"post_tag","embeddable":true,"href":"https:\/\/edublog.educastur.es\/ixuxu\/wp-json\/wp\/v2\/tags?post=49859"}],"curies":[{"name":"wp","href":"https:\/\/api.w.org\/{rel}","templated":true}]}}