{"id":49896,"date":"2025-05-31T14:00:02","date_gmt":"2025-05-31T12:00:02","guid":{"rendered":"https:\/\/edublog.educastur.es\/ixuxu\/?p=49896"},"modified":"2025-06-01T21:43:15","modified_gmt":"2025-06-01T19:43:15","slug":"taller-del-escultor-herminio-na-carida-el-franco","status":"publish","type":"post","link":"https:\/\/edublog.educastur.es\/ixuxu\/2025\/05\/taller-del-escultor-herminio-na-carida-el-franco\/","title":{"rendered":"Taller del escultor Herminio n&#8217;A Carid\u00e1 (El Franco)"},"content":{"rendered":"<p style=\"text-align: center\"><span class=\"x1lliihq x1plvlek xryxfnj x1n2onr6 x1ji0vk5 x18bv5gf x193iq5w xeuugli x1fj9vlw x13faqbe x1vvkbs x1s928wv xhkezso x1gmr53x x1cpjm7i x1fgarty x1943h6x x1i0vuye xvs91rp xo1l8bm x5n08af x10wh9bi x1wdrske x8viiok x18hxmgj\" dir=\"auto\"><span class=\"x193iq5w xeuugli x1fj9vlw x13faqbe x1vvkbs xt0psk2 x1i0vuye xvs91rp x1s688f x5n08af x10wh9bi x1wdrske x8viiok x18hxmgj\"><span class=\"html-span xexx8yu x4uap5 x18d9i69 xkhd6sd x1hl2dhg x16tdsg8 x1vvkbs x3nfvp2 x1j61x8r x1fcty0u xdj266r xat24cr xgzva0m xhhsvwb xxymvpz xlup9mm x1kky2od\">\n<!-- iframe plugin v.6.0 wordpress.org\/plugins\/iframe\/ -->\n<iframe loading=\"lazy\" src=\"https:\/\/www.instagram.com\/reel\/DKUQi6IIlDJ\/embed\" width=\"640\" height=\"520\" 0=\"\/iframe\" scrolling=\"yes\" class=\"iframe-class\" frameborder=\"0\"><\/iframe>\n<\/span><\/span><\/span><\/p>\n<header class=\"_aaqw\">\n<div class=\"_aaqy _aaqz\">\n<div class=\"_aar0 _aar1\">\n<div class=\"x78zum5\">\n<div class=\"_aaqt\">\n<div class=\"x9f619 xjbqb8w x78zum5 x168nmei x13lgxp2 x5pf9jr xo71vjh x1n2onr6 x1plvlek xryxfnj x1c4vz4f x2lah0s x1q0g3np xqjyukv x6s0dn4 x1oa3qoh x1nhvcw1\">\n<ul>\n<li><a class=\"x1i10hfl xjbqb8w x1ejq31n xd10rxx x1sy0etr x17r0tee x972fbf xcfux6l x1qhh985 xm0m39n x9f619 x1ypdohk xt0psk2 xe8uvvx xdj266r x11i5rnm xat24cr x1mh8g0r xexx8yu x4uap5 x18d9i69 xkhd6sd x16tdsg8 x1hl2dhg xggy1nq x1a2a7pz _aswp _aswq _aswv _aswz _asw_ _asx2 _a6hd\" role=\"link\" href=\"https:\/\/www.instagram.com\/isalobohuerta\/\">isalobohuerta<\/a><\/li>\n<\/ul>\n<\/div>\n<\/div>\n<\/div>\n<\/div>\n<div class=\"_aaql\">\n<ul>\n<li class=\"x78zum5 xdt5ytf\"><strong>Taller del<span style=\"color: #008080\"> escultor Herminio<\/span> n&#8217;A Carid\u00e1 (El Franco), puru \u00abARTE\u00bb y \u00abmagnetismu social \u00bb<br \/>\n<\/strong><\/li>\n<li>Herminio: b<a href=\"https:\/\/www.auroravigil.com\/herminio\/\">io<\/a> \/<a href=\"https:\/\/www.auroravigil.com\/herminio\/nggallery\/slideshow\"> presentaci\u00f3n ppt<\/a> \/ <a href=\"https:\/\/es.wikipedia.org\/wiki\/Herminio_%C3%81lvarez_(escultor)\">wiki<\/a> \/ <a href=\"https:\/\/www.rtpa.es\/noticias-asturias-ast:L%E2%80%99escultor-Herminio,-un-referente-artisticu-nacional-n%E2%80%99El-Franco_111583929591.html\">RTPA<\/a> \/ <a href=\"https:\/\/www.lne.es\/sociedad\/2014\/02\/23\/herminio-escultor-incertidumbre-asturiano-mes-20085481.html\">LNE<\/a> \/<\/li>\n<\/ul>\n<p><!--more--><\/p>\n<section class=\"contenido \">\n<div class=\"container\">\n<div class=\"row\">\n<div class=\"col-lg-8 col-md-12 col-xs-12\" role=\"main\" aria-label=\"Bloque del titular, texto imagen o v\u00eddeo de la noticia\">\n<div class=\"padding-t-35\">\n<h1 style=\"text-align: center\"><a href=\"https:\/\/www.cifpcerdeno.com\/images\/fotos\/zgenerico\/Actividades\/2025\/Expo_Herminio\/Expo_herminio2.jpg#joomlaImage:\/\/local-images\/fotos\/zgenerico\/Actividades\/2025\/Expo_Herminio\/Expo_herminio2.jpg?width=4405&amp;height=6250\"><img loading=\"lazy\" decoding=\"async\" class=\"aligncenter \" src=\"https:\/\/www.cifpcerdeno.com\/images\/fotos\/zgenerico\/Actividades\/2025\/Expo_Herminio\/Expo_herminio2.jpg#joomlaImage:\/\/local-images\/fotos\/zgenerico\/Actividades\/2025\/Expo_Herminio\/Expo_herminio2.jpg?width=4405&amp;height=6250\" width=\"608\" height=\"863\" \/><\/a><\/h1>\n<h1 class=\"font-size-xxl margin-b-5 font-weight-b color-b-050 letter-spacing--1 fuente-corporativa\" style=\"text-align: center\"><span style=\"color: #008080\">L\u2019escultor Herminio, un referente art\u00edsticu nacional n\u2019El Franco<\/span><\/h1>\n<\/div>\n<figure class=\"position-r hover-zoom\"><img decoding=\"async\" class=\"img-responsive position-a top-0 left-0 width-0100\" src=\"https:\/\/www.rtpa.es\/fotos\/\/20\/03\/20200311123643_2020031vtrherminio.jpg\" alt=\"Herminio \u00c1lvarez en su estudio de El Franco\" \/><\/figure>\n<div id=\"noticiacompleta\" class=\"parragraph-padding font-c-conent\">\n<h2 class=\"font-size-m padding-b-20 font-weight-b margin-t-16\"><span style=\"color: #008080\">M\u00e1s de 4.000 obres, cola abstracci\u00f3n como pilar, en 30 a\u00f1os de carrera<\/span><\/h2>\n<p><span style=\"color: #008080\">G\u00fceyando\u2019l so vieyu \u00e1lbum, Herminio \u00c1lvarez recuerda c\u00f3mo foi\u2019l cr\u00edticu d\u2019arte, Jes\u00fas Villa Pastur, el que descubri\u00f3 nes antig\u00fces fotos de los escaparates del supermerc\u00e1u, que ten\u00eda daquella, la so capacid\u00e1 pa la escultura.<\/span><\/p>\n<p><span style=\"color: #008080\">Anque la so pasi\u00f3n pol arte lu acompa\u00f1aba dende la infancia, nun foi hasta la so madurez, y gracies a los \u00e1nimos de Villa Pastur, cuando Herminio se llanz\u00f3 de cabeza a la so pasi\u00f3n na que g\u00fcei ye tou un referente, sobre manera nel tarr\u00e9n de los campos magn\u00e9ticos.<\/span><\/p>\n<p><span style=\"color: #008080\">Un cam\u00edn llargu qu\u2019entam\u00f3 cola pintura de paisaxes pasando, por exemplu, peles miniatures. Recuerda los conseyos d\u2019Humberto, dempu\u00e9s de pasar pel so taller, de trabayar la escultura. La esixencia econ\u00f3mica d\u2019esta opci\u00f3n fizo tirar a Herminio d\u2019imaxinaci\u00f3n.<\/span><\/p>\n<p><span style=\"color: #008080\">Del cart\u00f3n a la madera y d\u2019eh\u00ed al aluminiu pa llegar al aceru. M\u00e1s all\u00e1 de cualquier inspiraci\u00f3n, diz Herminio, el so trabayu ye la rempuesta natural a los sos sentimientos y forma de vida.<\/span><\/p>\n<p>Nos m\u00e1s de 30 a\u00f1os de carrera, suma y\u00e1 m\u00e1s de 4.000 obres, nes que l\u2019abstracci\u00f3n xuega un papel fundamental. Un procesu creativu que tien los sos propios pasos.<\/p>\n<p>Son delles les claves d\u2019esta abondosa activid\u00e1. Una, el so propiu pueblu, A Carid\u00e1. El so llugar nel mundu, se\u00f1ala. Otra, la so familia: la so muyer y f\u00edes. Sofitu irrompible, agradez.<\/p>\n<p>Tami\u00e9n guarda especial cari\u00f1u pa unu de los sos t\u00edos, un maestru de la forxa, y del qu\u2019hered\u00f3 la so capacid\u00e1 art\u00edstica.<\/p>\n<p>G\u00fcei a Herminio recl\u00e1menlu nos principales certames d\u2019Espa\u00f1a y del estranxeru.<\/p>\n<p>La so ilusi\u00f3n ye la puesta en marcha d\u2019un espaciu art\u00edsticu n\u2019El Franco qu\u2019acueya al medrante n\u00famberu de creadores del occidente, y de los qu\u2019\u00e9l, ensin querer, ye tou un referente.<\/p>\n<\/div>\n<\/div>\n<div class=\"col-lg-4 col-md-12 col-xs-12 padding-t-20 padding-b-20\">\n<div class=\"utiles bg-contenido-destacado border-radius-8\" role=\"group\" aria-label=\"Informaci\u00f3n de subt\u00edtulos y bloque para compartir la noticia en redes sociales\">\n<div class=\"display-b padding-t-10 padding-b-10 border-b-0 border-solid border-color-b-010 display-t width-0100 padding-l-10 padding-r-10\" style=\"text-align: center\"><a href=\"https:\/\/encrypted-tbn0.gstatic.com\/images?q=tbn:ANd9GcRstGPAb4-UQLBcy9bLpuMfA1ZBbTpAVJoGjw&amp;s\"><img loading=\"lazy\" decoding=\"async\" class=\"aligncenter size-large\" src=\"https:\/\/encrypted-tbn0.gstatic.com\/images?q=tbn:ANd9GcRstGPAb4-UQLBcy9bLpuMfA1ZBbTpAVJoGjw&amp;s\" width=\"375\" height=\"134\" \/><\/a><\/div>\n<\/div>\n<div class=\"margin-t-20 margin-b-20\">\n<section class=\"padding-t-20 color-w-0100\">\n<div class=\"row text-align-c padding-t-30 padding-b-30 padding-l-10 padding-r-10 hidden-md-down\" aria-hidden=\"true\">\n<div class=\"col-xs-12\">\n<div id=\"div-rtpa-right1\" class=\"text-align-c\" data-google-query-id=\"CMvMg6vM0I0DFaFdHQkdk20t3Q\">\n<div id=\"google_ads_iframe_\/22526134856\/rtpa\/right1_0__container__\">\n<div>\n<div id=\"&quot;mgcontainer-9a58d41849ed8f2258ed9ae1e4a32d77&quot;\" class=\"&quot;admaster-placement_23e0d1\">\n<p><strong><em>\u00abYe autor, en conceutu y en forma, d&#8217;una escultura absolutamente orixinal de notab\u00edl\u00edsima entid\u00e1 pl\u00e1stica con independencia d&#8217;esos elementos d&#8217;equilibriu, tensi\u00f3n y movimientu que, arriendes d&#8217;ello, empresten una dimensi\u00f3n m\u00e1xica y ut\u00f3pica a la so obra\u00bb<\/em><\/strong><\/p>\n<\/div>\n<\/div>\n<\/div>\n<\/div>\n<\/div>\n<\/div>\n<\/section>\n<\/div>\n<\/div>\n<\/div>\n<\/div>\n<\/section>\n<p>La busca como motivaci\u00f3n, ye una de les necesidaes de la producci\u00f3n art\u00edstica d&#8217;Herminio. L&#8217;artista trabaya y esperimenta con diversos materiales, testures y colores, xuntu con m\u00faltiples soportes que contienen, tomen, reflexen, soporten y distrib\u00fain les sos creaciones por tolos espacios posibles, onde xeneren un habitat propiu, coles sos pequenes sotileces y los sos enormes magnetismos. Introd\u00facennos n&#8217;una atm\u00f3sfera qu&#8217;irradia tanta maxa como fascinaci\u00f3n, con tintes minimalistes, suprematistas y del mundu cin\u00e9ticu.<\/p>\n<\/div>\n<\/div>\n<\/header>\n<section class=\"x12nagc x182iqb8 x1pi30zi x1swvt13\"><\/section>\n<div class=\"xt0psk2\">\n<h1 class=\"_ap3a _aaco _aacu _aacx _aad7 _aade\" dir=\"auto\" style=\"text-align: center\"><a href=\"https:\/\/www.auroravigil.com\/wp-content\/gallery\/herminio\/M.49-122-x-32-x-14-cm-Mixta-y-campos-magneticos-2010-Herminio-.jpg\"><img loading=\"lazy\" decoding=\"async\" class=\"aligncenter \" src=\"https:\/\/www.auroravigil.com\/wp-content\/gallery\/herminio\/M.49-122-x-32-x-14-cm-Mixta-y-campos-magneticos-2010-Herminio-.jpg\" width=\"505\" height=\"379\" \/><\/a><\/h1>\n<p>Realiz\u00f3 esposiciones a nivel nacional ya internacional en Toronto, Lisboa, Par\u00eds, Miami y Tokio, am\u00e1s de participar en delles ocasiones en feries como ARCO Madrid y Art Madrid. El trabayu d&#8217;Herminio forma parte de colecciones tan destacaes como la del Mus\u00e9u de La Rioxa, el Mus\u00e9u de Belles Artes d&#8217;Asturies, la Fundaci\u00f3n Pr\u00edncipe d&#8217;Asturies, la Colecci\u00f3n Dove de Nueva York y la Colecci\u00f3n Masaveu; y tami\u00e9n puede contemplase n&#8217;espacios p\u00fablicos como&#8217;l Parque del Rincon\u00edn de Xix\u00f3n, el Complexu Cultural As Quintes d&#8217;A Carid\u00e1, l&#8217;HUCA, la entrada d&#8217;A Veiga y la Plaza de la Poes\u00eda n&#8217;Uvi\u00e9u.<\/p>\n<\/div>\n","protected":false},"excerpt":{"rendered":"<p>isalobohuerta Taller del escultor Herminio n&#8217;A Carid\u00e1 (El Franco), puru \u00abARTE\u00bb y \u00abmagnetismu social \u00bb Herminio: bio \/ presentaci\u00f3n ppt \/ wiki \/ RTPA \/ LNE \/<\/p>\n","protected":false},"author":117,"featured_media":0,"comment_status":"open","ping_status":"open","sticky":false,"template":"","format":"standard","meta":{"footnotes":""},"categories":[89,330],"tags":[],"class_list":["post-49896","post","type-post","status-publish","format-standard","hentry","category-arte","category-escultures"],"_links":{"self":[{"href":"https:\/\/edublog.educastur.es\/ixuxu\/wp-json\/wp\/v2\/posts\/49896","targetHints":{"allow":["GET"]}}],"collection":[{"href":"https:\/\/edublog.educastur.es\/ixuxu\/wp-json\/wp\/v2\/posts"}],"about":[{"href":"https:\/\/edublog.educastur.es\/ixuxu\/wp-json\/wp\/v2\/types\/post"}],"author":[{"embeddable":true,"href":"https:\/\/edublog.educastur.es\/ixuxu\/wp-json\/wp\/v2\/users\/117"}],"replies":[{"embeddable":true,"href":"https:\/\/edublog.educastur.es\/ixuxu\/wp-json\/wp\/v2\/comments?post=49896"}],"version-history":[{"count":10,"href":"https:\/\/edublog.educastur.es\/ixuxu\/wp-json\/wp\/v2\/posts\/49896\/revisions"}],"predecessor-version":[{"id":49908,"href":"https:\/\/edublog.educastur.es\/ixuxu\/wp-json\/wp\/v2\/posts\/49896\/revisions\/49908"}],"wp:attachment":[{"href":"https:\/\/edublog.educastur.es\/ixuxu\/wp-json\/wp\/v2\/media?parent=49896"}],"wp:term":[{"taxonomy":"category","embeddable":true,"href":"https:\/\/edublog.educastur.es\/ixuxu\/wp-json\/wp\/v2\/categories?post=49896"},{"taxonomy":"post_tag","embeddable":true,"href":"https:\/\/edublog.educastur.es\/ixuxu\/wp-json\/wp\/v2\/tags?post=49896"}],"curies":[{"name":"wp","href":"https:\/\/api.w.org\/{rel}","templated":true}]}}