{"id":49939,"date":"2025-05-30T16:00:43","date_gmt":"2025-05-30T14:00:43","guid":{"rendered":"https:\/\/edublog.educastur.es\/ixuxu\/?p=49939"},"modified":"2025-06-01T22:10:01","modified_gmt":"2025-06-01T20:10:01","slug":"xornada-la-moceda-frente-a-la-emerxencia-climatica","status":"publish","type":"post","link":"https:\/\/edublog.educastur.es\/ixuxu\/2025\/05\/xornada-la-moceda-frente-a-la-emerxencia-climatica\/","title":{"rendered":"Xorn\u00e1: \u00abLa moced\u00e1 frente a la emerxencia clim\u00e1tica\u00bb"},"content":{"rendered":"<p>La moced\u00e1 asturiana toma&#8217;l relevu de les antepasaes celtes y venceyen con m\u00e1s fuerza que nunca col nuesu territoriu.<\/p>\n<p style=\"text-align: center\"><span class=\"x1lliihq x1plvlek xryxfnj x1n2onr6 x1ji0vk5 x18bv5gf x193iq5w xeuugli x1fj9vlw x13faqbe x1vvkbs x1s928wv xhkezso x1gmr53x x1cpjm7i x1fgarty x1943h6x x1i0vuye xvs91rp xo1l8bm x5n08af x10wh9bi x1wdrske x8viiok x18hxmgj\" dir=\"auto\"><span class=\"x193iq5w xeuugli x1fj9vlw x13faqbe x1vvkbs xt0psk2 x1i0vuye xvs91rp x1s688f x5n08af x10wh9bi x1wdrske x8viiok x18hxmgj\"><span class=\"html-span xexx8yu x4uap5 x18d9i69 xkhd6sd x1hl2dhg x16tdsg8 x1vvkbs x3nfvp2 x1j61x8r x1fcty0u xdj266r xat24cr xgzva0m xhhsvwb xxymvpz xlup9mm x1kky2od\">\n<!-- iframe plugin v.6.0 wordpress.org\/plugins\/iframe\/ -->\n<iframe loading=\"lazy\" src=\"https:\/\/www.instagram.com\/reel\/DKRphrRMj7G\/embed\" width=\"400\" height=\"520\" 0=\"\/iframe\" scrolling=\"yes\" class=\"iframe-class\" frameborder=\"0\"><\/iframe>\n<\/span><\/span><\/span><\/p>\n<ul>\n<li><a href=\"https:\/\/www.instagram.com\/yasturies\/\"><strong>Yes Asturies<\/strong><\/a><\/li>\n<li><a class=\"x1i10hfl x1qjc9v5 xjbqb8w xjqpnuy xa49m3k xqeqjp1 x2hbi6w x13fuv20 xu3j5b3 x1q0q8m5 x26u7qi x972fbf xcfux6l x1qhh985 xm0m39n x9f619 x1ypdohk x78zum5 xdl72j9 xdt5ytf x2lah0s xe8uvvx xdj266r x11i5rnm xat24cr x1mh8g0r x2lwn1j xeuugli xexx8yu x4uap5 x18d9i69 xkhd6sd x1n2onr6 x16tdsg8 x1hl2dhg xggy1nq x1ja2u2z x1t137rt xnz67gz x14yjl9h xudhj91 x18nykt9 xww2gxu x9f619 x1lliihq x2lah0s x6ikm8r x10wlt62 x1n2onr6 xzfakq x7imw91 x1j8hi7x x5aw536 x194ut8o x1vzenxt xd7ygy7 xt298gk xynf4tj xdspwft x1r9ni5o x1d52zm6 xoiy6we x15xhmf9 x1qj619r x15tem40 x1xrz1ek x1s928wv x1n449xj x2q1x1w x1j6awrg x162n7g1 x1m1drc7 x1ypdohk x4gyw5p _a6hd\" role=\"link\" href=\"https:\/\/www.instagram.com\/yasturies\/\"><img decoding=\"async\" class=\"xpdipgo x972fbf xcfux6l x1qhh985 xm0m39n xk390pu x5yr21d xdj266r x11i5rnm xat24cr x1mh8g0r xl1xv1r xexx8yu x4uap5 x18d9i69 xkhd6sd x11njtxf xh8yej3\" src=\"https:\/\/scontent-bcn1-1.cdninstagram.com\/v\/t51.2885-19\/497932070_17849702379460726_44060744621797898_n.jpg?stp=dst-jpg_s150x150_tt6&amp;_nc_ht=scontent-bcn1-1.cdninstagram.com&amp;_nc_cat=110&amp;_nc_oc=Q6cZ2QEgpPFNWAUGYDgozjJW7IMwJ2wk-SVHZ0-abOFxuA6beMe-Pjj3WC8zIu0Ie6upm_E&amp;_nc_ohc=Pzl_AJbBirIQ7kNvwHE_vpv&amp;_nc_gid=4YysN5pxyohTgVFMyZ4vCg&amp;edm=AA5fTDYBAAAA&amp;ccb=7-5&amp;oh=00_AfKGHyMcmuI_NX4_hlBRbUgGmU3hJlO6yeqNP8vOdMIIcw&amp;oe=684282D3&amp;_nc_sid=7edfe2\" alt=\"Foto del perfil de yasturies\" \/><\/a><\/li>\n<\/ul>\n<div class=\"x5yr21d xw2csxc x1odjw0f x1n2onr6\">\n<div class=\"x9f619 x78zum5 xdt5ytf x5yr21d xexx8yu x1pi30zi x1l90r2v x1swvt13 x10l6tqk xh8yej3\">\n<div>\n<div class=\"x9f619 xjbqb8w x78zum5 x168nmei x13lgxp2 x5pf9jr xo71vjh xsag5q8 xz9dl7a x1uhb9sk x1plvlek xryxfnj x1c4vz4f x2lah0s x1q0g3np xqjyukv x1qjc9v5 x1oa3qoh x1nhvcw1\">\n<div class=\"x9f619 xjbqb8w x78zum5 x168nmei x13lgxp2 x5pf9jr xo71vjh x1uhb9sk x1plvlek xryxfnj x1iyjqo2 x2lwn1j xeuugli x1q0g3np xqjyukv x1qjc9v5 x1oa3qoh x1nhvcw1\">\n<div class=\"x9f619 xjbqb8w x78zum5 x168nmei x13lgxp2 x5pf9jr xo71vjh x1uhb9sk x1plvlek xryxfnj x1iyjqo2 x2lwn1j xeuugli xdt5ytf xqjyukv x1qjc9v5 x1oa3qoh x1nhvcw1\">\n<div class=\"x9f619 xjbqb8w x78zum5 x168nmei x13lgxp2 x5pf9jr xo71vjh x1uhb9sk x1plvlek xryxfnj x1c4vz4f x2lah0s xdt5ytf xqjyukv x1qjc9v5 x1oa3qoh x1nhvcw1\">\n<p><span class=\"x193iq5w xeuugli x1fj9vlw x13faqbe x1vvkbs xt0psk2 x1i0vuye xvs91rp xo1l8bm x5n08af x10wh9bi x1wdrske x8viiok x18hxmgj\"><span class=\"x193iq5w xeuugli x1fj9vlw x13faqbe x1vvkbs xt0psk2 x1i0vuye xvs91rp xo1l8bm x5n08af x10wh9bi x1wdrske x8viiok x18hxmgj\">\u26f0\u00a0\ud83e\udd17 El pr\u00f3simo 31 de mayu organicen, al travi\u00e9s del <a class=\"x1i10hfl xjbqb8w x1ejq31n xd10rxx x1sy0etr x17r0tee x972fbf xcfux6l x1qhh985 xm0m39n x9f619 x1ypdohk xt0psk2 xe8uvvx xdj266r x11i5rnm xat24cr x1mh8g0r xexx8yu x4uap5 x18d9i69 xkhd6sd x16tdsg8 x1hl2dhg xggy1nq x1a2a7pz notranslate _a6hd\" role=\"link\" href=\"https:\/\/www.instagram.com\/conseyu_cmx\/\">@conseyu_cmx<\/a> , el <a class=\"x1i10hfl xjbqb8w x1ejq31n xd10rxx x1sy0etr x17r0tee x972fbf xcfux6l x1qhh985 xm0m39n x9f619 x1ypdohk xt0psk2 xe8uvvx xdj266r x11i5rnm xat24cr x1mh8g0r xexx8yu x4uap5 x18d9i69 xkhd6sd x16tdsg8 x1hl2dhg xggy1nq x1a2a7pz notranslate _a6hd\" role=\"link\" href=\"https:\/\/www.instagram.com\/conseyu_cmpa\/\">@conseyu_cmpa<\/a> y la direcci\u00f3n de l&#8217;Axenda 2030, la xornada \u00abLa moced\u00e1 frente a la emerxencia clim\u00e1tica\u00bb nel <a class=\"x1i10hfl xjbqb8w x1ejq31n xd10rxx x1sy0etr x17r0tee x972fbf xcfux6l x1qhh985 xm0m39n x9f619 x1ypdohk xt0psk2 xe8uvvx xdj266r x11i5rnm xat24cr x1mh8g0r xexx8yu x4uap5 x18d9i69 xkhd6sd x16tdsg8 x1hl2dhg xggy1nq x1a2a7pz notranslate _a6hd\" role=\"link\" href=\"https:\/\/www.instagram.com\/jbatlantico\/\">@jbatlantico<\/a> de Xix\u00f3n onde abordar\u00e1n temes tan cruciales como:<\/span><\/span><\/p>\n<p>&nbsp;<\/p>\n<ul>\n<li>Xusticia Clim\u00e1tica venceyando l&#8217;ecoloxismu y l&#8217;antirracismu<\/li>\n<li>D\u00eda ente d\u00eda d&#8217;una activista clim\u00e1tica<\/li>\n<li>Empoderamiento xuvenil como ferramienta de lideralgu oce\u00e1nicu<\/li>\n<li>Evoluci\u00f3n del activismu clim\u00e1tico xuvenil: cais, instituciones y otres alternatives<\/li>\n<\/ul>\n<p>Si tu tami\u00e9n celebres el lideralgu de les nueves xeneraciones frente a la emerxencia clim\u00e1tica y sientes que les sos esmoliciones tienen de ser m\u00e1s escuchaes; si crees que la moced\u00e1 y el mediu ambiente tienen d&#8217;ocupar un llugar central na vida y la pol\u00edtica de la nuesa socied\u00e1 YES ASTURIES<\/p>\n<\/div>\n<\/div>\n<\/div>\n<\/div>\n<\/div>\n<\/div>\n<\/div>\n","protected":false},"excerpt":{"rendered":"<p>La moced\u00e1 asturiana toma&#8217;l relevu de les antepasaes celtes y venceyen con m\u00e1s fuerza que nunca col nuesu territoriu. Yes Asturies \u26f0\u00a0\ud83e\udd17 El pr\u00f3simo 31 de mayu organicen, al travi\u00e9s del @conseyu_cmx , el @conseyu_cmpa y la direcci\u00f3n de l&#8217;Axenda 2030, la xornada \u00abLa moced\u00e1 frente a la emerxencia clim\u00e1tica\u00bb nel @jbatlantico de Xix\u00f3n onde [&hellip;]<\/p>\n","protected":false},"author":117,"featured_media":0,"comment_status":"open","ping_status":"open","sticky":false,"template":"","format":"standard","meta":{"footnotes":""},"categories":[171,432],"tags":[],"class_list":["post-49939","post","type-post","status-publish","format-standard","hentry","category-xornaes","category-yes-asturies"],"_links":{"self":[{"href":"https:\/\/edublog.educastur.es\/ixuxu\/wp-json\/wp\/v2\/posts\/49939","targetHints":{"allow":["GET"]}}],"collection":[{"href":"https:\/\/edublog.educastur.es\/ixuxu\/wp-json\/wp\/v2\/posts"}],"about":[{"href":"https:\/\/edublog.educastur.es\/ixuxu\/wp-json\/wp\/v2\/types\/post"}],"author":[{"embeddable":true,"href":"https:\/\/edublog.educastur.es\/ixuxu\/wp-json\/wp\/v2\/users\/117"}],"replies":[{"embeddable":true,"href":"https:\/\/edublog.educastur.es\/ixuxu\/wp-json\/wp\/v2\/comments?post=49939"}],"version-history":[{"count":5,"href":"https:\/\/edublog.educastur.es\/ixuxu\/wp-json\/wp\/v2\/posts\/49939\/revisions"}],"predecessor-version":[{"id":49951,"href":"https:\/\/edublog.educastur.es\/ixuxu\/wp-json\/wp\/v2\/posts\/49939\/revisions\/49951"}],"wp:attachment":[{"href":"https:\/\/edublog.educastur.es\/ixuxu\/wp-json\/wp\/v2\/media?parent=49939"}],"wp:term":[{"taxonomy":"category","embeddable":true,"href":"https:\/\/edublog.educastur.es\/ixuxu\/wp-json\/wp\/v2\/categories?post=49939"},{"taxonomy":"post_tag","embeddable":true,"href":"https:\/\/edublog.educastur.es\/ixuxu\/wp-json\/wp\/v2\/tags?post=49939"}],"curies":[{"name":"wp","href":"https:\/\/api.w.org\/{rel}","templated":true}]}}