{"id":49959,"date":"2025-06-02T08:30:13","date_gmt":"2025-06-02T06:30:13","guid":{"rendered":"https:\/\/edublog.educastur.es\/ixuxu\/?p=49959"},"modified":"2025-06-01T22:25:32","modified_gmt":"2025-06-01T20:25:32","slug":"el-tiempu-el-comercio-56","status":"publish","type":"post","link":"https:\/\/edublog.educastur.es\/ixuxu\/2025\/06\/el-tiempu-el-comercio-56\/","title":{"rendered":"El tiempu (El Comercio)"},"content":{"rendered":"<p style=\"text-align: center\"><a href=\"https:\/\/s3.ppllstatics.com\/elcomercio\/www\/multimedia\/2025\/06\/01\/tiempo-asturias-lunes-junio-kidB-U2301948938566Ca-1200x840@El%20Comercio.jpg\"><img loading=\"lazy\" decoding=\"async\" class=\"aligncenter size-large\" src=\"https:\/\/s3.ppllstatics.com\/elcomercio\/www\/multimedia\/2025\/06\/01\/tiempo-asturias-lunes-junio-kidB-U2301948938566Ca-1200x840@El%20Comercio.jpg\" width=\"1200\" height=\"840\" \/><\/a><\/p>\n<p>Tres el descensu t\u00e9rmicu d&#8217;esti domingu, el llunes los term\u00f3metros volver\u00e1n rexistrar una nueva baxada de les temperatures.<strong> Les m\u00e1ximes<\/strong> van baxar hasta 1 o 2 \u00baC al respective de les anotaes el 1 de xunu, siendo&#8217;l descensu m\u00e1s significativu nel occidente asturianu. En cuanto al<strong> est\u00e1u de los cielos<\/strong>, prevese abondosa nubosid\u00e1 cubriendo tol Princip\u00e1u. Estes nubes van dexar precipitaciones d\u00e9biles polo xeneral pero que, a priori, van ser m\u00e1s frecuentes mientres la primer met\u00e1 del d\u00eda. <strong>Los vientos<\/strong> van soplar de nordeste fluexos con raches moderaes na mari\u00f1a.<\/p>\n<p><!--more--><\/p>\n<p><strong>El martes<\/strong> vamos empezar la xornada tami\u00e9n con nubes y con posibilid\u00e1 de dellos orbayos pocu importantes. A partir del mediud\u00eda va unviar la inestabilid\u00e1 y, a lo llargo de la tarde, vamos reparar como se van dir abriendo claros nel cielu cuidao que el sol va dir ganando terrenal frente a les nubes. <strong>Les temperatures m\u00e1ximes<\/strong>, asina tou, van caltenese salvu nel interior occidental onde van poder xubir. <strong>Los vientos<\/strong> van afitase de noroeste col pasu de les hores. Comoquier, a pesar d&#8217;esti ameyoramientu que se va dir produciendo col intre del martes, el mi\u00e9rcoles cabi esperar nuevamente la llegada de precipitaciones pel oeste.<\/p>\n","protected":false},"excerpt":{"rendered":"<p>Tres el descensu t\u00e9rmicu d&#8217;esti domingu, el llunes los term\u00f3metros volver\u00e1n rexistrar una nueva baxada de les temperatures. Les m\u00e1ximes van baxar hasta 1 o 2 \u00baC al respective de les anotaes el 1 de xunu, siendo&#8217;l descensu m\u00e1s significativu nel occidente asturianu. En cuanto al est\u00e1u de los cielos, prevese abondosa nubosid\u00e1 cubriendo tol [&hellip;]<\/p>\n","protected":false},"author":117,"featured_media":0,"comment_status":"open","ping_status":"open","sticky":false,"template":"","format":"standard","meta":{"footnotes":""},"categories":[5],"tags":[],"class_list":["post-49959","post","type-post","status-publish","format-standard","hentry","category-tiempu"],"_links":{"self":[{"href":"https:\/\/edublog.educastur.es\/ixuxu\/wp-json\/wp\/v2\/posts\/49959","targetHints":{"allow":["GET"]}}],"collection":[{"href":"https:\/\/edublog.educastur.es\/ixuxu\/wp-json\/wp\/v2\/posts"}],"about":[{"href":"https:\/\/edublog.educastur.es\/ixuxu\/wp-json\/wp\/v2\/types\/post"}],"author":[{"embeddable":true,"href":"https:\/\/edublog.educastur.es\/ixuxu\/wp-json\/wp\/v2\/users\/117"}],"replies":[{"embeddable":true,"href":"https:\/\/edublog.educastur.es\/ixuxu\/wp-json\/wp\/v2\/comments?post=49959"}],"version-history":[{"count":3,"href":"https:\/\/edublog.educastur.es\/ixuxu\/wp-json\/wp\/v2\/posts\/49959\/revisions"}],"predecessor-version":[{"id":49962,"href":"https:\/\/edublog.educastur.es\/ixuxu\/wp-json\/wp\/v2\/posts\/49959\/revisions\/49962"}],"wp:attachment":[{"href":"https:\/\/edublog.educastur.es\/ixuxu\/wp-json\/wp\/v2\/media?parent=49959"}],"wp:term":[{"taxonomy":"category","embeddable":true,"href":"https:\/\/edublog.educastur.es\/ixuxu\/wp-json\/wp\/v2\/categories?post=49959"},{"taxonomy":"post_tag","embeddable":true,"href":"https:\/\/edublog.educastur.es\/ixuxu\/wp-json\/wp\/v2\/tags?post=49959"}],"curies":[{"name":"wp","href":"https:\/\/api.w.org\/{rel}","templated":true}]}}