{"id":49966,"date":"2025-06-02T13:44:49","date_gmt":"2025-06-02T11:44:49","guid":{"rendered":"https:\/\/edublog.educastur.es\/ixuxu\/?p=49966"},"modified":"2025-06-02T14:39:38","modified_gmt":"2025-06-02T12:39:38","slug":"49966","status":"publish","type":"post","link":"https:\/\/edublog.educastur.es\/ixuxu\/2025\/06\/49966\/","title":{"rendered":"Sonora protesta docente&#8230;"},"content":{"rendered":"<p style=\"text-align: center\"><a href=\"https:\/\/actualidad.asturias.es\/documents\/537115\/2604581\/2025_06_02+rueda+prensa+consejo+gobierno+2.jpeg\/5ff7d40d-fcd1-c1c9-6f77-9534c930e3b6?t=1748866251476\"><img loading=\"lazy\" decoding=\"async\" class=\"aligncenter \" src=\"https:\/\/actualidad.asturias.es\/documents\/537115\/2604581\/2025_06_02+rueda+prensa+consejo+gobierno+2.jpeg\/5ff7d40d-fcd1-c1c9-6f77-9534c930e3b6?t=1748866251476\" width=\"503\" height=\"328\" \/><\/a><\/p>\n<p>La pr\u00f3xima xunta de negociaci\u00f3n celebrar\u00e1 esta tarde y al mandu de la representaci\u00f3n del Princip\u00e1u van tar la vicepresidenta, Ximena Llamedo, y el mesmu Guillermo Pel\u00e1ez. Tami\u00e9n van participar la directora xeneral de Centros y Rede 0-3 A\u00f1os, Cristina Blanco, y los directores xenerales d&#8217;Empl\u00e9u P\u00fablicu, Miguel \u00c1ngel Rodr\u00edguez, y de Personal Docente, C\u00e9sar Gonz\u00e1lez.<\/p>\n<p style=\"text-align: center\"><a href=\"https:\/\/s2.ppllstatics.com\/elcomercio\/www\/multimedia\/2025\/06\/02\/protestas-educacion-asturias-dimision-consejera%20(21).jpg\"><img loading=\"lazy\" decoding=\"async\" class=\"aligncenter size-large\" src=\"https:\/\/s2.ppllstatics.com\/elcomercio\/www\/multimedia\/2025\/06\/02\/protestas-educacion-asturias-dimision-consejera%20(21).jpg\" width=\"1920\" height=\"1280\" \/><\/a>Fonte: <a href=\"https:\/\/www.elcomercio.es\/asturias\/protesta-docente-dimision-consejera-educacion-asturias-20250602134038-ga.html#firstImage\">El Comercio<\/a>\/ <a href=\"https:\/\/www.lne.es\/fotos\/2025\/06\/02\/imagenes-gran-columna-profesores-ataviesa-118124808.html\">galer\u00eda LNE<\/a><\/p>\n<p><strong>Sonora protesta docente<\/strong> tres la dimisi\u00f3n de la conseyera d&#8217;Educaci\u00f3n d&#8217;Asturies. L&#8217;arrenunciu de Lydia Espina nun fren\u00f3 la marea negra y cientos de persones allegaron a la manifestaci\u00f3n convocada n&#8217;Uvi\u00e9u mientres el primer d\u00eda de fuelga indefinida, que remat\u00f3 frente a la see de Presidenci.<\/p>\n<p><!--more--><a href=\"https:\/\/s3.ppllstatics.com\/elcomercio\/www\/multimedia\/2025\/06\/02\/protestas-educacion-asturias-dimision-consejera%20(3).jpg\"><img loading=\"lazy\" decoding=\"async\" class=\"aligncenter size-large\" src=\"https:\/\/s3.ppllstatics.com\/elcomercio\/www\/multimedia\/2025\/06\/02\/protestas-educacion-asturias-dimision-consejera%20(3).jpg\" width=\"1920\" height=\"1280\" \/><\/a><\/p>\n<p>La protesta del profesor\u00e1u n&#8217;Uvi\u00e9u volvi\u00f3 llenar les cais, y una gran columna de docentes punxeron aldu dende la plaza d&#8217;Espa\u00f1a, onde tien la so see la conseyer\u00eda d&#8217;Educaci\u00f3n, a la see de Presidencia, onde comparec\u00eda&#8217;l mesmu Guillermo Pel\u00e1ez.<\/p>\n<p style=\"text-align: center\"><a href=\"https:\/\/estaticos-cdn.prensaiberica.es\/clip\/745248fb-0646-4f9b-9f29-971438f29af0_source-aspect-ratio_default_0.jpg\"><img loading=\"lazy\" decoding=\"async\" class=\"aligncenter size-large\" src=\"https:\/\/estaticos-cdn.prensaiberica.es\/clip\/745248fb-0646-4f9b-9f29-971438f29af0_source-aspect-ratio_default_0.jpg\" width=\"2000\" height=\"1500\" \/><\/a><\/p>\n<p style=\"text-align: center\"><a href=\"https:\/\/estaticos-cdn.prensaiberica.es\/clip\/c23e94c4-2c36-44e9-8252-237e0cb10245_source-aspect-ratio_default_0.jpg\"><img loading=\"lazy\" decoding=\"async\" class=\"aligncenter size-large\" src=\"https:\/\/estaticos-cdn.prensaiberica.es\/clip\/c23e94c4-2c36-44e9-8252-237e0cb10245_source-aspect-ratio_default_0.jpg\" width=\"2000\" height=\"1500\" \/><\/a><\/p>\n","protected":false},"excerpt":{"rendered":"<p>La pr\u00f3xima xunta de negociaci\u00f3n celebrar\u00e1 esta tarde y al mandu de la representaci\u00f3n del Princip\u00e1u van tar la vicepresidenta, Ximena Llamedo, y el mesmu Guillermo Pel\u00e1ez. Tami\u00e9n van participar la directora xeneral de Centros y Rede 0-3 A\u00f1os, Cristina Blanco, y los directores xenerales d&#8217;Empl\u00e9u P\u00fablicu, Miguel \u00c1ngel Rodr\u00edguez, y de Personal Docente, C\u00e9sar [&hellip;]<\/p>\n","protected":false},"author":117,"featured_media":0,"comment_status":"open","ping_status":"open","sticky":false,"template":"","format":"standard","meta":{"footnotes":""},"categories":[451,236],"tags":[],"class_list":["post-49966","post","type-post","status-publish","format-standard","hentry","category-fuelga","category-manifestaciones"],"_links":{"self":[{"href":"https:\/\/edublog.educastur.es\/ixuxu\/wp-json\/wp\/v2\/posts\/49966","targetHints":{"allow":["GET"]}}],"collection":[{"href":"https:\/\/edublog.educastur.es\/ixuxu\/wp-json\/wp\/v2\/posts"}],"about":[{"href":"https:\/\/edublog.educastur.es\/ixuxu\/wp-json\/wp\/v2\/types\/post"}],"author":[{"embeddable":true,"href":"https:\/\/edublog.educastur.es\/ixuxu\/wp-json\/wp\/v2\/users\/117"}],"replies":[{"embeddable":true,"href":"https:\/\/edublog.educastur.es\/ixuxu\/wp-json\/wp\/v2\/comments?post=49966"}],"version-history":[{"count":9,"href":"https:\/\/edublog.educastur.es\/ixuxu\/wp-json\/wp\/v2\/posts\/49966\/revisions"}],"predecessor-version":[{"id":49991,"href":"https:\/\/edublog.educastur.es\/ixuxu\/wp-json\/wp\/v2\/posts\/49966\/revisions\/49991"}],"wp:attachment":[{"href":"https:\/\/edublog.educastur.es\/ixuxu\/wp-json\/wp\/v2\/media?parent=49966"}],"wp:term":[{"taxonomy":"category","embeddable":true,"href":"https:\/\/edublog.educastur.es\/ixuxu\/wp-json\/wp\/v2\/categories?post=49966"},{"taxonomy":"post_tag","embeddable":true,"href":"https:\/\/edublog.educastur.es\/ixuxu\/wp-json\/wp\/v2\/tags?post=49966"}],"curies":[{"name":"wp","href":"https:\/\/api.w.org\/{rel}","templated":true}]}}