{"id":49971,"date":"2025-06-02T13:50:25","date_gmt":"2025-06-02T11:50:25","guid":{"rendered":"https:\/\/edublog.educastur.es\/ixuxu\/?p=49971"},"modified":"2025-06-02T13:55:20","modified_gmt":"2025-06-02T11:55:20","slug":"49971","status":"publish","type":"post","link":"https:\/\/edublog.educastur.es\/ixuxu\/2025\/06\/49971\/","title":{"rendered":"Mediu Rural llibera animales que fueron atend\u00edos nel Centru de Recuperaci\u00f3n de la Fauna Montesa."},"content":{"rendered":"<p>Mediu Rural llibera once corpuspinos y dos pollos de ferre pelegr\u00edn que fueron atend\u00edos nel <strong><span style=\"color: #008080\">Centru de Recuperaci\u00f3n de la Fauna Montesa<\/span><\/strong>. Los mam\u00edferos fueron prindaos pola Polic\u00eda Nacional n&#8217;Uvi\u00e9u y les aves rapazos cayeron d&#8217;un nial en Xix\u00f3n. Fonte: <a href=\"https:\/\/actualidad.asturias.es\/-\/medio-rural-libera-once-erizos-y-dos-pollos-de-halc%C3%B3n-peregrino-que-hab%C3%ADan-sido-rescatados-y-atendidos-en-el-centro-de-recuperaci%C3%B3n-de-la-fauna-silvestre?redirect=%2Fnoticias\">Actualid\u00e1 Asturies<\/a><\/p>\n<p style=\"text-align: center\"><a href=\"https:\/\/actualidad.asturias.es\/documents\/537115\/2604005\/rescate.jpg\/b1f727b9-f235-63b4-f719-817e1078ae7e?t=1748854085948\"><img loading=\"lazy\" decoding=\"async\" class=\"aligncenter size-large\" src=\"https:\/\/actualidad.asturias.es\/documents\/537115\/2604005\/rescate.jpg\/b1f727b9-f235-63b4-f719-817e1078ae7e?t=1748854085948\" width=\"7148\" height=\"2050\" \/><\/a><!--more--><a href=\"https:\/\/actualidad.asturias.es\/documents\/537115\/2604005\/2025_06_02+rescate+erizos+y+aves+1.jpg\/97718fb8-de96-5921-63fd-b830f6e8acad?t=1748854086127\"><img loading=\"lazy\" decoding=\"async\" class=\"aligncenter \" src=\"https:\/\/actualidad.asturias.es\/documents\/537115\/2604005\/2025_06_02+rescate+erizos+y+aves+1.jpg\/97718fb8-de96-5921-63fd-b830f6e8acad?t=1748854086127\" width=\"625\" height=\"508\" \/><\/a><\/p>\n<p style=\"text-align: center\"><a href=\"https:\/\/actualidad.asturias.es\/documents\/537115\/2604005\/2025_06_02+rescate+erizos+y+aves+3.jpg\/2c1c0982-4976-2ed5-b263-7f82e22eeb82?t=1748854086291\"><img loading=\"lazy\" decoding=\"async\" class=\"aligncenter \" src=\"https:\/\/actualidad.asturias.es\/documents\/537115\/2604005\/2025_06_02+rescate+erizos+y+aves+3.jpg\/2c1c0982-4976-2ed5-b263-7f82e22eeb82?t=1748854086291\" width=\"600\" height=\"628\" \/><\/a><\/p>\n<p>El Centru de Recuperaci\u00f3n de Fauna Montesa del Princip\u00e1u, allug\u00e1u en Sobrescobiu<\/p>\n<p style=\"text-align: center\"><a href=\"https:\/\/estaticos-cdn.prensaiberica.es\/clip\/50dd6561-bf62-48a4-ac80-227a700ff781_16-9-aspect-ratio_default_0.webp\"><img loading=\"lazy\" decoding=\"async\" class=\"aligncenter \" src=\"https:\/\/estaticos-cdn.prensaiberica.es\/clip\/50dd6561-bf62-48a4-ac80-227a700ff781_16-9-aspect-ratio_default_0.webp\" width=\"482\" height=\"271\" \/><\/a><\/p>\n","protected":false},"excerpt":{"rendered":"<p>Mediu Rural llibera once corpuspinos y dos pollos de ferre pelegr\u00edn que fueron atend\u00edos nel Centru de Recuperaci\u00f3n de la Fauna Montesa. Los mam\u00edferos fueron prindaos pola Polic\u00eda Nacional n&#8217;Uvi\u00e9u y les aves rapazos cayeron d&#8217;un nial en Xix\u00f3n. Fonte: Actualid\u00e1 Asturies<\/p>\n","protected":false},"author":117,"featured_media":0,"comment_status":"open","ping_status":"open","sticky":false,"template":"","format":"standard","meta":{"footnotes":""},"categories":[1],"tags":[],"class_list":["post-49971","post","type-post","status-publish","format-standard","hentry","category-sin-categoria"],"_links":{"self":[{"href":"https:\/\/edublog.educastur.es\/ixuxu\/wp-json\/wp\/v2\/posts\/49971","targetHints":{"allow":["GET"]}}],"collection":[{"href":"https:\/\/edublog.educastur.es\/ixuxu\/wp-json\/wp\/v2\/posts"}],"about":[{"href":"https:\/\/edublog.educastur.es\/ixuxu\/wp-json\/wp\/v2\/types\/post"}],"author":[{"embeddable":true,"href":"https:\/\/edublog.educastur.es\/ixuxu\/wp-json\/wp\/v2\/users\/117"}],"replies":[{"embeddable":true,"href":"https:\/\/edublog.educastur.es\/ixuxu\/wp-json\/wp\/v2\/comments?post=49971"}],"version-history":[{"count":5,"href":"https:\/\/edublog.educastur.es\/ixuxu\/wp-json\/wp\/v2\/posts\/49971\/revisions"}],"predecessor-version":[{"id":49976,"href":"https:\/\/edublog.educastur.es\/ixuxu\/wp-json\/wp\/v2\/posts\/49971\/revisions\/49976"}],"wp:attachment":[{"href":"https:\/\/edublog.educastur.es\/ixuxu\/wp-json\/wp\/v2\/media?parent=49971"}],"wp:term":[{"taxonomy":"category","embeddable":true,"href":"https:\/\/edublog.educastur.es\/ixuxu\/wp-json\/wp\/v2\/categories?post=49971"},{"taxonomy":"post_tag","embeddable":true,"href":"https:\/\/edublog.educastur.es\/ixuxu\/wp-json\/wp\/v2\/tags?post=49971"}],"curies":[{"name":"wp","href":"https:\/\/api.w.org\/{rel}","templated":true}]}}