{"id":49978,"date":"2025-06-02T13:58:07","date_gmt":"2025-06-02T11:58:07","guid":{"rendered":"https:\/\/edublog.educastur.es\/ixuxu\/?p=49978"},"modified":"2025-06-02T14:21:31","modified_gmt":"2025-06-02T12:21:31","slug":"les-agues-docho-de-cada-diez-sableres-asturianes-son-escelentes-paral-banu","status":"publish","type":"post","link":"https:\/\/edublog.educastur.es\/ixuxu\/2025\/06\/les-agues-docho-de-cada-diez-sableres-asturianes-son-escelentes-paral-banu\/","title":{"rendered":"Les ag\u00fces d&#8217;ocho de cada diez sableres asturianes son escelentes para&#8217;l ba\u00f1u"},"content":{"rendered":"<p>Les ag\u00fces d&#8217;ocho de cada diez sableres asturianes son escelentes para&#8217;l ba\u00f1u nel entamu de la temporada braniza.\u00a0El <strong>Llaboratoriu de Sal\u00fa P\u00fablica<\/strong> recueye amueses en 73 puntos distribuy\u00edos en 63 arenales de 19 conceyos para&#8217;l control de la calid\u00e1.<a href=\"https:\/\/www.asturias.es\/Asturias\/playas\/calificacion.htm\"> Calificaci\u00f3n sanitaria de les sableres asturianes.<\/a><\/p>\n<p style=\"text-align: center\"><a href=\"https:\/\/actualidad.asturias.es\/documents\/537115\/2599682\/2025_05_31+playa.jpg\/6dd311a6-02b3-d320-8f2c-ff7e35c80b89?t=1748595690462\"><img loading=\"lazy\" decoding=\"async\" class=\"aligncenter size-large\" src=\"https:\/\/actualidad.asturias.es\/documents\/537115\/2599682\/2025_05_31+playa.jpg\/6dd311a6-02b3-d320-8f2c-ff7e35c80b89?t=1748595690462\" width=\"1920\" height=\"1100\" \/><\/a><\/p>\n<ul>\n<li style=\"text-align: left\">Fonte: <a href=\"https:\/\/actualidad.asturias.es\/-\/calidad-agua-playas?redirect=%2Fnoticias\">Actualid\u00e1 Asturies<\/a>\/ <a href=\"https:\/\/nayadeciudadano.sanidad.gob.es\/Splayas\/ciudadano\/ciudadanoListaZonaAction.do\">Sableres asturianes<\/a> \/<\/li>\n<\/ul>\n<p><!--more--><\/p>\n<p>Les ag\u00fces d&#8217;ocho de cada diez sableres asturianes cunten cola m\u00e1xima calificaci\u00f3n sanitaria, esto ye, son escelentes para&#8217;l ba\u00f1u, seg\u00fan refl\u00e9xase nos analises selmanales realizaos dende xunu a setiembre nos cuatro \u00faltimes temporaes (2021-2024).<\/p>\n<p style=\"text-align: center\"><a href=\"http:\/\/www.asturias.es\/Asturias\/playas\/img\/mapa_costas.jpg\"><img loading=\"lazy\" decoding=\"async\" class=\"aligncenter size-large\" src=\"http:\/\/www.asturias.es\/Asturias\/playas\/img\/mapa_costas.jpg\" width=\"773\" height=\"238\" \/><\/a><\/p>\n<p>Les resultancies llograes l&#8217;a\u00f1u pas\u00e1u pol<strong> Llaboratoriu de Sal\u00fa P\u00fablica<\/strong>, y vixentes esta temporada, constaten la calid\u00e1 favorable de les zones de ba\u00f1u. El control efectuose por aciu la recoyida d&#8217;amueses en 73 puntos distribuy\u00edos en 63 arenales de 19 conceyos. Les resultancies reflexen que la calid\u00e1 ye escelente nel 84,93% de los casos y de bona calid\u00e1 nel 9,5%.<\/p>\n<p>El llaboratoriu, dependiente de la Conseyer\u00eda de Sal\u00fa, recueye semanalmente les amueses mientres la temporada braniza y analiza los datos rellacionaos col est\u00e1u sanitariu de les ag\u00fces. La serie de mid\u00edes determina la calificaci\u00f3n final a\u00f1al que s&#8217;axudica a cada zona.<\/p>\n<p>La clasificaci\u00f3n establ\u00e9cese con base n&#8217;una normativa comu\u00f1al, de cuenta que toles sableres europees eval\u00faense otramiente, lo que dexa comparar resultancies. Am\u00e1s, n&#8217;Espa\u00f1a los datos incorporense al Sistema d&#8217;Informaci\u00f3n Nacional d&#8217;Ag\u00fces de Ba\u00f1o N\u00e1yade, que depende del Ministeriu de Sanid\u00e1 y puede consultase nel enllaz: <a href=\"http:\/\/nayadeciudadano.sanidad.gob.es\/\" target=\"_blank\" rel=\"noopener\">http:\/\/nayadeciudadano.sanidad.gob.es\/<\/a><\/p>\n<p style=\"text-align: center\"><a href=\"http:\/\/nayadeciudadano.sanidad.gob.es\/\"><img loading=\"lazy\" decoding=\"async\" class=\"aligncenter\" src=\"https:\/\/nayadeciudadano.sanidad.gob.es\/Splayas\/images\/nayade_acceso_2.jpg\" alt=\"\" width=\"413\" height=\"234\" \/><\/a><\/p>\n<ul>\n<li><a href=\"https:\/\/nayadeciudadano.sanidad.gob.es\/Splayas\/ciudadano\/ciudadanoZonaAction.do\">Temporada ba\u00f1u 2025<\/a><\/li>\n<\/ul>\n<p>De xunu a setiembre, Sal\u00fa publica semanalmente los datos de los \u00faltimos analises realizaos, polo que reflexen la situaci\u00f3n puntual de les ag\u00fces nel momentu del muestreo. A lo llargo de la temporada, la calid\u00e1 de les ag\u00fces puede variar en funci\u00f3n de condiciones meteorol\u00f3xiques adverses o arramaos puntuales, ente otres circunstancies.<\/p>\n<p><em><span style=\"text-decoration: underline\">Les autoridaes locales tienen les siguientes competencies en relaci\u00f3n coles sableres:<\/span><\/em><\/p>\n<ul>\n<li><em>Caltener la llimpieza, hixene y salobrid\u00e1 de los arenales.<\/em><\/li>\n<li><em>Informar por aciu cartelos de les caracter\u00edstiques de la sablera, les mid\u00edes de segurid\u00e1 y la calificaci\u00f3n sanitaria.<\/em><\/li>\n<li><em>Xixilar posibles puntos d&#8217;arram\u00e1u cercanos que puedan suponer riesgu de contaminaci\u00f3n.<\/em><\/li>\n<\/ul>\n<p>Tola informaci\u00f3n ta disponible nel siguiente enllaz:\u00a0:\u00a0<a href=\"https:\/\/www.asturias.es\/Asturias\/playas\/index.htm\" target=\"_blank\" rel=\"noopener\">https:\/\/www.asturias.es\/Asturias\/playas\/index.htm<\/a><\/p>\n","protected":false},"excerpt":{"rendered":"<p>Les ag\u00fces d&#8217;ocho de cada diez sableres asturianes son escelentes para&#8217;l ba\u00f1u nel entamu de la temporada braniza.\u00a0El Llaboratoriu de Sal\u00fa P\u00fablica recueye amueses en 73 puntos distribuy\u00edos en 63 arenales de 19 conceyos para&#8217;l control de la calid\u00e1. Calificaci\u00f3n sanitaria de les sableres asturianes. Fonte: Actualid\u00e1 Asturies\/ Sableres asturianes \/<\/p>\n","protected":false},"author":117,"featured_media":0,"comment_status":"open","ping_status":"open","sticky":false,"template":"","format":"standard","meta":{"footnotes":""},"categories":[93],"tags":[],"class_list":["post-49978","post","type-post","status-publish","format-standard","hentry","category-sableres"],"_links":{"self":[{"href":"https:\/\/edublog.educastur.es\/ixuxu\/wp-json\/wp\/v2\/posts\/49978","targetHints":{"allow":["GET"]}}],"collection":[{"href":"https:\/\/edublog.educastur.es\/ixuxu\/wp-json\/wp\/v2\/posts"}],"about":[{"href":"https:\/\/edublog.educastur.es\/ixuxu\/wp-json\/wp\/v2\/types\/post"}],"author":[{"embeddable":true,"href":"https:\/\/edublog.educastur.es\/ixuxu\/wp-json\/wp\/v2\/users\/117"}],"replies":[{"embeddable":true,"href":"https:\/\/edublog.educastur.es\/ixuxu\/wp-json\/wp\/v2\/comments?post=49978"}],"version-history":[{"count":9,"href":"https:\/\/edublog.educastur.es\/ixuxu\/wp-json\/wp\/v2\/posts\/49978\/revisions"}],"predecessor-version":[{"id":49987,"href":"https:\/\/edublog.educastur.es\/ixuxu\/wp-json\/wp\/v2\/posts\/49978\/revisions\/49987"}],"wp:attachment":[{"href":"https:\/\/edublog.educastur.es\/ixuxu\/wp-json\/wp\/v2\/media?parent=49978"}],"wp:term":[{"taxonomy":"category","embeddable":true,"href":"https:\/\/edublog.educastur.es\/ixuxu\/wp-json\/wp\/v2\/categories?post=49978"},{"taxonomy":"post_tag","embeddable":true,"href":"https:\/\/edublog.educastur.es\/ixuxu\/wp-json\/wp\/v2\/tags?post=49978"}],"curies":[{"name":"wp","href":"https:\/\/api.w.org\/{rel}","templated":true}]}}