{"id":50037,"date":"2025-06-02T17:50:05","date_gmt":"2025-06-02T15:50:05","guid":{"rendered":"https:\/\/edublog.educastur.es\/ixuxu\/?p=50037"},"modified":"2025-06-08T22:03:58","modified_gmt":"2025-06-08T20:03:58","slug":"siguimos-en-fuelga-educativa","status":"publish","type":"post","link":"https:\/\/edublog.educastur.es\/ixuxu\/2025\/06\/siguimos-en-fuelga-educativa\/","title":{"rendered":"Siguimos en Fuelga educativa"},"content":{"rendered":"<p>Una vegada m\u00e1s l&#8217;alministraci\u00f3n educativa asturiana faciendo gala de la so violencia institucional pensando que nos va a someter con presiones. Nunca vimos una falta de respetu tan grande. Demuestra lo poco que se valora la educaci\u00f3n y a los\/les profesionales que trabayamos nella. Denota una soberbia sobro l&#8217;alumn\u00e1u y les sos families.<\/p>\n<p style=\"text-align: center\">\n<!-- iframe plugin v.6.0 wordpress.org\/plugins\/iframe\/ -->\n<iframe loading=\"lazy\" src=\"https:\/\/www.facebook.com\/plugins\/post.php?href=https%3A%2F%2Fwww.facebook.com%2Flapetry%2Fposts%2Fpfbid0EGCCDYvPjt7CxqhSPyqnoXFxacBWojjysHNdbpu12sShaYmw6fT5NbeVjTwFw4p7l&#038;show_text=false&#038;width=500\" width=\"500\" height=\"498\" style=\"border:none;overflow:hidden\" scrolling=\"no\" frameborder=\"0\" allowfullscreen=\"true\" allow=\"autoplay; clipboard-write; encrypted-media; picture-in-picture; web-share\" 0=\"\/iframe\" class=\"iframe-class\"><\/iframe>\n<\/p>\n<p><!--more--><\/p>\n<p style=\"text-align: center\">[frame src=\u00bbhttps:\/\/www.facebook.com\/plugins\/video.php?height=314&amp;href=https%3A%2F%2Fwww.facebook.com%2Freel%2F1097924218906672%2F&amp;show_text=false&amp;width=560&amp;t=0&#8243; width=\u00bb560&#8243; height=\u00bb314&#8243; style=\u00bbborder:none;overflow:hidden\u00bb scrolling=\u00bbno\u00bb frameborder=\u00bb0&#8243; allowfullscreen=\u00bbtrue\u00bb allow=\u00bbautoplay; clipboard-write; encrypted-media; picture-in-picture; web-share\u00bb allowFullScreen=\u00bbtrue\u00bb \/iframe]<\/p>\n<p>\u203c\ufe0fIMPARABLES: ESCUELA P\u00daBLICA ASTURIANA EN LLUCHA<\/p>\n<p>Nueva xornada de movilizaci\u00f3n hist\u00f3rica de la comunid\u00e1 educativa asturiana. Impresionante salida de la rueda de prensa de los y\u00e1 EX-directores y directores de los centros educativos que dimitieron en bloque col sofitu de miles de persones. Qu\u00e9 guapu ye lluchar pol futuru d&#8217;Asturies \ud83d\udc99\ud83d\udc9b Tamos faciendo hestoria. Vamos Vencer \u270a\ud83c\udffd<\/p>\n<p style=\"text-align: center\"><span class=\"html-span xexx8yu x4uap5 x18d9i69 xkhd6sd x1hl2dhg x16tdsg8 x1vvkbs x3nfvp2 x1j61x8r x1fcty0u xdj266r xat24cr xgzva0m xhhsvwb xxymvpz xlup9mm x1kky2od\">\n<!-- iframe plugin v.6.0 wordpress.org\/plugins\/iframe\/ -->\n<iframe loading=\"lazy\" src=\"https:\/\/www.instagram.com\/reel\/DKpEJc8MDru\/embed\" width=\"460\" height=\"600\" 0=\"\/iframe\" scrolling=\"yes\" class=\"iframe-class\" frameborder=\"0\"><\/iframe>\n<\/span><\/p>\n","protected":false},"excerpt":{"rendered":"<p>Una vegada m\u00e1s l&#8217;alministraci\u00f3n educativa asturiana faciendo gala de la so violencia institucional pensando que nos va a someter con presiones. Nunca vimos una falta de respetu tan grande. Demuestra lo poco que se valora la educaci\u00f3n y a los\/les profesionales que trabayamos nella. Denota una soberbia sobro l&#8217;alumn\u00e1u y les sos families.<\/p>\n","protected":false},"author":117,"featured_media":0,"comment_status":"open","ping_status":"open","sticky":false,"template":"","format":"standard","meta":{"footnotes":""},"categories":[451,1],"tags":[],"class_list":["post-50037","post","type-post","status-publish","format-standard","hentry","category-fuelga","category-sin-categoria"],"_links":{"self":[{"href":"https:\/\/edublog.educastur.es\/ixuxu\/wp-json\/wp\/v2\/posts\/50037","targetHints":{"allow":["GET"]}}],"collection":[{"href":"https:\/\/edublog.educastur.es\/ixuxu\/wp-json\/wp\/v2\/posts"}],"about":[{"href":"https:\/\/edublog.educastur.es\/ixuxu\/wp-json\/wp\/v2\/types\/post"}],"author":[{"embeddable":true,"href":"https:\/\/edublog.educastur.es\/ixuxu\/wp-json\/wp\/v2\/users\/117"}],"replies":[{"embeddable":true,"href":"https:\/\/edublog.educastur.es\/ixuxu\/wp-json\/wp\/v2\/comments?post=50037"}],"version-history":[{"count":4,"href":"https:\/\/edublog.educastur.es\/ixuxu\/wp-json\/wp\/v2\/posts\/50037\/revisions"}],"predecessor-version":[{"id":50388,"href":"https:\/\/edublog.educastur.es\/ixuxu\/wp-json\/wp\/v2\/posts\/50037\/revisions\/50388"}],"wp:attachment":[{"href":"https:\/\/edublog.educastur.es\/ixuxu\/wp-json\/wp\/v2\/media?parent=50037"}],"wp:term":[{"taxonomy":"category","embeddable":true,"href":"https:\/\/edublog.educastur.es\/ixuxu\/wp-json\/wp\/v2\/categories?post=50037"},{"taxonomy":"post_tag","embeddable":true,"href":"https:\/\/edublog.educastur.es\/ixuxu\/wp-json\/wp\/v2\/tags?post=50037"}],"curies":[{"name":"wp","href":"https:\/\/api.w.org\/{rel}","templated":true}]}}