{"id":50046,"date":"2025-06-02T09:00:23","date_gmt":"2025-06-02T07:00:23","guid":{"rendered":"https:\/\/edublog.educastur.es\/ixuxu\/?p=50046"},"modified":"2025-06-02T21:59:53","modified_gmt":"2025-06-02T19:59:53","slug":"dia-mundial-de-la-etica-y-los-valores-eticos","status":"publish","type":"post","link":"https:\/\/edublog.educastur.es\/ixuxu\/2025\/06\/dia-mundial-de-la-etica-y-los-valores-eticos\/","title":{"rendered":"D\u00eda Mundial de la \u00c9tica y los valores \u00c9ticos"},"content":{"rendered":"<div class=\"html-div xdj266r x11i5rnm xat24cr x1mh8g0r xexx8yu x1a8lsjc x1swvt13 x1pi30zi\">\n<div class=\"html-div xdj266r x11i5rnm xat24cr x1mh8g0r xexx8yu x4uap5 x18d9i69 xkhd6sd x1jx94hy x78zum5 x1q0g3np\">\n<div class=\"x78zum5 xdt5ytf xz62fqu x16ldp7u\">\n<div class=\"xu06os2 x1ok221b\">\n<div class=\"html-div xdj266r x11i5rnm xat24cr x1mh8g0r xexx8yu x4uap5 x18d9i69 xkhd6sd\" data-ad-rendering-role=\"profile_name\">\n<div class=\"x6prxxf xk50ysn xvq8zen\">\n<ul>\n<li dir=\"ltr\"><span class=\"x1lliihq x6ikm8r x10wlt62 x1n2onr6\"><span dir=\"ltr\"><span class=\"\"><span class=\"xt0psk2\"><a class=\"x1i10hfl xjbqb8w x1ejq31n xd10rxx x1sy0etr x17r0tee x972fbf xcfux6l x1qhh985 xm0m39n x9f619 x1ypdohk xt0psk2 xe8uvvx xdj266r x11i5rnm xat24cr x1mh8g0r xexx8yu x4uap5 x18d9i69 xkhd6sd x16tdsg8 x1hl2dhg xggy1nq x1a2a7pz xkrqix3 x1sur9pj xzsf02u x1s688f\" role=\"link\" href=\"https:\/\/www.facebook.com\/groups\/859633611841241\/user\/100001280604714\/?__cft__[0]=AZU_TwFj4rwGAG0Qe4XqKdKXYbtuJE6muNqrURDZRc1kKcB_o5jWMkrqgUAhWBb5uRE1XSQWnzJDtybI2rpKny_MBrpVrL5APvBm8TM16fcn90BmiR5h-zRzKWYyjoxXTq8oQmDN5UE9lOnJHxDcvKZC-Mie2nyNSkAif82J5KcqeEoUWJhsWzeJM56uoY183PTFYHAmlh1n_1SomDH0xddTrQd3LKgo_fhbdJFl_wSXfw&amp;__tn__=-UC%2CP-y-R\"><span class=\"html-span xdj266r x11i5rnm xat24cr x1mh8g0r xexx8yu x4uap5 x18d9i69 xkhd6sd x1hl2dhg x16tdsg8 x1vvkbs\">V\u00edctor Manuel P\u00e9rez<\/span><\/a><\/span><\/span><\/span><i class=\"x1b0d499 x1d69dk1\" data-visualcompletion=\"css-img\" aria-label=\"public\u00f3 en\"><\/i><span dir=\"ltr\"><span class=\"xt0psk2\"><span class=\"xjp7ctv\"><a class=\"x1i10hfl xjbqb8w x1ejq31n xd10rxx x1sy0etr x17r0tee x972fbf xcfux6l x1qhh985 xm0m39n x9f619 x1ypdohk xt0psk2 xe8uvvx xdj266r x11i5rnm xat24cr x1mh8g0r xexx8yu x4uap5 x18d9i69 xkhd6sd x16tdsg8 x1hl2dhg xggy1nq x1a2a7pz xkrqix3 x1sur9pj xzsf02u x1s688f\" role=\"link\" href=\"https:\/\/www.facebook.com\/groups\/859633611841241\/?__cft__[0]=AZU_TwFj4rwGAG0Qe4XqKdKXYbtuJE6muNqrURDZRc1kKcB_o5jWMkrqgUAhWBb5uRE1XSQWnzJDtybI2rpKny_MBrpVrL5APvBm8TM16fcn90BmiR5h-zRzKWYyjoxXTq8oQmDN5UE9lOnJHxDcvKZC-Mie2nyNSkAif82J5KcqeEoUWJhsWzeJM56uoY183PTFYHAmlh1n_1SomDH0xddTrQd3LKgo_fhbdJFl_wSXfw&amp;__tn__=-UC%2CP-y-R\"><span class=\"html-span xdj266r x11i5rnm xat24cr x1mh8g0r xexx8yu x4uap5 x18d9i69 xkhd6sd x1hl2dhg x16tdsg8 x1vvkbs\">Sabidur\u00eda ESTOICA &#8211; ESTOICISMO<\/span><\/a><\/span><\/span><\/span><\/span>\/ <a href=\"https:\/\/scontent-bcn1-1.xx.fbcdn.net\/v\/t39.30808-6\/503496811_24036472109312140_2582419008606660223_n.jpg?_nc_cat=110&amp;ccb=1-7&amp;_nc_sid=aa7b47&amp;_nc_ohc=3SWk9ybm8WEQ7kNvwFf2fAm&amp;_nc_oc=AdnbxPWsWPVT8CWVie_nHnz-Iah3Tx9zUqMsc2TGrbwVo83MCqL3kQ1yUfdEDdtIqhANhQ8RbJpqT2Mw8dMYgTS3&amp;_nc_zt=23&amp;_nc_ht=scontent-bcn1-1.xx&amp;_nc_gid=E3ru0dCAhlfJeb2TBXK0xQ&amp;oh=00_AfJSvqbEWGlkfx2jOICCuggi5wn2CmXfV7T97cipy5cNNw&amp;oe=6843DCC7\">cartelu<\/a><\/li>\n<\/ul>\n<\/div>\n<\/div>\n<\/div>\n<div class=\"xu06os2 x1ok221b\">\n<div class=\"html-div xdj266r x11i5rnm xat24cr x1mh8g0r xexx8yu x4uap5 x18d9i69 xkhd6sd x1q0g3np\">\n<ul>\n<li><strong><span style=\"color: #008080\"><em>Los valores \u00e9ticos \u2014como&#8217;l respetu, la honestid\u00e1, la responsabilid\u00e1, la empat\u00eda y la xusticia\u2014 nun son una carga nin una obligaci\u00f3n: son un compromisu col bien com\u00fan, cola dignid\u00e1 de les persones, con un mundu meyor que toos y toes merecemos.<\/em><\/span><\/strong><\/li>\n<\/ul>\n<p style=\"text-align: center\"><a href=\"https:\/\/i.ytimg.com\/vi\/sL1Bhrap4oU\/sddefault.jpg\"><img loading=\"lazy\" decoding=\"async\" class=\"aligncenter size-large\" src=\"https:\/\/i.ytimg.com\/vi\/sL1Bhrap4oU\/sddefault.jpg\" width=\"640\" height=\"480\" \/><\/a><\/p>\n<\/div>\n<\/div>\n<\/div>\n<\/div>\n<\/div>\n<div class=\"html-div xdj266r x11i5rnm xat24cr x1mh8g0r xexx8yu x4uap5 x18d9i69 xkhd6sd\" dir=\"auto\">\n<div class=\"html-div xdj266r x11i5rnm xat24cr x1mh8g0r xexx8yu x4uap5 x18d9i69 xkhd6sd\" dir=\"auto\">\n<div class=\"html-div xdj266r x11i5rnm xat24cr x1mh8g0r xexx8yu x4uap5 x18d9i69 xkhd6sd\" data-ad-rendering-role=\"story_message\">\n<div class=\"x1l90r2v x1iorvi4 x1ye3gou xn6708d\" data-ad-comet-preview=\"message\" data-ad-preview=\"message\">\n<div class=\"x78zum5 xdt5ytf xz62fqu x16ldp7u\">\n<div class=\"xu06os2 x1ok221b\">\n<div class=\"html-div xdj266r x11i5rnm xat24cr x1mh8g0r xexx8yu x4uap5 x18d9i69 xkhd6sd\">\n<div class=\"xdj266r x11i5rnm xat24cr x1mh8g0r x1vvkbs x126k92a\">\n<div dir=\"auto\"><!--more--><\/div>\n<\/div>\n<div class=\"x11i5rnm xat24cr x1mh8g0r x1vvkbs xtlvy1s x126k92a\"><\/div>\n<div class=\"x11i5rnm xat24cr x1mh8g0r x1vvkbs xtlvy1s x126k92a\">\n<ul>\n<li dir=\"auto\">Nun ye solo una celebraci\u00f3n simb\u00f3lica; ye una oportunid\u00e1 para detenenos y cavilgar sobro aquello que sostien la nuesa convivencia, les nueses decisiones, les nueses acciones y, n&#8217;\u00faltima instancia, la nuesa humanid\u00e1.<\/li>\n<li dir=\"auto\">Nun mundu onde les prieses, la competencia y la inmediatez dacuando intenten imponese a la reflex\u00f3n y la conciencia, la \u00e9tica ye esi faru que nos recuerda qui\u00e9n somos y escontra \u00f3nde queremos dir.<\/li>\n<li dir=\"auto\">Nun se trata nam\u00e1 de cumplir normes, sin\u00f3n d&#8217;actuar con integrid\u00e1 inclusive cuando naide nos repara. De ser xustos, anque s\u00eda m\u00e1s f\u00e1cil nun selo. De ser valientes, anque&#8217;l cam\u00edn rectu cueste m\u00e1s.<\/li>\n<\/ul>\n<p>&nbsp;<\/p>\n<p style=\"text-align: center\">\n<!-- iframe plugin v.6.0 wordpress.org\/plugins\/iframe\/ -->\n<iframe loading=\"lazy\" width=\"100%\" height=\"387\" src=\"https:\/\/www.youtube.com\/embed\/PXpYs-RDfQg\" title=\"\u00bfQu\u00e9 son los valores \u00e9ticos? (con ejemplos)\" frameborder=\"0\" allow=\"accelerometer; autoplay; clipboard-write; encrypted-media; gyroscope; picture-in-picture; web-share\" referrerpolicy=\"strict-origin-when-cross-origin\" 0=\"allowfullscreen\" 1=\"\/iframe\" scrolling=\"yes\" class=\"iframe-class\"><\/iframe>\n<\/p>\n<p>G\u00fcei ye momentu de preguntanos: \u00bfToi siendo fiel a los mios principios? \u00bfToi dexando buelgues de bond\u00e1 na mio redolada?<br \/>\n\u00bfToi inspirando a otros colos mios actos, non solo coles mios palabres?<\/p>\n<p><strong><span style=\"color: #008080\"><em>La \u00e9tica empieza no cotidiano: cuando dicimos la verd\u00e1, cuando ayudamos a quien lo precisa, cuando escuchamos antes de xulgar. Y ye nesos pequenos actos onde se constr\u00fai una socied\u00e1 grande.<\/em><\/span><\/strong><\/p>\n<p>Por eso, convidamos a nun dexar qu&#8217;esti d\u00eda pase como unu m\u00e1s nel calendariu. Que s\u00eda un puntu de partida. G\u00fcei celebramos la \u00e9tica, pero m\u00e1s qu&#8217;eso, g\u00fcei comprometemos con ella. Porque un mundu con \u00e9tica nun ye una utop\u00eda\u2026 ye una posibilid\u00e1 que depende de cada unu de n\u00f3s.<\/p>\n<p style=\"text-align: center\"><a href=\"https:\/\/quesonlosvaloreseticos.com\/wp-content\/uploads\/2022\/08\/valores-eticos.webp\"><img loading=\"lazy\" decoding=\"async\" class=\"aligncenter size-large\" src=\"https:\/\/quesonlosvaloreseticos.com\/wp-content\/uploads\/2022\/08\/valores-eticos.webp\" width=\"638\" height=\"359\" \/><\/a><\/p>\n<\/div>\n<\/div>\n<\/div>\n<\/div>\n<\/div>\n<\/div>\n<\/div>\n<\/div>\n<p>&nbsp;<\/p>\n","protected":false},"excerpt":{"rendered":"<p>V\u00edctor Manuel P\u00e9rezSabidur\u00eda ESTOICA &#8211; ESTOICISMO\/ cartelu Los valores \u00e9ticos \u2014como&#8217;l respetu, la honestid\u00e1, la responsabilid\u00e1, la empat\u00eda y la xusticia\u2014 nun son una carga nin una obligaci\u00f3n: son un compromisu col bien com\u00fan, cola dignid\u00e1 de les persones, con un mundu meyor que toos y toes merecemos.<\/p>\n","protected":false},"author":117,"featured_media":0,"comment_status":"open","ping_status":"open","sticky":false,"template":"","format":"standard","meta":{"footnotes":""},"categories":[6],"tags":[],"class_list":["post-50046","post","type-post","status-publish","format-standard","hentry","category-dia-de"],"_links":{"self":[{"href":"https:\/\/edublog.educastur.es\/ixuxu\/wp-json\/wp\/v2\/posts\/50046","targetHints":{"allow":["GET"]}}],"collection":[{"href":"https:\/\/edublog.educastur.es\/ixuxu\/wp-json\/wp\/v2\/posts"}],"about":[{"href":"https:\/\/edublog.educastur.es\/ixuxu\/wp-json\/wp\/v2\/types\/post"}],"author":[{"embeddable":true,"href":"https:\/\/edublog.educastur.es\/ixuxu\/wp-json\/wp\/v2\/users\/117"}],"replies":[{"embeddable":true,"href":"https:\/\/edublog.educastur.es\/ixuxu\/wp-json\/wp\/v2\/comments?post=50046"}],"version-history":[{"count":2,"href":"https:\/\/edublog.educastur.es\/ixuxu\/wp-json\/wp\/v2\/posts\/50046\/revisions"}],"predecessor-version":[{"id":50049,"href":"https:\/\/edublog.educastur.es\/ixuxu\/wp-json\/wp\/v2\/posts\/50046\/revisions\/50049"}],"wp:attachment":[{"href":"https:\/\/edublog.educastur.es\/ixuxu\/wp-json\/wp\/v2\/media?parent=50046"}],"wp:term":[{"taxonomy":"category","embeddable":true,"href":"https:\/\/edublog.educastur.es\/ixuxu\/wp-json\/wp\/v2\/categories?post=50046"},{"taxonomy":"post_tag","embeddable":true,"href":"https:\/\/edublog.educastur.es\/ixuxu\/wp-json\/wp\/v2\/tags?post=50046"}],"curies":[{"name":"wp","href":"https:\/\/api.w.org\/{rel}","templated":true}]}}