{"id":50063,"date":"2025-06-03T08:15:04","date_gmt":"2025-06-03T06:15:04","guid":{"rendered":"https:\/\/edublog.educastur.es\/ixuxu\/?p=50063"},"modified":"2025-06-03T21:51:49","modified_gmt":"2025-06-03T19:51:49","slug":"estau-del-tiempu-martes-3-de-mayu","status":"publish","type":"post","link":"https:\/\/edublog.educastur.es\/ixuxu\/2025\/06\/estau-del-tiempu-martes-3-de-mayu\/","title":{"rendered":"Est\u00e1u del tiempu: martes 3 de mayu"},"content":{"rendered":"<div class=\"xu06os2 x1ok221b\">\n<div class=\"html-div xdj266r x11i5rnm xat24cr x1mh8g0r xexx8yu x4uap5 x18d9i69 xkhd6sd\" data-ad-rendering-role=\"profile_name\">\n<ul>\n<li id=\"\u00abr30\u00bb\" class=\"html-h3 x11i5rnm xat24cr x1mh8g0r xexx8yu x4uap5 x18d9i69 xkhd6sd x1vvkbs x1heor9g x1qlqyl8 x1pd3egz x1a2a7pz x1gslohp x1yc453h\"><span class=\"xt0psk2\"><span class=\"xjp7ctv\"><a class=\"x1i10hfl xjbqb8w x1ejq31n xd10rxx x1sy0etr x17r0tee x972fbf xcfux6l x1qhh985 xm0m39n x9f619 x1ypdohk xt0psk2 xe8uvvx xdj266r x11i5rnm xat24cr x1mh8g0r xexx8yu x4uap5 x18d9i69 xkhd6sd x16tdsg8 x1hl2dhg xggy1nq x1a2a7pz xkrqix3 x1sur9pj xzsf02u x1s688f\" role=\"link\" href=\"https:\/\/www.facebook.com\/eltiempuenasturies?__cft__[0]=AZVnCnpm9UqKbLW-ETUTaVA84m5Ra2PK7DRC_jywgj1SwRNTerJFhE02Gkp1B3218TRmy_LUuKnumOzSAoggbjgALNRuH8aVkpxXq_KqTA1ElSLcg2yQZqkvQVKL-hG1E5rKyZfTukb9yA6-sxrXz7LOadivZvYM0hh-ecrkrs4Pnu7lbN_e3K0paLc2xuGOg87YNIKwdQwC1J0PvSZwmOgh&amp;__tn__=-UC%2CP-R\"><strong class=\"html-strong xdj266r x11i5rnm xat24cr x1mh8g0r xexx8yu x4uap5 x18d9i69 xkhd6sd x1hl2dhg x16tdsg8 x1vvkbs x1s688f\"><span class=\"html-span xdj266r x11i5rnm xat24cr x1mh8g0r xexx8yu x4uap5 x18d9i69 xkhd6sd x1hl2dhg x16tdsg8 x1vvkbs\">El Tiempu n&#8217;Asturies.<\/span><\/strong><\/a><\/span><\/span><\/li>\n<\/ul>\n<\/div>\n<\/div>\n<div class=\"xu06os2 x1ok221b\"><\/div>\n<div class=\"html-div xdj266r x11i5rnm xat24cr x1mh8g0r xexx8yu x4uap5 x18d9i69 xkhd6sd\" dir=\"auto\">\n<div class=\"html-div xdj266r x11i5rnm xat24cr x1mh8g0r xexx8yu x4uap5 x18d9i69 xkhd6sd\" data-ad-rendering-role=\"story_message\">\n<div id=\"\u00abr32\u00bb\" class=\"x1l90r2v x1iorvi4 x1ye3gou xn6708d\" data-ad-comet-preview=\"message\" data-ad-preview=\"message\">\n<div class=\"x78zum5 xdt5ytf xz62fqu x16ldp7u\">\n<div class=\"xu06os2 x1ok221b\">\n<div class=\"html-div xdj266r x11i5rnm xat24cr x1mh8g0r xexx8yu x4uap5 x18d9i69 xkhd6sd\">\n<div class=\"x11i5rnm xat24cr x1mh8g0r x1vvkbs xtlvy1s x126k92a\">\n<ul>\n<li dir=\"auto\"><strong><span style=\"color: #008080\">Alborecemos<\/span><\/strong> una vegada m\u00e1s ente&#8217;l borr\u00edn y la nublina ya orpinando na mayor parte d&#8217;Asturies con unes <span style=\"color: #008080\">temperatures<\/span> que tan alrodiu de los 13\u00baC, rexistr\u00e1ndose nel puirtu Payares 6,2\u00baC.<\/li>\n<\/ul>\n<\/div>\n<div class=\"x11i5rnm xat24cr x1mh8g0r x1vvkbs xtlvy1s x126k92a\">\n<ul>\n<li dir=\"auto\"><strong><span style=\"color: #008080\">G\u00fcei<\/span> <\/strong>seguiremos baxu esti mugor perenne con precipitaciones febles ya persistentes en forma d&#8217;orbayu durante la ma\u00f1ana con tendencia a desaparecer pela tarde ya inclusu abrise t\u00edmidos claros o abancios.<span style=\"color: #008080\"> Les temperatures<\/span> camudar\u00e1n poco o descender\u00e1n llixeramente calteni\u00e9ndose un ambiente fr\u00edu pa la \u00e9poca na que mos atopamos. <span style=\"color: #008080\">L&#8217;aire<\/span> sedr\u00e1 sele con predominiu de la componente norte.<\/li>\n<\/ul>\n<p><!--more--><\/p>\n<\/div>\n<div class=\"x11i5rnm xat24cr x1mh8g0r x1vvkbs xtlvy1s x126k92a\">\n<ul>\n<li dir=\"auto\"><strong><span style=\"color: #008080\">Ma\u00f1ana mi\u00e9rcoles<\/span><\/strong> seguiremos con munches nubes nel cielu pero sin precipitaciones y paez que les temperatures pali que pali tienden a recuperase. L&#8217;aire sedr\u00e1 de componente norte dalgo cafiante na costa y zones espuestes.<\/li>\n<\/ul>\n<\/div>\n<div class=\"x11i5rnm xat24cr x1mh8g0r x1vvkbs xtlvy1s x126k92a\">\n<ul>\n<li dir=\"auto\"><strong><span style=\"color: #008080\">El xueves<\/span><\/strong> por fin veremos el sol ya tendremos un d\u00eda afayaizu y prestosu con temperatures n&#8217;ascensu pero sin pasar calor.<\/li>\n<\/ul>\n<\/div>\n<div class=\"x11i5rnm xat24cr x1mh8g0r x1vvkbs xtlvy1s x126k92a\">\n<ul>\n<li dir=\"auto\"><strong><span style=\"color: #008080\">El vienres<\/span> <\/strong>volver\u00e1 a ser un d\u00eda soleyeru, sicas\u00ed l&#8217;aire nord\u00e9s pue ser cafiante nel llitoral y facer que la sensaci\u00f3n t\u00e9rmica seya desagradable all\u00ed onde nun temos al abellugu d&#8217;\u00e9l. Les temperatures subir\u00e1n nel interior y nun camudar\u00e1n na costa.<\/li>\n<\/ul>\n<\/div>\n<div class=\"x11i5rnm xat24cr x1mh8g0r x1vvkbs xtlvy1s x126k92a\">\n<ul>\n<li dir=\"auto\"><strong><span style=\"color: #008080\">Paez que la fin de selmana<\/span><\/strong> nun llover\u00e1 pero nel cielu tendremos nubes, pero esto y\u00e1 lu diremos viendo.<\/li>\n<\/ul>\n<\/div>\n<\/div>\n<\/div>\n<\/div>\n<\/div>\n<\/div>\n<\/div>\n<p>&nbsp;<\/p>\n","protected":false},"excerpt":{"rendered":"<p>El Tiempu n&#8217;Asturies. Alborecemos una vegada m\u00e1s ente&#8217;l borr\u00edn y la nublina ya orpinando na mayor parte d&#8217;Asturies con unes temperatures que tan alrodiu de los 13\u00baC, rexistr\u00e1ndose nel puirtu Payares 6,2\u00baC. G\u00fcei seguiremos baxu esti mugor perenne con precipitaciones febles ya persistentes en forma d&#8217;orbayu durante la ma\u00f1ana con tendencia a desaparecer pela tarde [&hellip;]<\/p>\n","protected":false},"author":117,"featured_media":0,"comment_status":"open","ping_status":"open","sticky":false,"template":"","format":"standard","meta":{"footnotes":""},"categories":[5],"tags":[],"class_list":["post-50063","post","type-post","status-publish","format-standard","hentry","category-tiempu"],"_links":{"self":[{"href":"https:\/\/edublog.educastur.es\/ixuxu\/wp-json\/wp\/v2\/posts\/50063","targetHints":{"allow":["GET"]}}],"collection":[{"href":"https:\/\/edublog.educastur.es\/ixuxu\/wp-json\/wp\/v2\/posts"}],"about":[{"href":"https:\/\/edublog.educastur.es\/ixuxu\/wp-json\/wp\/v2\/types\/post"}],"author":[{"embeddable":true,"href":"https:\/\/edublog.educastur.es\/ixuxu\/wp-json\/wp\/v2\/users\/117"}],"replies":[{"embeddable":true,"href":"https:\/\/edublog.educastur.es\/ixuxu\/wp-json\/wp\/v2\/comments?post=50063"}],"version-history":[{"count":2,"href":"https:\/\/edublog.educastur.es\/ixuxu\/wp-json\/wp\/v2\/posts\/50063\/revisions"}],"predecessor-version":[{"id":50118,"href":"https:\/\/edublog.educastur.es\/ixuxu\/wp-json\/wp\/v2\/posts\/50063\/revisions\/50118"}],"wp:attachment":[{"href":"https:\/\/edublog.educastur.es\/ixuxu\/wp-json\/wp\/v2\/media?parent=50063"}],"wp:term":[{"taxonomy":"category","embeddable":true,"href":"https:\/\/edublog.educastur.es\/ixuxu\/wp-json\/wp\/v2\/categories?post=50063"},{"taxonomy":"post_tag","embeddable":true,"href":"https:\/\/edublog.educastur.es\/ixuxu\/wp-json\/wp\/v2\/tags?post=50063"}],"curies":[{"name":"wp","href":"https:\/\/api.w.org\/{rel}","templated":true}]}}