{"id":50065,"date":"2025-06-03T08:30:36","date_gmt":"2025-06-03T06:30:36","guid":{"rendered":"https:\/\/edublog.educastur.es\/ixuxu\/?p=50065"},"modified":"2025-06-03T14:08:04","modified_gmt":"2025-06-03T12:08:04","slug":"el-tiempu-el-comercio-57","status":"publish","type":"post","link":"https:\/\/edublog.educastur.es\/ixuxu\/2025\/06\/el-tiempu-el-comercio-57\/","title":{"rendered":"El tiempu (El Comercio)"},"content":{"rendered":"<p style=\"text-align: center\"><a href=\"https:\/\/s1.ppllstatics.com\/elcomercio\/www\/multimedia\/2025\/06\/02\/prevision-tiempo-asturias-kHcE-U2301948938566Ca-2000x840@El%20Comercio.jpg\"><img loading=\"lazy\" decoding=\"async\" class=\"aligncenter size-large\" src=\"https:\/\/s1.ppllstatics.com\/elcomercio\/www\/multimedia\/2025\/06\/02\/prevision-tiempo-asturias-kHcE-U2301948938566Ca-2000x840@El%20Comercio.jpg\" width=\"2000\" height=\"837\" \/><\/a><\/p>\n<p>Esperamos cielos bien nublos o cubiertos pela ma\u00f1ana. Esta nubosid\u00e1 va dexar precipitaciones de calter d\u00e9bil <span style=\"color: #008080\"><strong>mientres la ma\u00f1ana<\/strong><\/span> y, posiblemente, tami\u00e9n nes primeres hores de la tarde. Pero va ser<span style=\"color: #008080\"><strong> a lo llargo de la tarde<\/strong><\/span> cuando unvie la inestabilid\u00e1 y v\u00e1iganse abriendo claros dende l&#8217;occidente. A la fin del d\u00eda preven cielos poco nublos con, a lo sumo, nubes de tipu altu insignificantes. <span style=\"color: #008080\"><strong>Los vientos<\/strong><\/span> van ser fluexos polo xeneral predominando de noroeste-norte. <span style=\"color: #008080\"><strong>Les temperatures m\u00e1ximes<\/strong><\/span> van xubir nam\u00e1 nel terciu oeste y van caltenese ensin cambeos nel restu. Poro, esperamos un d\u00eda nel que va ser bien dif\u00edcil algamar los 20 \u00baC na rex\u00f3n.<span style=\"color: #008080\"><strong> Les temperatures m\u00ednimes<\/strong><\/span>, pela so parte, van baxar nel interior oriental y apenes van variar nel restu.<\/p>\n<p><!--more--><\/p>\n<p>El mi\u00e9rcoles prevese nubosid\u00e1 variable con posibilid\u00e1 de dellos orbayos pela ma\u00f1ana que van unviar r\u00e1pido. volver\u00e1n abrise grandes claros mientres la segunda parte del d\u00eda. <strong>Les temperatures m\u00e1ximes<\/strong> van xubir sobremanera nel interior central. <strong>Les m\u00ednimes<\/strong> nun van esperimentar cambeos. <strong>Para&#8217;l xueves<\/strong> vamos tener un d\u00eda soleyeru n&#8217;Asturies nel que van xubir les temperatures.<\/p>\n","protected":false},"excerpt":{"rendered":"<p>Esperamos cielos bien nublos o cubiertos pela ma\u00f1ana. Esta nubosid\u00e1 va dexar precipitaciones de calter d\u00e9bil mientres la ma\u00f1ana y, posiblemente, tami\u00e9n nes primeres hores de la tarde. Pero va ser a lo llargo de la tarde cuando unvie la inestabilid\u00e1 y v\u00e1iganse abriendo claros dende l&#8217;occidente. A la fin del d\u00eda preven cielos poco [&hellip;]<\/p>\n","protected":false},"author":117,"featured_media":0,"comment_status":"open","ping_status":"open","sticky":false,"template":"","format":"standard","meta":{"footnotes":""},"categories":[1,5],"tags":[],"class_list":["post-50065","post","type-post","status-publish","format-standard","hentry","category-sin-categoria","category-tiempu"],"_links":{"self":[{"href":"https:\/\/edublog.educastur.es\/ixuxu\/wp-json\/wp\/v2\/posts\/50065","targetHints":{"allow":["GET"]}}],"collection":[{"href":"https:\/\/edublog.educastur.es\/ixuxu\/wp-json\/wp\/v2\/posts"}],"about":[{"href":"https:\/\/edublog.educastur.es\/ixuxu\/wp-json\/wp\/v2\/types\/post"}],"author":[{"embeddable":true,"href":"https:\/\/edublog.educastur.es\/ixuxu\/wp-json\/wp\/v2\/users\/117"}],"replies":[{"embeddable":true,"href":"https:\/\/edublog.educastur.es\/ixuxu\/wp-json\/wp\/v2\/comments?post=50065"}],"version-history":[{"count":4,"href":"https:\/\/edublog.educastur.es\/ixuxu\/wp-json\/wp\/v2\/posts\/50065\/revisions"}],"predecessor-version":[{"id":50090,"href":"https:\/\/edublog.educastur.es\/ixuxu\/wp-json\/wp\/v2\/posts\/50065\/revisions\/50090"}],"wp:attachment":[{"href":"https:\/\/edublog.educastur.es\/ixuxu\/wp-json\/wp\/v2\/media?parent=50065"}],"wp:term":[{"taxonomy":"category","embeddable":true,"href":"https:\/\/edublog.educastur.es\/ixuxu\/wp-json\/wp\/v2\/categories?post=50065"},{"taxonomy":"post_tag","embeddable":true,"href":"https:\/\/edublog.educastur.es\/ixuxu\/wp-json\/wp\/v2\/tags?post=50065"}],"curies":[{"name":"wp","href":"https:\/\/api.w.org\/{rel}","templated":true}]}}