{"id":5007,"date":"2021-03-09T12:30:10","date_gmt":"2021-03-09T10:30:10","guid":{"rendered":"https:\/\/edublog.educastur.es\/ixuxu\/?p=5007"},"modified":"2021-04-03T17:53:27","modified_gmt":"2021-04-03T15:53:27","slug":"lospa-estrena-en-camin-la-programacion-clasica-del-xacobeu-21-nasturies","status":"publish","type":"post","link":"https:\/\/edublog.educastur.es\/ixuxu\/2021\/03\/lospa-estrena-en-camin-la-programacion-clasica-del-xacobeu-21-nasturies\/","title":{"rendered":"L\u00b4OSPA estrena EN CAM\u00cdN, la programaci\u00f3n cl\u00e1sica del Xacob\u00e9u 21 n&#8217;Asturies"},"content":{"rendered":"<p style=\"text-align: center\"><img loading=\"lazy\" decoding=\"async\" class=\"alignnone size-full\" src=\"http:\/\/www.ospa.es\/wp-content\/uploads\/2021\/03\/EN-CAMIN-1-552x276.png\" width=\"552\" height=\"276\" \/><\/p>\n<ul>\n<li><a href=\"http:\/\/www.ospa.es\">Web OSPA.es<\/a><\/li>\n<\/ul>\n<p>Un tr\u00edu d&#8217;arpa, oboe y fag\u00f3 de la orquesta va abrir ma\u00f1ana&#8217;l programa na Casa de Cultura de Murios del Nal\u00f3n. Nesta temporada, cinco formaciones de c\u00e1mara de la sinf\u00f3nica van visitar seis localidaes asturianes: Uvi\u00e9u, Murios del Nal\u00f3n, Uvi\u00e9u, Villaviciosa, Grau, Tin\u00e9u y Ribesella<\/p>\n<p><!--more-->La Orquesta Sinf\u00f3nica del Princip\u00e1u d&#8217;Asturies incorpora a la programaci\u00f3n que la Conseyer\u00eda de Cultura, Pol\u00edtica Lling\u00fc\u00edstica y Turismu del Princip\u00e1u d&#8217;Asturies ta desenvolviendo por cuenta de la celebraci\u00f3n del <strong><span style=\"color: #008080\">Xacob\u00e9u 21<\/span><\/strong>. Esti eventu, declar\u00e1u acontecimientu d&#8217;escepcional inter\u00e9s p\u00fablicu, va acoyer una programaci\u00f3n continua y orixinal a lo llargo de too l&#8217;a\u00f1u.<\/p>\n<p>L\u00b4OSPA empecipia ma\u00f1ana EN CAM\u00cdN con un conciertu na Casa de Cultura de Murios del Nal\u00f3n (19:00 hores) al que va asistir el Director Xeneral de Cultura y Patrimoniu, Pablo Le\u00f3n. Les pr\u00f3ximes cites d&#8217;EN CAM\u00cdN son les siguientes:<\/p>\n<ul>\n<li><strong><span style=\"color: #008080\">24 de marzu. Uvi\u00e9u (Mus\u00e9u Arqueol\u00f3xicu d&#8217;Asturies)<\/span><\/strong>.<\/li>\n<li><strong><span style=\"color: #008080\">21 d&#8217;abril. Villaviciosa (Ilesia de la Oliva).<\/span><\/strong><\/li>\n<li><span style=\"color: #008080\"><strong>18 de mayu. Grau<\/strong><\/span><\/li>\n<li><span style=\"color: #008080\"><strong>15 de xunu. Tin\u00e9u<\/strong><\/span><\/li>\n<li><strong><span style=\"color: #008080\">Xunu. Ribeseya<\/span><\/strong><\/li>\n<\/ul>\n<p>La programaci\u00f3n EN CAM\u00cdN va siguir con otres formaciones de l\u00b4OSPA na temporada 2021-2022. Tolos conciertos cel\u00e9brense cumpliendo la normativa de segurid\u00e1 vixente, l&#8217;aforu de los conciertos d&#8217;EN CAM\u00cdN va tar amenorg\u00e1u para caltener la distancia social.<\/p>\n","protected":false},"excerpt":{"rendered":"<p>Web OSPA.es Un tr\u00edu d&#8217;arpa, oboe y fag\u00f3 de la orquesta va abrir ma\u00f1ana&#8217;l programa na Casa de Cultura de Murios del Nal\u00f3n. Nesta temporada, cinco formaciones de c\u00e1mara de la sinf\u00f3nica van visitar seis localidaes asturianes: Uvi\u00e9u, Murios del Nal\u00f3n, Uvi\u00e9u, Villaviciosa, Grau, Tin\u00e9u y Ribesella<\/p>\n","protected":false},"author":117,"featured_media":0,"comment_status":"open","ping_status":"open","sticky":false,"template":"","format":"standard","meta":{"footnotes":""},"categories":[35],"tags":[],"class_list":["post-5007","post","type-post","status-publish","format-standard","hentry","category-musica"],"_links":{"self":[{"href":"https:\/\/edublog.educastur.es\/ixuxu\/wp-json\/wp\/v2\/posts\/5007","targetHints":{"allow":["GET"]}}],"collection":[{"href":"https:\/\/edublog.educastur.es\/ixuxu\/wp-json\/wp\/v2\/posts"}],"about":[{"href":"https:\/\/edublog.educastur.es\/ixuxu\/wp-json\/wp\/v2\/types\/post"}],"author":[{"embeddable":true,"href":"https:\/\/edublog.educastur.es\/ixuxu\/wp-json\/wp\/v2\/users\/117"}],"replies":[{"embeddable":true,"href":"https:\/\/edublog.educastur.es\/ixuxu\/wp-json\/wp\/v2\/comments?post=5007"}],"version-history":[{"count":4,"href":"https:\/\/edublog.educastur.es\/ixuxu\/wp-json\/wp\/v2\/posts\/5007\/revisions"}],"predecessor-version":[{"id":5011,"href":"https:\/\/edublog.educastur.es\/ixuxu\/wp-json\/wp\/v2\/posts\/5007\/revisions\/5011"}],"wp:attachment":[{"href":"https:\/\/edublog.educastur.es\/ixuxu\/wp-json\/wp\/v2\/media?parent=5007"}],"wp:term":[{"taxonomy":"category","embeddable":true,"href":"https:\/\/edublog.educastur.es\/ixuxu\/wp-json\/wp\/v2\/categories?post=5007"},{"taxonomy":"post_tag","embeddable":true,"href":"https:\/\/edublog.educastur.es\/ixuxu\/wp-json\/wp\/v2\/tags?post=5007"}],"curies":[{"name":"wp","href":"https:\/\/api.w.org\/{rel}","templated":true}]}}