{"id":50081,"date":"2025-06-03T13:53:29","date_gmt":"2025-06-03T11:53:29","guid":{"rendered":"https:\/\/edublog.educastur.es\/ixuxu\/?p=50081"},"modified":"2025-06-03T13:56:42","modified_gmt":"2025-06-03T11:56:42","slug":"los-profesores-dan-un-pasu-mas-na-so-llucha-y-zarrense-nesta-conseyeria","status":"publish","type":"post","link":"https:\/\/edublog.educastur.es\/ixuxu\/2025\/06\/los-profesores-dan-un-pasu-mas-na-so-llucha-y-zarrense-nesta-conseyeria\/","title":{"rendered":"Los profesores dan un pasu m\u00e1s na so llucha y z\u00e1rrense na Conseyer\u00eda de Facienda y d&#8217;Educaci\u00f3n"},"content":{"rendered":"<p>Los profesores dan un pasu m\u00e1s na so llucha y z\u00e1rrense nesta conseyer\u00eda: \u00abLa situaci\u00f3n non puede allargase\u00bb. Los sindicatos llamen a tolos docentes a zarrase en centros educativos y otros edificios p\u00fablicos. \u00a0\u00abVamos zarranos para esixir una negociaci\u00f3n imediata\u00bb. Un grupu de profesores z\u00e1rrase na conseyer\u00eda de Facienda a la espera d&#8217;una soluci\u00f3n tres dellos d\u00edes de fuelga .<\/p>\n<p style=\"text-align: center\"><a href=\"https:\/\/s1.ppllstatics.com\/elcomercio\/www\/multimedia\/2025\/06\/03\/encierro-profesores-huelga-docente-asturias-kOrC--1200x672@El%20Comercio.jpg\"><img loading=\"lazy\" decoding=\"async\" class=\"aligncenter size-large\" src=\"https:\/\/s1.ppllstatics.com\/elcomercio\/www\/multimedia\/2025\/06\/03\/encierro-profesores-huelga-docente-asturias-kOrC--1200x672@El%20Comercio.jpg\" width=\"1200\" height=\"672\" \/><\/a><\/p>\n<p><!--more--><\/p>\n<p>Cuando se cumple una selmana de conflictu, los sindicatos educativos aumenten la presi\u00f3n sobro&#8217;l Gobiernu del Princip\u00e1u. La estratexa qu&#8217;acaben d&#8217;empecipiar consiste n&#8217;encamentar a los docentes a que se zarren en centros educativos y otros edificios p\u00fablicos.<\/p>\n<p>Al berru de \u00abnin un pasu tras\u00bb, l&#8217;acci\u00f3n empez\u00f3 na zona del Rexistru de la see de la Conseyer\u00eda de Facienda, que&#8217;l so titular, Guillermo Pelaez, asum\u00edu&#8217;l lideralgu de les negociaciones colos representantes de los trabayadores. En Facienda t\u00e1n empecipiando un zarro miembros de los cinco sindicatos: ANPE, SUATEA, CSIF, CCOO y UXT. Dende l&#8217;esterior sof\u00edten-yos otros compa\u00f1eros.<\/p>\n<p>Axentes de la Polic\u00eda Nacional dialogaron colos zarraos. \u00abDix\u00e9ronnos que mientres nun atayemos a la xente nun hai problema\u00bb.<\/p>\n","protected":false},"excerpt":{"rendered":"<p>Los profesores dan un pasu m\u00e1s na so llucha y z\u00e1rrense nesta conseyer\u00eda: \u00abLa situaci\u00f3n non puede allargase\u00bb. Los sindicatos llamen a tolos docentes a zarrase en centros educativos y otros edificios p\u00fablicos. \u00a0\u00abVamos zarranos para esixir una negociaci\u00f3n imediata\u00bb. Un grupu de profesores z\u00e1rrase na conseyer\u00eda de Facienda a la espera d&#8217;una soluci\u00f3n tres [&hellip;]<\/p>\n","protected":false},"author":117,"featured_media":0,"comment_status":"open","ping_status":"open","sticky":false,"template":"","format":"standard","meta":{"footnotes":""},"categories":[451],"tags":[],"class_list":["post-50081","post","type-post","status-publish","format-standard","hentry","category-fuelga"],"_links":{"self":[{"href":"https:\/\/edublog.educastur.es\/ixuxu\/wp-json\/wp\/v2\/posts\/50081","targetHints":{"allow":["GET"]}}],"collection":[{"href":"https:\/\/edublog.educastur.es\/ixuxu\/wp-json\/wp\/v2\/posts"}],"about":[{"href":"https:\/\/edublog.educastur.es\/ixuxu\/wp-json\/wp\/v2\/types\/post"}],"author":[{"embeddable":true,"href":"https:\/\/edublog.educastur.es\/ixuxu\/wp-json\/wp\/v2\/users\/117"}],"replies":[{"embeddable":true,"href":"https:\/\/edublog.educastur.es\/ixuxu\/wp-json\/wp\/v2\/comments?post=50081"}],"version-history":[{"count":5,"href":"https:\/\/edublog.educastur.es\/ixuxu\/wp-json\/wp\/v2\/posts\/50081\/revisions"}],"predecessor-version":[{"id":50086,"href":"https:\/\/edublog.educastur.es\/ixuxu\/wp-json\/wp\/v2\/posts\/50081\/revisions\/50086"}],"wp:attachment":[{"href":"https:\/\/edublog.educastur.es\/ixuxu\/wp-json\/wp\/v2\/media?parent=50081"}],"wp:term":[{"taxonomy":"category","embeddable":true,"href":"https:\/\/edublog.educastur.es\/ixuxu\/wp-json\/wp\/v2\/categories?post=50081"},{"taxonomy":"post_tag","embeddable":true,"href":"https:\/\/edublog.educastur.es\/ixuxu\/wp-json\/wp\/v2\/tags?post=50081"}],"curies":[{"name":"wp","href":"https:\/\/api.w.org\/{rel}","templated":true}]}}