{"id":50096,"date":"2025-06-01T18:00:18","date_gmt":"2025-06-01T16:00:18","guid":{"rendered":"https:\/\/edublog.educastur.es\/ixuxu\/?p=50096"},"modified":"2025-06-03T14:30:08","modified_gmt":"2025-06-03T12:30:08","slug":"50096","status":"publish","type":"post","link":"https:\/\/edublog.educastur.es\/ixuxu\/2025\/06\/50096\/","title":{"rendered":"Sablera de Porc\u00eda (El Franco)"},"content":{"rendered":"<p><span style=\"color: #008080\"><em>Soi de tierra, de monte, pero reconozo que&#8217;l mar y la mari\u00f1a asturiana son precioses \ud83d\udc99\ud83d\udc99. Anque s\u00eda bien de xemes en cuando, presta.<\/em><\/span><\/p>\n<p style=\"text-align: center\"><span class=\"x1lliihq x1plvlek xryxfnj x1n2onr6 x1ji0vk5 x18bv5gf x193iq5w xeuugli x1fj9vlw x13faqbe x1vvkbs x1s928wv xhkezso x1gmr53x x1cpjm7i x1fgarty x1943h6x x1i0vuye xvs91rp xo1l8bm x5n08af x10wh9bi x1wdrske x8viiok x18hxmgj\" dir=\"auto\"><span class=\"x193iq5w xeuugli x1fj9vlw x13faqbe x1vvkbs xt0psk2 x1i0vuye xvs91rp x1s688f x5n08af x10wh9bi x1wdrske x8viiok x18hxmgj\"><span class=\"html-span xexx8yu x4uap5 x18d9i69 xkhd6sd x1hl2dhg x16tdsg8 x1vvkbs x3nfvp2 x1j61x8r x1fcty0u xdj266r xat24cr xgzva0m xhhsvwb xxymvpz xlup9mm x1kky2od\">\n<!-- iframe plugin v.6.0 wordpress.org\/plugins\/iframe\/ -->\n<iframe loading=\"lazy\" src=\"https:\/\/www.instagram.com\/reel\/DKUyjToopVR\/embed\" 0 class=\"x1lliihq x1plvlek xryxfnj x1n2onr6 x1ji0vk5 x18bv5gf x193iq5w xeuugli x1fj9vlw x13faqbe x1vvkbs x1s928wv xhkezso x1gmr53x x1cpjm7i x1fgarty x1943h6x x1i0vuye xvs91rp xo1l8bm x5n08af x10wh9bi x1wdrske x8viiok x18hxmgj\" 1 2=\"class=&quot;x193iq5w\" 3=\"xeuugli\" 4=\"x1fj9vlw\" 5=\"x13faqbe\" 6=\"x1vvkbs\" 7=\"xt0psk2\" 8=\"x1i0vuye\" 9=\"xvs91rp\" 10=\"x1s688f\" 11=\"x5n08af\" 12=\"x10wh9bi\" 13=\"x1wdrske\" 14=\"x8viiok\" 15 16=\"class=&quot;html-span\" 17=\"xexx8yu\" 18=\"x4uap5\" 19=\"x18d9i69\" 20=\"xkhd6sd\" 21=\"x1hl2dhg\" 22=\"x16tdsg8\" 23=\"x1vvkbs\" 24=\"x3nfvp2\" 25=\"x1j61x8r\" 26=\"x1fcty0u\" 27=\"xdj266r\" 28=\"xat24cr\" 29=\"xgzva0m\" 30=\"xhhsvwb\" 31=\"xxymvpz\" 32=\"xlup9mm\" 33 34 35=\"class=&quot;x193iq5w\" 36=\"xeuugli\" 37=\"x1fj9vlw\" 38=\"x13faqbe\" 39=\"x1vvkbs\" 40=\"xt0psk2\" 41=\"x1i0vuye\" 42=\"xvs91rp\" 43=\"x1s688f\" 44=\"x5n08af\" 45=\"x10wh9bi\" 46=\"x1wdrske\" 47=\"x8viiok\" 48 49=\"class=&quot;html-span\" 50=\"xexx8yu\" 51=\"x4uap5\" 52=\"x18d9i69\" 53=\"xkhd6sd\" 54=\"x1hl2dhg\" 55=\"x16tdsg8\" 56=\"x1vvkbs\" 57=\"x3nfvp2\" 58=\"x1j61x8r\" 59=\"x1fcty0u\" 60=\"xdj266r\" 61=\"xat24cr\" 62=\"xgzva0m\" 63=\"xhhsvwb\" 64=\"xxymvpz\" 65=\"xlup9mm\" 66=\"x1kky2od&quot;&gt;0&quot;\" height=\"650\" 67=\"\/iframe\" width=\"100%\" scrolling=\"yes\" frameborder=\"0\"><\/iframe>\n<\/span><\/span><\/span><\/p>\n<ul>\n<li>Sablera de Porc\u00eda (El Franco): <a href=\"https:\/\/es.wikipedia.org\/wiki\/Playa_de_Porc%C3%ADa\">wiki<\/a> \/ <a href=\"https:\/\/www.turismoasturias.es\/es\/descubre\/costa\/playas\/playa-de-porcia\">Turismu Asturies<\/a> \/<\/li>\n<\/ul>\n<p>La sablera de Porc\u00eda ta asitiada nel conceyu asturianu d&#8217;El Franco y mui cerca de la localid\u00e1 de Campos-Salave (Espa\u00f1a).\u200b Forma parte de la Mari\u00f1a Occidental d&#8217;Asturies y presenta catalogaci\u00f3n como <a href=\"https:\/\/es.wikipedia.org\/wiki\/Zona_de_especial_protecci%C3%B3n_para_las_aves\">ZEPA<\/a> ( Zona d&#8217;especial protecci\u00f3n pa les aves) y <a href=\"https:\/\/es.wikipedia.org\/wiki\/Lugar_de_Importancia_Comunitaria\">LIC<\/a> (Llugares d&#8217;importancia comunitaria).<\/p>\n<p><!--more--><\/p>\n<p style=\"text-align: center\"><a href=\"https:\/\/live.staticflickr.com\/65535\/51984016349_ebe57a7c4e_b.jpg\"><img loading=\"lazy\" decoding=\"async\" class=\"aligncenter size-large\" src=\"https:\/\/live.staticflickr.com\/65535\/51984016349_ebe57a7c4e_b.jpg\" width=\"1024\" height=\"683\" \/><\/a><\/p>\n<p>&nbsp;<\/p>\n<p style=\"text-align: center\"><a href=\"https:\/\/upload.wikimedia.org\/wikipedia\/commons\/thumb\/0\/02\/Playa_de_Porcia.jpg\/1280px-Playa_de_Porcia.jpg\"><img loading=\"lazy\" decoding=\"async\" class=\"aligncenter size-large\" src=\"https:\/\/upload.wikimedia.org\/wikipedia\/commons\/thumb\/0\/02\/Playa_de_Porcia.jpg\/1280px-Playa_de_Porcia.jpg\" width=\"1280\" height=\"852\" \/><\/a><\/p>\n<p>Tr\u00e1tase d&#8217;una sablera d&#8217;unos 240 metros de llargor y unos 40 metros d&#8217;anchor medio y tien forma triangular. Tien una asistencia masiva polo que puede tener en dalg\u00fan momentu altu riesgu pero la peligrosid\u00e1 de la sablera en s\u00ed ye baxu. Los sables son fines y escures y los accesos rodaos son f\u00e1ciles pos puede aportase a unos 500 metros de la sablera o daqu\u00e9 menos.<\/p>\n<p style=\"text-align: center\"><a href=\"https:\/\/www.turismoasturias.es\/documents\/39908\/f95a2074-c828-c59e-dfaa-e0df8cbb4fa9?t=1674171441390\"><img loading=\"lazy\" decoding=\"async\" class=\"aligncenter size-large\" src=\"https:\/\/www.turismoasturias.es\/documents\/39908\/f95a2074-c828-c59e-dfaa-e0df8cbb4fa9?t=1674171441390\" width=\"708\" height=\"449\" \/><\/a><\/p>\n<p style=\"text-align: center\"><a href=\"https:\/\/guiadeasturias.com\/wp-content\/uploads\/2017\/08\/PlayaPorcia1.jpg\"><img loading=\"lazy\" decoding=\"async\" class=\"aligncenter size-large\" src=\"https:\/\/guiadeasturias.com\/wp-content\/uploads\/2017\/08\/PlayaPorcia1.jpg\" width=\"708\" height=\"449\" \/><\/a><\/p>\n","protected":false},"excerpt":{"rendered":"<p>Soi de tierra, de monte, pero reconozo que&#8217;l mar y la mari\u00f1a asturiana son precioses \ud83d\udc99\ud83d\udc99. Anque s\u00eda bien de xemes en cuando, presta. Sablera de Porc\u00eda (El Franco): wiki \/ Turismu Asturies \/ La sablera de Porc\u00eda ta asitiada nel conceyu asturianu d&#8217;El Franco y mui cerca de la localid\u00e1 de Campos-Salave (Espa\u00f1a).\u200b Forma [&hellip;]<\/p>\n","protected":false},"author":117,"featured_media":0,"comment_status":"open","ping_status":"open","sticky":false,"template":"","format":"standard","meta":{"footnotes":""},"categories":[93,1],"tags":[],"class_list":["post-50096","post","type-post","status-publish","format-standard","hentry","category-sableres","category-sin-categoria"],"_links":{"self":[{"href":"https:\/\/edublog.educastur.es\/ixuxu\/wp-json\/wp\/v2\/posts\/50096","targetHints":{"allow":["GET"]}}],"collection":[{"href":"https:\/\/edublog.educastur.es\/ixuxu\/wp-json\/wp\/v2\/posts"}],"about":[{"href":"https:\/\/edublog.educastur.es\/ixuxu\/wp-json\/wp\/v2\/types\/post"}],"author":[{"embeddable":true,"href":"https:\/\/edublog.educastur.es\/ixuxu\/wp-json\/wp\/v2\/users\/117"}],"replies":[{"embeddable":true,"href":"https:\/\/edublog.educastur.es\/ixuxu\/wp-json\/wp\/v2\/comments?post=50096"}],"version-history":[{"count":6,"href":"https:\/\/edublog.educastur.es\/ixuxu\/wp-json\/wp\/v2\/posts\/50096\/revisions"}],"predecessor-version":[{"id":50098,"href":"https:\/\/edublog.educastur.es\/ixuxu\/wp-json\/wp\/v2\/posts\/50096\/revisions\/50098"}],"wp:attachment":[{"href":"https:\/\/edublog.educastur.es\/ixuxu\/wp-json\/wp\/v2\/media?parent=50096"}],"wp:term":[{"taxonomy":"category","embeddable":true,"href":"https:\/\/edublog.educastur.es\/ixuxu\/wp-json\/wp\/v2\/categories?post=50096"},{"taxonomy":"post_tag","embeddable":true,"href":"https:\/\/edublog.educastur.es\/ixuxu\/wp-json\/wp\/v2\/tags?post=50096"}],"curies":[{"name":"wp","href":"https:\/\/api.w.org\/{rel}","templated":true}]}}