{"id":50120,"date":"2025-06-04T08:55:44","date_gmt":"2025-06-04T06:55:44","guid":{"rendered":"https:\/\/edublog.educastur.es\/ixuxu\/?p=50120"},"modified":"2025-06-04T08:56:04","modified_gmt":"2025-06-04T06:56:04","slug":"el-tiempu-el-comercio-58","status":"publish","type":"post","link":"https:\/\/edublog.educastur.es\/ixuxu\/2025\/06\/el-tiempu-el-comercio-58\/","title":{"rendered":"El tiempu (El Comercio)"},"content":{"rendered":"<p style=\"text-align: center\"><a href=\"https:\/\/s1.ppllstatics.com\/elcomercio\/www\/multimedia\/2025\/06\/03\/prevision-tiempo-asturias-kkIC-U2301948938566Ca-2000x1400@El%20Comercio.jpg\"><img loading=\"lazy\" decoding=\"async\" class=\"aligncenter size-large\" src=\"https:\/\/s1.ppllstatics.com\/elcomercio\/www\/multimedia\/2025\/06\/03\/prevision-tiempo-asturias-kkIC-U2301948938566Ca-2000x1400@El%20Comercio.jpg\" width=\"2000\" height=\"1388\" \/><\/a><\/p>\n<p>Esperamos otru d\u00eda con cielos nublos o bien nublos n&#8217;Asturies. <span style=\"color: #008080\"><strong>Estes nubes<\/strong><\/span> van poder dexar delles precipitaciones d\u00e9biles pocu importantes mientres el d\u00eda. La inestabilid\u00e1 va unviar por completu <strong><span style=\"color: #008080\">a lo llargo de la tarde<\/span><\/strong> y, inclusive, cabi la posibilid\u00e1 de que s&#8217;abran escamplaes dende l&#8217;occidente a la fin.<span style=\"color: #008080\"><strong> Los vientos<\/strong> <\/span>van predominar de componente oeste fluexos con posibilid\u00e1 de raches moderaes na mari\u00f1a. Tocantes a les <span style=\"color: #008080\"><strong>temperatures, les m\u00e1ximes<\/strong><\/span> van xubir nam\u00e1 nel interior central cuidao que se van caltener ensin cambeos nel restu. <span style=\"color: #008080\"><strong>Les m\u00ednimes<\/strong> <\/span>nun van variar respectu al martes sacante dalgunos posibles descensos bien llixeros que podr\u00eden producise en zones altes del cordal.<\/p>\n<p><!--more--><\/p>\n<p><span style=\"color: #008080\"><strong> El xueves<\/strong> <\/span>vamos amanecer con cielos poco nublos o estenos, pero mientres la segunda parte del d\u00eda vamos reparar como les nubes van dir n&#8217;aumentu anque, a priori, nun van dexar precipitaciones. Les temperatures van xubir de forma xeneralizada nel casu de les m\u00e1ximes hasta 5 \u00baC, polo que se van superar los 20 \u00baC en munches poblaciones asturianes. Les temperatures m\u00ednimes nun van esperimentar cambeos. Los vientos van siguir predominando de componente oeste.<\/p>\n","protected":false},"excerpt":{"rendered":"<p>Esperamos otru d\u00eda con cielos nublos o bien nublos n&#8217;Asturies. Estes nubes van poder dexar delles precipitaciones d\u00e9biles pocu importantes mientres el d\u00eda. La inestabilid\u00e1 va unviar por completu a lo llargo de la tarde y, inclusive, cabi la posibilid\u00e1 de que s&#8217;abran escamplaes dende l&#8217;occidente a la fin. Los vientos van predominar de componente [&hellip;]<\/p>\n","protected":false},"author":117,"featured_media":0,"comment_status":"open","ping_status":"open","sticky":false,"template":"","format":"standard","meta":{"footnotes":""},"categories":[5],"tags":[],"class_list":["post-50120","post","type-post","status-publish","format-standard","hentry","category-tiempu"],"_links":{"self":[{"href":"https:\/\/edublog.educastur.es\/ixuxu\/wp-json\/wp\/v2\/posts\/50120","targetHints":{"allow":["GET"]}}],"collection":[{"href":"https:\/\/edublog.educastur.es\/ixuxu\/wp-json\/wp\/v2\/posts"}],"about":[{"href":"https:\/\/edublog.educastur.es\/ixuxu\/wp-json\/wp\/v2\/types\/post"}],"author":[{"embeddable":true,"href":"https:\/\/edublog.educastur.es\/ixuxu\/wp-json\/wp\/v2\/users\/117"}],"replies":[{"embeddable":true,"href":"https:\/\/edublog.educastur.es\/ixuxu\/wp-json\/wp\/v2\/comments?post=50120"}],"version-history":[{"count":1,"href":"https:\/\/edublog.educastur.es\/ixuxu\/wp-json\/wp\/v2\/posts\/50120\/revisions"}],"predecessor-version":[{"id":50121,"href":"https:\/\/edublog.educastur.es\/ixuxu\/wp-json\/wp\/v2\/posts\/50120\/revisions\/50121"}],"wp:attachment":[{"href":"https:\/\/edublog.educastur.es\/ixuxu\/wp-json\/wp\/v2\/media?parent=50120"}],"wp:term":[{"taxonomy":"category","embeddable":true,"href":"https:\/\/edublog.educastur.es\/ixuxu\/wp-json\/wp\/v2\/categories?post=50120"},{"taxonomy":"post_tag","embeddable":true,"href":"https:\/\/edublog.educastur.es\/ixuxu\/wp-json\/wp\/v2\/tags?post=50120"}],"curies":[{"name":"wp","href":"https:\/\/api.w.org\/{rel}","templated":true}]}}