{"id":50128,"date":"2025-06-04T12:30:27","date_gmt":"2025-06-04T10:30:27","guid":{"rendered":"https:\/\/edublog.educastur.es\/ixuxu\/?p=50128"},"modified":"2025-06-04T12:30:27","modified_gmt":"2025-06-04T10:30:27","slug":"pelegrinos-dee-uu-italia-coria-y-china-lleven-al-camin-primitivu-a-otru-record","status":"publish","type":"post","link":"https:\/\/edublog.educastur.es\/ixuxu\/2025\/06\/pelegrinos-dee-uu-italia-coria-y-china-lleven-al-camin-primitivu-a-otru-record\/","title":{"rendered":"Pelegrinos d&#8217;EE UU, Italia, Coria y China lleven al Cam\u00edn Primitivu a otru r\u00e9cord."},"content":{"rendered":"<p>Pelegrinos d&#8217;EE UU, Italia, Coria y China lleven al Cam\u00edn Primitivu a otru r\u00e9cord. L&#8217;hist\u00f3ricu itinerariu y\u00e1 suma a estes altures un millar de visitantes m\u00e1s que l&#8217;a\u00f1u pas\u00e1u y solo en mayu compl\u00e9tase persones procedentes de 76 pa\u00edses. Fonte:<a href=\"https:\/\/www.lne.es\/oviedo\/2025\/06\/04\/peregrinos-ee-uu-italia-corea-118191662.html\"> LNE<\/a><\/p>\n<p style=\"text-align: center\"><a href=\"https:\/\/estaticos-cdn.prensaiberica.es\/clip\/1591fb3c-3c08-4058-9f79-f904aa5dd2f1_16-9-discover-aspect-ratio_default_0.webp\"><img loading=\"lazy\" decoding=\"async\" class=\"aligncenter size-large\" src=\"https:\/\/estaticos-cdn.prensaiberica.es\/clip\/1591fb3c-3c08-4058-9f79-f904aa5dd2f1_16-9-discover-aspect-ratio_default_0.webp\" width=\"1200\" height=\"675\" \/><\/a><!--more--><\/p>\n<p>L&#8217;inter\u00e9s pela ruta xacobea orixinaria sigue ensin tocar techu. El Cam\u00edn Primitivu cerr\u00f3 mayu batiendo un nuevu r\u00e9cord hist\u00f3ricu de pelegrinos. Dende xineru cubrieron el traz\u00e1u bas\u00e1u na pelegrinaci\u00f3n realizada por Alfonso II hasta la tumba del ap\u00f3stol nel sieglu IX 6.941 persones, un millar m\u00e1s que nel mesmu periodu del pas\u00e1u a\u00f1u, cuando y\u00e1 se rexistraron n\u00famberos nunca antes vistos a esi altor del a\u00f1u.<\/p>\n<p>Dende l&#8217;<strong>Asociaci\u00f3n \u00c1stur-Lleonesa d&#8217;Amigos del Cam\u00edn de Santiago<\/strong>, colectivu encarg\u00e1u de xestionar l&#8217;albergue \u00abEl Salvador\u00bb, aseguren que la xubida de visites d\u00e9bese, en gran midida, a la creciente llegada d&#8217;estranxeros. <em>\u00abHai enforma italianos, estadounidenses y cada vez m\u00e1s coreanos y chinos\u00bb<\/em>, esplica Pablo S\u00e1nchez, tesoreru del colectivu.<\/p>\n<p>Les instalaciones, integraes nel complexu del Seminariu Metropolitanu, en Prado Pic\u00f3n, empecipiaron esta selmana con 50 agospiaos de siquier media docena de nacionalidaes. Un s\u00edntoma reflex\u00e1u nes estad\u00edstiques de la Oficina del Pelegr\u00edn, l&#8217;organismu de Santiago de Compostela que contabiliza&#8217;l n\u00famberu de persones qu&#8217;algama&#8217;l xubil\u00e9u, seg\u00fan el cual, solo en mayu fixeron el Cam\u00edn Primitivu persones llegaes dende 76 pa\u00edses distintos.<\/p>\n<ul>\n<li>Lo<a href=\"https:\/\/www.lne.es\/oviedo\/2025\/06\/04\/peregrinos-ee-uu-italia-corea-118191662.html\">s n\u00famberos del Cam\u00edn Primitivu no que va d&#8217;a\u00f1u. Ver gr\u00e1ficu<\/a><\/li>\n<\/ul>\n<p>Gran parte de los que faen nueche suelen empezar la so ruta dende la plaza de la Catedral. Ye&#8217;l casu del brit\u00e1nicu Jack Miles, quien empecipi\u00f3 la so marcha al pie de un amigu de Madrid na escampada d&#8217;Alfonso II.<em> \u00abQuer\u00eda conocer esta ruta porque me cuntaren marav\u00edes\u00bb<\/em>, esplic\u00f3 l&#8217;ingl\u00e9s, qu&#8217;a los sos 35 a\u00f1os y\u00e1 cunta con una amplia esperiencia xacobea. <em>\u00abYe una manera de faer deporte, turismu y esfrutar de la naturaleza\u00bb<\/em>, indica nun intentu por esplicar l&#8217;orixe de la so afici\u00f3n al Cam\u00edn.<\/p>\n<p>Los n\u00famberos son especialmente bonos en mayu. La Oficina del Pelegr\u00edn contabiliz\u00f3 3.659 credenciales apurr\u00edes de persones que llegaron a Santiago dende la ruta con orixe n&#8217;Uvi\u00e9u y que tien en Llugo otru de los puntos d&#8217;ineludible pasu.<\/p>\n<p>Esto traduzse en 120 pelegrinos de media al d\u00eda, un 15% m\u00e1s nun mes nel que *tradicionalmente inda nun suel haber muncha arribaci\u00f3n.<em> \u00abLo fuerte suel empezar en xunu, pero cada vez vienen antes\u00bb<\/em>, sostien Pablo S\u00e1nchez, convenc\u00edu de que la campa\u00f1a \u00abUvi\u00e9u, orixe del Cam\u00edn impulsada pol gobiernu d&#8217;Alfredo Canteli dende 2019 ta teniendo enforma que ver nesti encl\u00edn.<\/p>\n<p>Numberosos pelegrinos almiten, seg\u00fan el personal del albergue, animase a esfrutar d&#8217;esti traz\u00e1u en conociendo al travi\u00e9s d&#8217;internet o feries especializaes qu&#8217;Alfonso II foi&#8217;l primer pelegr\u00edn de la hestoria. <em>\u00abMuncha xente vien por esa hestoria, anque tami\u00e9n-yos atrai la Catedral, la cultura y la bona gastronom\u00eda\u00bb<\/em>, comenten dende los colectivos xacobeos.<\/p>\n<p>&nbsp;<\/p>\n","protected":false},"excerpt":{"rendered":"<p>Pelegrinos d&#8217;EE UU, Italia, Coria y China lleven al Cam\u00edn Primitivu a otru r\u00e9cord. L&#8217;hist\u00f3ricu itinerariu y\u00e1 suma a estes altures un millar de visitantes m\u00e1s que l&#8217;a\u00f1u pas\u00e1u y solo en mayu compl\u00e9tase persones procedentes de 76 pa\u00edses. Fonte: LNE<\/p>\n","protected":false},"author":117,"featured_media":0,"comment_status":"open","ping_status":"open","sticky":false,"template":"","format":"standard","meta":{"footnotes":""},"categories":[187],"tags":[],"class_list":["post-50128","post","type-post","status-publish","format-standard","hentry","category-camin-de-santiagu"],"_links":{"self":[{"href":"https:\/\/edublog.educastur.es\/ixuxu\/wp-json\/wp\/v2\/posts\/50128","targetHints":{"allow":["GET"]}}],"collection":[{"href":"https:\/\/edublog.educastur.es\/ixuxu\/wp-json\/wp\/v2\/posts"}],"about":[{"href":"https:\/\/edublog.educastur.es\/ixuxu\/wp-json\/wp\/v2\/types\/post"}],"author":[{"embeddable":true,"href":"https:\/\/edublog.educastur.es\/ixuxu\/wp-json\/wp\/v2\/users\/117"}],"replies":[{"embeddable":true,"href":"https:\/\/edublog.educastur.es\/ixuxu\/wp-json\/wp\/v2\/comments?post=50128"}],"version-history":[{"count":1,"href":"https:\/\/edublog.educastur.es\/ixuxu\/wp-json\/wp\/v2\/posts\/50128\/revisions"}],"predecessor-version":[{"id":50129,"href":"https:\/\/edublog.educastur.es\/ixuxu\/wp-json\/wp\/v2\/posts\/50128\/revisions\/50129"}],"wp:attachment":[{"href":"https:\/\/edublog.educastur.es\/ixuxu\/wp-json\/wp\/v2\/media?parent=50128"}],"wp:term":[{"taxonomy":"category","embeddable":true,"href":"https:\/\/edublog.educastur.es\/ixuxu\/wp-json\/wp\/v2\/categories?post=50128"},{"taxonomy":"post_tag","embeddable":true,"href":"https:\/\/edublog.educastur.es\/ixuxu\/wp-json\/wp\/v2\/tags?post=50128"}],"curies":[{"name":"wp","href":"https:\/\/api.w.org\/{rel}","templated":true}]}}