{"id":50130,"date":"2025-06-04T12:36:16","date_gmt":"2025-06-04T10:36:16","guid":{"rendered":"https:\/\/edublog.educastur.es\/ixuxu\/?p=50130"},"modified":"2025-06-04T12:40:13","modified_gmt":"2025-06-04T10:40:13","slug":"fiestes-de-barriu-san-xuan-en-la-corredoria","status":"publish","type":"post","link":"https:\/\/edublog.educastur.es\/ixuxu\/2025\/06\/fiestes-de-barriu-san-xuan-en-la-corredoria\/","title":{"rendered":"Fiestes de barriu: San Xuan en La Corredoria"},"content":{"rendered":"<p>La Corredoria va tener la so \u00abtekilazo\u00bb per San Juan: estes son les orquestes que van animar les fiestes del barriu. La plaza del Concey\u00edn va acoyer cinco xornaes intenses de celebraciones que van concluyir col encend\u00edu de la foguera la nueche del d\u00eda 23. <a href=\"https:\/\/www.lne.es\/oviedo\/la-corredoria\/2025\/06\/04\/corredoria-tendra-tekilazo-san-juan-118201870.html\">LNE<\/a><\/p>\n<p style=\"text-align: center\"><a href=\"https:\/\/estaticos-cdn.prensaiberica.es\/clip\/4826319e-f359-415f-9da3-ff0ad7c0772d_16-9-discover-aspect-ratio_default_0.webp\"><img loading=\"lazy\" decoding=\"async\" class=\"aligncenter size-large\" src=\"https:\/\/estaticos-cdn.prensaiberica.es\/clip\/4826319e-f359-415f-9da3-ff0ad7c0772d_16-9-discover-aspect-ratio_default_0.webp\" width=\"1200\" height=\"675\" \/><\/a><!--more--><\/p>\n<p>El barriu m\u00e1s populosu d&#8217;Uvi\u00e9u y\u00e1 tien cartelu para les sos esperaes fiestes patronales de San Xuan Bautista. Los vecinos de La Corredoria van vivir ente los d\u00edes 19 y 23 d&#8217;esti mes cinco intenses xornaes de celebraciones que van incluyir grandes verbenes con \u00abtekilazo\u00bb incluy\u00edu y van concluyir na nueche m\u00e1s curtia del a\u00f1u col encend\u00edu de la foguera.<\/p>\n<p>La plaza del Concey\u00edn va ser l&#8217;escenariu pa unes celebraciones que prometer ser de nuevu multitudinaries. La cortil festiva va abrir les sos puertes a les cinco de la tarde\u00a0 del xueves d\u00eda 19 y la programaci\u00f3n va empezar con una misa polos socios finaos de la comisi\u00f3n de festexos a les 19.00 hores na ilesia.<\/p>\n<p>Ese mesmu d\u00eda va tener llugar la primera gran verbena, ameniz\u00e1 dende les 22.00 hores per \u00abPanorama City\u00bb, la nueva orquesta en versi\u00f3n amenorgada de l&#8217;afamada orquesta \u00abPanorama\u00bb.<\/p>\n<p>El d\u00eda 20 va haber una nueva verbena al cargu de \u00abThe Goat\u00bb, el nuevu proyectu musical lider\u00e1u pol exvocalista de \u00abTekila\u00bb Dani Parrondo, ente que&#8217;l s\u00e1badu d\u00eda 21 va tener llugar una fabada multitudinaria na carpa de la fiesta dende les 15.00 hores, onde se preve axuntar a tolos \u00abcorredorienses\u00bb de pura cepa.<\/p>\n<p>A la comida van siguir los xuegos infantiles (17.00 hores) y la xornada va concluyir con una romer\u00eda y una verbena animaes pola orquesta \u00abOrixe\u00bb.<\/p>\n<p>El domingu, d\u00eda 21, ta prevista la misa n&#8217;honor al santu patr\u00f3n a les 12.00 hores na ilesia, a la que va siguir un multitudinariu verm\u00fa con m\u00fasica al cargu de \u00abGrupu D&#8217;Cano\u00bb. Y\u00e1 pela nueche, va tener llugar unu de los momentos m\u00e1s esperaos de la fiesta. \u00abGrupu Tekila\u00bb va ufiertar una actuaci\u00f3n que s&#8217;espera bien allegada dende les 22.00 hores.<\/p>\n<p>El d\u00eda grande, el 23 de xunu, va haber repartida del bollu y la botella de vinu ente los socios de la comisi\u00f3n dende les 18.00 hores. A les 22.00 hores va empezar la postrera verbena, a cargu del grupu \u00abWaykas\u00bb, y la foguera de San Juan va ser encendida a la medianueche metanes la plaza del Concey\u00edn.<\/p>\n<p>&nbsp;<\/p>\n","protected":false},"excerpt":{"rendered":"<p>La Corredoria va tener la so \u00abtekilazo\u00bb per San Juan: estes son les orquestes que van animar les fiestes del barriu. La plaza del Concey\u00edn va acoyer cinco xornaes intenses de celebraciones que van concluyir col encend\u00edu de la foguera la nueche del d\u00eda 23. LNE<\/p>\n","protected":false},"author":117,"featured_media":0,"comment_status":"open","ping_status":"open","sticky":false,"template":"","format":"standard","meta":{"footnotes":""},"categories":[205],"tags":[],"class_list":["post-50130","post","type-post","status-publish","format-standard","hentry","category-la-corredoria"],"_links":{"self":[{"href":"https:\/\/edublog.educastur.es\/ixuxu\/wp-json\/wp\/v2\/posts\/50130","targetHints":{"allow":["GET"]}}],"collection":[{"href":"https:\/\/edublog.educastur.es\/ixuxu\/wp-json\/wp\/v2\/posts"}],"about":[{"href":"https:\/\/edublog.educastur.es\/ixuxu\/wp-json\/wp\/v2\/types\/post"}],"author":[{"embeddable":true,"href":"https:\/\/edublog.educastur.es\/ixuxu\/wp-json\/wp\/v2\/users\/117"}],"replies":[{"embeddable":true,"href":"https:\/\/edublog.educastur.es\/ixuxu\/wp-json\/wp\/v2\/comments?post=50130"}],"version-history":[{"count":3,"href":"https:\/\/edublog.educastur.es\/ixuxu\/wp-json\/wp\/v2\/posts\/50130\/revisions"}],"predecessor-version":[{"id":50133,"href":"https:\/\/edublog.educastur.es\/ixuxu\/wp-json\/wp\/v2\/posts\/50130\/revisions\/50133"}],"wp:attachment":[{"href":"https:\/\/edublog.educastur.es\/ixuxu\/wp-json\/wp\/v2\/media?parent=50130"}],"wp:term":[{"taxonomy":"category","embeddable":true,"href":"https:\/\/edublog.educastur.es\/ixuxu\/wp-json\/wp\/v2\/categories?post=50130"},{"taxonomy":"post_tag","embeddable":true,"href":"https:\/\/edublog.educastur.es\/ixuxu\/wp-json\/wp\/v2\/tags?post=50130"}],"curies":[{"name":"wp","href":"https:\/\/api.w.org\/{rel}","templated":true}]}}