{"id":50134,"date":"2025-06-04T12:45:16","date_gmt":"2025-06-04T10:45:16","guid":{"rendered":"https:\/\/edublog.educastur.es\/ixuxu\/?p=50134"},"modified":"2025-06-04T12:55:40","modified_gmt":"2025-06-04T10:55:40","slug":"el-museu-nacional-dantropoloxia-de-mexico-premio-princesa-de-la-concordia-2025","status":"publish","type":"post","link":"https:\/\/edublog.educastur.es\/ixuxu\/2025\/06\/el-museu-nacional-dantropoloxia-de-mexico-premio-princesa-de-la-concordia-2025\/","title":{"rendered":"El Mus\u00e9u Nacional d&#8217;Antropolox\u00eda de M\u00e9xico, Premio Princesa de la Concordia 2025"},"content":{"rendered":"<p style=\"text-align: center\"><a href=\"https:\/\/s3.ppllstatics.com\/elcomercio\/www\/multimedia\/2025\/06\/04\/premio-princesa-concordia-2025-RNGgsdjzZZKIu2O8fX89kTN-1200x840@El%20Comercio.jpg\"><img loading=\"lazy\" decoding=\"async\" class=\"aligncenter size-large\" src=\"https:\/\/s3.ppllstatics.com\/elcomercio\/www\/multimedia\/2025\/06\/04\/premio-princesa-concordia-2025-RNGgsdjzZZKIu2O8fX89kTN-1200x840@El%20Comercio.jpg\" width=\"1200\" height=\"840\" \/><\/a><\/p>\n<p>La instituci\u00f3n alluga importantes colecciones etnogr\u00e1fiques y antropol\u00f3xiques. Fundada en 1964, la instituci\u00f3n constituy\u00f3 un espaciu de reflex\u00f3n sobro l&#8217;heriedu de la cultura mexicana. Fonte: <a href=\"https:\/\/www.elcomercio.es\/premios-princesa\/concordia\/museo-nacional-antropologia-mexico-premio-princesa-concordia-20250604120433-nt.html\">El Comercio<\/a><\/p>\n<p><!--more--><\/p>\n<p>Sesenta a\u00f1os dedicaos a la recuperaci\u00f3n y caltenimientu de la memoria hist\u00f3rica d&#8217;un pa\u00eds sirvi\u00e9ron-y al Mus\u00e9u Nacional d&#8217;Antropolox\u00eda de M\u00e9xico para faese col Premiu Princesa de la Concordia 2025. El xur\u00e1u, presid\u00edu por Adri\u00e1n Barb\u00f3n, reconoc\u00eda esta ma\u00f1ana \u00abel llabor cient\u00edficu, t\u00e9cnica, cultural, social y humanitaria\u00bb que la instituci\u00f3n, dirixida por Antonio Saborit dende 2013, demostr\u00f3 realizar nel \u00e1mbitu internacional dende la so fundaci\u00f3n.<\/p>\n<p><strong>Referente de l&#8217;arquitectura mexicana del sieglu XX<\/strong>, tr\u00e1tase del mus\u00e9u m\u00e1s grande del pa\u00eds, con 22 sales y m\u00e1s de 45 mil metros cuadraos dedicaos a colecciones arqueol\u00f3xiques y etnogr\u00e1fiques.<\/p>\n<p>Conceb\u00edu para ser \u00abun espaciu de reflex\u00f3n sobro&#8217;l ricu heriedu ind\u00edxena\u00bb de la naci\u00f3n, recueye los testimonios de dellos grupos culturales que fueren allugaos, nun principiu, nel primer Mus\u00e9u Mexicanu (fund\u00e1u en 1825), y que se treslladar\u00eden a Chapultepec tres los cambeos na organizaci\u00f3n en 1940.<\/p>\n<p>Marc\u00e1u por un son\u00e1u robu en 1985 que \u00abcamud\u00f3 la percepci\u00f3n de la socied\u00e1 avera del valor de los mancomunes\u00bb qu&#8217;allugaba, caltien delles pieces como la Piedra del Sol, la Coatlicue y la Piedra de T\u00edzoc, escultures imprescindibles pa trazar la hestoria ind\u00edxena mexicana, am\u00e1s de Xochipilli o&#8217;l Se\u00f1or de les Flores, la ll\u00e1bana, la dote y la m\u00e1zcara de jade de la tumba del emperador maya Pakal y la m\u00e1zcara del divos Esperteyu \u2014que pertenez al arte zapoteco\u2014.<\/p>\n<p>En xunetu de 2017 recibi\u00f3, pal so resguardu y preservaci\u00f3n, \u00abla cadarma prehist\u00f3rica femen\u00edn con dataci\u00f3n directa m\u00e1s antigua y xen\u00e9ticamente intactu d&#8217;Am\u00e9rica\u00bb, &#8216;Naia&#8217;, top\u00e1u en 2007 y que la so antig\u00fced\u00e1 envalora en trelce mil a\u00f1os. Am\u00e1s, guarda ente les sos par\u00e9s xuna pergrande colecci\u00f3n d&#8217;oxetos etnogr\u00e1ficos que dexen entender y poner en valor la vida cotidiana de los pueblos ind\u00edxenes contemporaneos del pa\u00eds.<\/p>\n<p>Dende la Fundaci\u00f3n destaquen que&#8217;l mus\u00e9u \u00abta consider\u00e1u unu de los m\u00e1s importantes de Llatinoam\u00e9rica\u00bb y que ye \u00abun referente global nel estudiu de la humanid\u00e1, por cuenta del so compromisu cola divulgaci\u00f3n, la investigaci\u00f3n y la preservaci\u00f3n del patrimoniu cultural\u00bb, qu&#8217;am\u00e1s \u00abcaltien xuna relaci\u00f3n estrecha con Espa\u00f1a y la cultura espa\u00f1ola, y\u00e1 que nes sos sales at\u00f3pense tami\u00e9n oxetos del per\u00edodu virreinal que reflexen la fusi\u00f3n de les cultures ind\u00edxena y espa\u00f1ol y la relaci\u00f3n bidireccional qu&#8217;hist\u00f3ricamente s&#8217;estableci\u00f3 ente estes, nutri\u00e9ndose y arriqueci\u00e9ndose mutuamente\u00bb.<\/p>\n<p>Estos motivos fueron m\u00e1s que suficientes pa poner en valor el so incansable llabor, que fuera reconocida n&#8217;ocasiones anteriores con distinciones como la Medaya 1808 del Gobiernu del Distritu Federal y el Premiu Fundaci\u00f3n M\u00e9xico Xun\u00edu &#8216;A la excelencia de lo nueso&#8217;, el Premiu Nacional d&#8217;Antropolox\u00eda, el Premiu INAH, el Premiu Cr\u00f3nica o la Medaya de l&#8217;Asociaci\u00f3n Espa\u00f1ola d&#8217;Amigos de l&#8217;Arqueolox\u00eda.<\/p>\n","protected":false},"excerpt":{"rendered":"<p>La instituci\u00f3n alluga importantes colecciones etnogr\u00e1fiques y antropol\u00f3xiques. Fundada en 1964, la instituci\u00f3n constituy\u00f3 un espaciu de reflex\u00f3n sobro l&#8217;heriedu de la cultura mexicana. Fonte: El Comercio<\/p>\n","protected":false},"author":117,"featured_media":0,"comment_status":"open","ping_status":"open","sticky":false,"template":"","format":"standard","meta":{"footnotes":""},"categories":[206,15,28],"tags":[],"class_list":["post-50134","post","type-post","status-publish","format-standard","hentry","category-arqueoloxia","category-museos","category-premios-princesa-da"],"_links":{"self":[{"href":"https:\/\/edublog.educastur.es\/ixuxu\/wp-json\/wp\/v2\/posts\/50134","targetHints":{"allow":["GET"]}}],"collection":[{"href":"https:\/\/edublog.educastur.es\/ixuxu\/wp-json\/wp\/v2\/posts"}],"about":[{"href":"https:\/\/edublog.educastur.es\/ixuxu\/wp-json\/wp\/v2\/types\/post"}],"author":[{"embeddable":true,"href":"https:\/\/edublog.educastur.es\/ixuxu\/wp-json\/wp\/v2\/users\/117"}],"replies":[{"embeddable":true,"href":"https:\/\/edublog.educastur.es\/ixuxu\/wp-json\/wp\/v2\/comments?post=50134"}],"version-history":[{"count":3,"href":"https:\/\/edublog.educastur.es\/ixuxu\/wp-json\/wp\/v2\/posts\/50134\/revisions"}],"predecessor-version":[{"id":50137,"href":"https:\/\/edublog.educastur.es\/ixuxu\/wp-json\/wp\/v2\/posts\/50134\/revisions\/50137"}],"wp:attachment":[{"href":"https:\/\/edublog.educastur.es\/ixuxu\/wp-json\/wp\/v2\/media?parent=50134"}],"wp:term":[{"taxonomy":"category","embeddable":true,"href":"https:\/\/edublog.educastur.es\/ixuxu\/wp-json\/wp\/v2\/categories?post=50134"},{"taxonomy":"post_tag","embeddable":true,"href":"https:\/\/edublog.educastur.es\/ixuxu\/wp-json\/wp\/v2\/tags?post=50134"}],"curies":[{"name":"wp","href":"https:\/\/api.w.org\/{rel}","templated":true}]}}