{"id":50138,"date":"2025-06-05T20:44:32","date_gmt":"2025-06-05T18:44:32","guid":{"rendered":"https:\/\/edublog.educastur.es\/ixuxu\/?p=50138"},"modified":"2025-06-05T22:15:03","modified_gmt":"2025-06-05T20:15:03","slug":"continuen-les-negociaciones-pa-la-meyora-d-ela-ensenaza-publica","status":"publish","type":"post","link":"https:\/\/edublog.educastur.es\/ixuxu\/2025\/06\/continuen-les-negociaciones-pa-la-meyora-d-ela-ensenaza-publica\/","title":{"rendered":"Contin\u00faen les negociaciones pa la meyora d ela ense\u00f1aza p\u00fablica"},"content":{"rendered":"<div class=\"html-div xdj266r xat24cr x1lziwak xexx8yu xyri2b x18d9i69 x1c1uobl x78zum5 x2lah0s xqtp20y x1xegmmw\">\n<div class=\"x1vqgdyp x100vrsf\">\n<div style=\"text-align: center\"><a href=\"https:\/\/s2.ppllstatics.com\/elcomercio\/www\/multimedia\/2025\/06\/04\/sindic-U2201789943466TwG-U2301979836987SYF-1200x840@El%20Comercio.jpg\"><img loading=\"lazy\" decoding=\"async\" class=\"aligncenter size-large\" src=\"https:\/\/s2.ppllstatics.com\/elcomercio\/www\/multimedia\/2025\/06\/04\/sindic-U2201789943466TwG-U2301979836987SYF-1200x840@El%20Comercio.jpg\" width=\"1200\" height=\"840\" \/><\/a><\/div>\n<div>Los sindicatos anuncien que \u00abnun hai alcuerdu\u00bb tres m\u00e1s de siete hores de xunta. <strong>Nin un pasu tras<\/strong> o \u00abalcuerdu y\u00e1\u00bb son dalgunos de los mensaxes que pueden vese na concentraci\u00f3n pola Educaci\u00f3n n&#8217;Asturies que se lleva a cabu a les puertes del EASMU, n&#8217;Uvi\u00e9u.<\/div>\n<div><\/div>\n<ul>\n<li>Fonte: <a href=\"https:\/\/www.elcomercio.es\/asturias\/directo-huelga-educacion-asturias-reunion-sindicatos-principado-docentes-protesta-20250604144706-di.html?fbclid=IwY2xjawKuxptleHRuA2FlbQIxMQBicmlkETBaZ1liVEQ0QkRaeXlSa0tWAR6SeV5lIePwPMM5fuct82-guQXhg7Zl6fDwHWocyWhUdgo30djA5fMLaowOpQ_aem_BJvdIOBRtk9jE1NL8HjyQg&amp;ref=https%3A%2F%2Fl.facebook.com%2F\">El Comercio<\/a> \/ <a href=\"https:\/\/www.elcomercio.es\/asturias\/propuesta-pacto-principado-docentes-20250605003707-nt.html\">Propuesta del Princip\u00e1u<\/a> \/ <a href=\"https:\/\/actualidad.asturias.es\/-\/el-gobierno-de-asturias-ofrece-a-los-sindicatos-un-pacto-por-la-mejora-de-la-educaci%C3%B3n-p%C3%BAblica-que-potencia-la-atenci%C3%B3n-a-la-diversidad-elimina-burocracia-y-eleva-los-salarios-del-profesorado?redirect=%2Fnoticias%3Fp_p_id%3Dcom_liferay_asset_publisher_web_portlet_AssetPublisherPortlet_INSTANCE_Pk4uPC5yniIC%26p_p_lifecycle%3D0%26p_p_state%3Dnormal%26p_p_mode%3Dview%26_com_liferay_asset_publisher_web_portlet_AssetPublisherPortlet_INSTANCE_Pk4uPC5yniIC_delta%3D10%26p_r_p_resetCur%3Dfalse%26_com_liferay_asset_publisher_web_portlet_AssetPublisherPortlet_INSTANCE_Pk4uPC5yniIC_cur%3D2\">Actualid\u00e1 Asturies<\/a> \/<\/li>\n<li><a href=\"https:\/\/www.facebook.com\/photo\/?fbid=1015722284065071&amp;set=pcb.1015723004064999\">Imaxe 1<\/a> \/<\/li>\n<li>\u00c9nte la xunta d&#8217;esta tarde pola educaci\u00f3n asturiana: los sindicatos, \u00abxun\u00edos\u00bb; los docentes, \u00abdecepcionaos\u00bb<\/li>\n<li>Los docentes nun vencen: nueva masiva manifestaci\u00f3n n&#8217;Uvi\u00e9u pola ense\u00f1anza n&#8217;Asturies<\/li>\n<\/ul>\n<div><!--more--><\/div>\n<div style=\"text-align: center\">\n<!-- iframe plugin v.6.0 wordpress.org\/plugins\/iframe\/ -->\n<iframe loading=\"lazy\" src=\"https:\/\/www.facebook.com\/plugins\/post.php?href=https%3A%2F%2Fwww.facebook.com%2Fphoto.php%3Ffbid%3D1015722284065071%26set%3Da.229758265994814%26type%3D3&#038;show_text=false&#038;width=500\" width=\"500\" height=\"664\" style=\"border:none;overflow:hidden\" scrolling=\"no\" frameborder=\"0\" allowfullscreen=\"true\" allow=\"autoplay; clipboard-write; encrypted-media; picture-in-picture; web-share\" 0=\"\/iframe\" class=\"iframe-class\"><\/iframe>\n<\/div>\n<div><\/div>\n<div class=\"\" style=\"text-align: center\">\n<!-- iframe plugin v.6.0 wordpress.org\/plugins\/iframe\/ -->\n<iframe loading=\"lazy\" src=\"https:\/\/www.facebook.com\/plugins\/post.php?href=https%3A%2F%2Fwww.facebook.com%2Fphoto.php%3Ffbid%3D1015351627435470%26set%3Da.229758265994814%26type%3D3&#038;show_text=false&#038;width=500\" width=\"500\" height=\"760\" style=\"border:none;overflow:hidden\" scrolling=\"no\" frameborder=\"0\" allowfullscreen=\"true\" allow=\"autoplay; clipboard-write; encrypted-media; picture-in-picture; web-share\" 0=\"\/iframe\" class=\"iframe-class\"><\/iframe>\n<\/div>\n<div style=\"text-align: center\"><a href=\"https:\/\/actualidad.asturias.es\/documents\/537115\/2610496\/2025_06_04+rueda+prensa+negociacion+educativa+.jpg\/5883bc0e-fe2f-a2ee-9b90-408d8b523c0d?t=1749075011701\"><img loading=\"lazy\" decoding=\"async\" class=\"aligncenter size-large\" src=\"https:\/\/actualidad.asturias.es\/documents\/537115\/2610496\/2025_06_04+rueda+prensa+negociacion+educativa+.jpg\/5883bc0e-fe2f-a2ee-9b90-408d8b523c0d?t=1749075011701\" width=\"1653\" height=\"1293\" \/><\/a><\/div>\n<\/div>\n<\/div>\n<div class=\"x1iyjqo2\">\n<div class=\"x78zum5 xdt5ytf xz62fqu x16ldp7u\">\n<div class=\"xu06os2 x1ok221b\">\n<div class=\"x1gslohp\">\n<ul>\n<li class=\"html-h2 x14z9mp xat24cr x1lziwak xexx8yu xyri2b x18d9i69 x1c1uobl x1vvkbs x1heor9g x1qlqyl8 x1pd3egz x1a2a7pz x1gslohp\"><span class=\"x193iq5w xeuugli x13faqbe x1vvkbs x1xmvt09 x1f6kntn xvq8zen xo1l8bm xi81zsa\"><span class=\"xt0psk2\"><span class=\"xjp7ctv\"><a class=\"x1i10hfl xjbqb8w x1ejq31n x18oe1m7 x1sy0etr xstzfhl x972fbf x10w94by x1qhh985 x14e42zd x9f619 x1ypdohk xt0psk2 xe8uvvx xdj266r x14z9mp xat24cr x1lziwak xexx8yu xyri2b x18d9i69 x1c1uobl x16tdsg8 x1hl2dhg xggy1nq x1a2a7pz xkrqix3 x1sur9pj xzsf02u x1s688f\" role=\"link\" href=\"https:\/\/www.facebook.com\/gobiernodeasturias?__cft__[0]=AZWuDILfCA9BQy7h6AnWOcWcDZ8Q-3tAT38bpfoFk04eAlUIf33f-NWSX9PSBYFuhg1Sd6EM0JyDvCDdV48s1HuGDaQDsgNrXKXZASXMDrxSMUG3CRJge2-SyT1s_mdBCu8bd9LD9qc2LY0S7vBgC053OVxGTU_2qJiBP2a1L9nffndgBqf1_KwXUdKUlqA1Mx2DPRHCnXR0Mj25pzE_5nTjwo-IngjjtaQPp3VBal9OjA&amp;__tn__=-UC*F\">Principado de Asturias<\/a><\/span><\/span><\/span><\/li>\n<\/ul>\n<\/div>\n<\/div>\n<\/div>\n<\/div>\n<p><span class=\"x193iq5w xeuugli x13faqbe x1vvkbs x1xmvt09 x1lliihq x1s928wv xhkezso x1gmr53x x1cpjm7i x1fgarty x1943h6x xudqn12 x3x7a5m x1f6kntn xvq8zen xo1l8bm xzsf02u\" dir=\"auto\"><span class=\"html-span xexx8yu xyri2b x18d9i69 x1c1uobl x1hl2dhg x16tdsg8 x1vvkbs x3nfvp2 x1j61x8r x1fcty0u xdj266r xat24cr xm2jcoa x1mpyi22 xxymvpz xlup9mm x1kky2od\"><img loading=\"lazy\" decoding=\"async\" class=\"xz74otr x168nmei x13lgxp2 x5pf9jr xo71vjh\" src=\"https:\/\/static.xx.fbcdn.net\/images\/emoji.php\/v9\/t51\/1\/16\/2714.png\" alt=\"\u2714\ufe0f\" width=\"16\" height=\"16\" \/><\/span>La vicepresidenta del <span class=\"html-span xdj266r x14z9mp xat24cr x1lziwak xexx8yu xyri2b x18d9i69 x1c1uobl x1hl2dhg x16tdsg8 x1vvkbs\"><a class=\"x1i10hfl xjbqb8w x1ejq31n x18oe1m7 x1sy0etr xstzfhl x972fbf x10w94by x1qhh985 x14e42zd x9f619 x1ypdohk xt0psk2 xe8uvvx xdj266r x14z9mp xat24cr x1lziwak xexx8yu xyri2b x18d9i69 x1c1uobl x16tdsg8 x1hl2dhg xggy1nq x1a2a7pz xkrqix3 x1sur9pj xzsf02u x1s688f\" role=\"link\" href=\"https:\/\/www.facebook.com\/gobiernodeasturias?__cft__[0]=AZWuDILfCA9BQy7h6AnWOcWcDZ8Q-3tAT38bpfoFk04eAlUIf33f-NWSX9PSBYFuhg1Sd6EM0JyDvCDdV48s1HuGDaQDsgNrXKXZASXMDrxSMUG3CRJge2-SyT1s_mdBCu8bd9LD9qc2LY0S7vBgC053OVxGTU_2qJiBP2a1L9nffndgBqf1_KwXUdKUlqA1Mx2DPRHCnXR0Mj25pzE_5nTjwo-IngjjtaQPp3VBal9OjA&amp;__tn__=-]K*F\"><span class=\"xt0psk2\"><span class=\"xjp7ctv\">Princip\u00e1u d&#8217;Asturies<\/span><\/span><\/a><\/span>, <span class=\"html-span xdj266r x14z9mp xat24cr x1lziwak xexx8yu xyri2b x18d9i69 x1c1uobl x1hl2dhg x16tdsg8 x1vvkbs\"><a class=\"x1i10hfl xjbqb8w x1ejq31n x18oe1m7 x1sy0etr xstzfhl x972fbf x10w94by x1qhh985 x14e42zd x9f619 x1ypdohk xt0psk2 xe8uvvx xdj266r x14z9mp xat24cr x1lziwak xexx8yu xyri2b x18d9i69 x1c1uobl x16tdsg8 x1hl2dhg xggy1nq x1a2a7pz xkrqix3 x1sur9pj xzsf02u x1s688f\" role=\"link\" href=\"https:\/\/www.facebook.com\/profile.php?id=100093090499079&amp;__cft__[0]=AZWuDILfCA9BQy7h6AnWOcWcDZ8Q-3tAT38bpfoFk04eAlUIf33f-NWSX9PSBYFuhg1Sd6EM0JyDvCDdV48s1HuGDaQDsgNrXKXZASXMDrxSMUG3CRJge2-SyT1s_mdBCu8bd9LD9qc2LY0S7vBgC053OVxGTU_2qJiBP2a1L9nffndgBqf1_KwXUdKUlqA1Mx2DPRHCnXR0Mj25pzE_5nTjwo-IngjjtaQPp3VBal9OjA&amp;__tn__=-]K*F\"><span class=\"xt0psk2\"><span class=\"xjp7ctv\">Gimena Llamedo<\/span><\/span><\/a><\/span>, y el conseyeru de Facienda, Xusticia y Asuntos Europeos, Guillermo Pel\u00e1ez, participen nestos momentos na mesa de negociaci\u00f3n coles organizaciones sindicales del sector educativu.<\/span><\/p>\n<p style=\"text-align: center\"><a href=\"https:\/\/actualidad.asturias.es\/documents\/537115\/2610496\/2025_06_04+negociacion+educativa+2.jpg\/72fdef49-fa7d-ce12-3c0f-c6283094040b?t=1749074067567\"><img loading=\"lazy\" decoding=\"async\" class=\"aligncenter size-large\" src=\"https:\/\/actualidad.asturias.es\/documents\/537115\/2610496\/2025_06_04+negociacion+educativa+2.jpg\/72fdef49-fa7d-ce12-3c0f-c6283094040b?t=1749074067567\" width=\"1508\" height=\"816\" \/><\/a><\/p>\n<p style=\"text-align: center\">\n<!-- iframe plugin v.6.0 wordpress.org\/plugins\/iframe\/ -->\n<iframe loading=\"lazy\" src=\"https:\/\/www.facebook.com\/plugins\/post.php?href=https%3A%2F%2Fwww.facebook.com%2Fgobiernodeasturias%2Fposts%2Fpfbid0K6eUzwe39oviAn6rEpV4dTqwh96wcQnmJyf8qpuK1ErVVfvdqi8ZL4DEt5mG2jwXl&#038;show_text=false&#038;width=500\" width=\"500\" height=\"375\" style=\"border:none;overflow:hidden\" scrolling=\"no\" frameborder=\"0\" allowfullscreen=\"true\" allow=\"autoplay; clipboard-write; encrypted-media; picture-in-picture; web-share\" 0=\"\/iframe\" class=\"iframe-class\"><\/iframe>\n<\/p>\n<p style=\"text-align: center\">\n<!-- iframe plugin v.6.0 wordpress.org\/plugins\/iframe\/ -->\n<iframe loading=\"lazy\" src=\"https:\/\/www.facebook.com\/plugins\/video.php?height=314&#038;href=https%3A%2F%2Fwww.facebook.com%2Freel%2F1097924218906672%2F&#038;show_text=false&#038;width=560&#038;t=0\" width=\"560\" height=\"314\" style=\"border:none;overflow:hidden\" scrolling=\"no\" frameborder=\"0\" allowfullscreen=\"true\" allow=\"autoplay; clipboard-write; encrypted-media; picture-in-picture; web-share\" 0=\"\/iframe\" class=\"iframe-class\"><\/iframe>\n<\/p>\n<p style=\"text-align: center\"><a href=\"https:\/\/s2.ppllstatics.com\/elcomercio\/www\/multimedia\/2025\/06\/05\/docentes-manifa-oviedo-U2201789943466KVE-Rche3Qu8X5F2k8Iv2Swn0QO-758x531@El%20Comercio.jpg\"><img loading=\"lazy\" decoding=\"async\" class=\"aligncenter size-large\" src=\"https:\/\/s2.ppllstatics.com\/elcomercio\/www\/multimedia\/2025\/06\/05\/docentes-manifa-oviedo-U2201789943466KVE-Rche3Qu8X5F2k8Iv2Swn0QO-758x531@El%20Comercio.jpg\" width=\"758\" height=\"528\" \/><\/a><\/p>\n","protected":false},"excerpt":{"rendered":"<p>Los sindicatos anuncien que \u00abnun hai alcuerdu\u00bb tres m\u00e1s de siete hores de xunta. Nin un pasu tras o \u00abalcuerdu y\u00e1\u00bb son dalgunos de los mensaxes que pueden vese na concentraci\u00f3n pola Educaci\u00f3n n&#8217;Asturies que se lleva a cabu a les puertes del EASMU, n&#8217;Uvi\u00e9u. Fonte: El Comercio \/ Propuesta del Princip\u00e1u \/ Actualid\u00e1 Asturies [&hellip;]<\/p>\n","protected":false},"author":117,"featured_media":0,"comment_status":"open","ping_status":"open","sticky":false,"template":"","format":"standard","meta":{"footnotes":""},"categories":[451,236],"tags":[],"class_list":["post-50138","post","type-post","status-publish","format-standard","hentry","category-fuelga","category-manifestaciones"],"_links":{"self":[{"href":"https:\/\/edublog.educastur.es\/ixuxu\/wp-json\/wp\/v2\/posts\/50138","targetHints":{"allow":["GET"]}}],"collection":[{"href":"https:\/\/edublog.educastur.es\/ixuxu\/wp-json\/wp\/v2\/posts"}],"about":[{"href":"https:\/\/edublog.educastur.es\/ixuxu\/wp-json\/wp\/v2\/types\/post"}],"author":[{"embeddable":true,"href":"https:\/\/edublog.educastur.es\/ixuxu\/wp-json\/wp\/v2\/users\/117"}],"replies":[{"embeddable":true,"href":"https:\/\/edublog.educastur.es\/ixuxu\/wp-json\/wp\/v2\/comments?post=50138"}],"version-history":[{"count":11,"href":"https:\/\/edublog.educastur.es\/ixuxu\/wp-json\/wp\/v2\/posts\/50138\/revisions"}],"predecessor-version":[{"id":50197,"href":"https:\/\/edublog.educastur.es\/ixuxu\/wp-json\/wp\/v2\/posts\/50138\/revisions\/50197"}],"wp:attachment":[{"href":"https:\/\/edublog.educastur.es\/ixuxu\/wp-json\/wp\/v2\/media?parent=50138"}],"wp:term":[{"taxonomy":"category","embeddable":true,"href":"https:\/\/edublog.educastur.es\/ixuxu\/wp-json\/wp\/v2\/categories?post=50138"},{"taxonomy":"post_tag","embeddable":true,"href":"https:\/\/edublog.educastur.es\/ixuxu\/wp-json\/wp\/v2\/tags?post=50138"}],"curies":[{"name":"wp","href":"https:\/\/api.w.org\/{rel}","templated":true}]}}