{"id":50160,"date":"2025-06-05T16:00:51","date_gmt":"2025-06-05T14:00:51","guid":{"rendered":"https:\/\/edublog.educastur.es\/ixuxu\/?p=50160"},"modified":"2025-06-05T21:11:37","modified_gmt":"2025-06-05T19:11:37","slug":"la-reserva-hidrica-asturiana-al-92-de-la-so-capacida","status":"publish","type":"post","link":"https:\/\/edublog.educastur.es\/ixuxu\/2025\/06\/la-reserva-hidrica-asturiana-al-92-de-la-so-capacida\/","title":{"rendered":"La reserva h\u00eddrica asturiana, al 92 % de la so capacid\u00e1"},"content":{"rendered":"<div class=\"html-div xdj266r xat24cr x1lziwak xexx8yu xyri2b x18d9i69 x1c1uobl x78zum5 x2lah0s xqtp20y x1xegmmw\">\n<div class=\"xc9qbxq x14qfxbe x6s0dn4 x78zum5 xl56j7k\">\n<div style=\"text-align: center\"><a href=\"https:\/\/www.miteco.gob.es\/content\/dam\/miteco\/es\/prensa\/Plantilla%20Reserva%20h%C3%ADdrica%20Cuadrado03-06-25.jpg\"><img loading=\"lazy\" decoding=\"async\" class=\"aligncenter \" src=\"https:\/\/www.miteco.gob.es\/content\/dam\/miteco\/es\/prensa\/Plantilla%20Reserva%20h%C3%ADdrica%20Cuadrado03-06-25.jpg\" width=\"552\" height=\"552\" \/><\/a><\/div>\n<div class=\"\"><em>La reserva h\u00eddrica espa\u00f1ola at\u00f3pase al 76,8% de la so capacid\u00e1. Los banzaos almacenen angua\u00f1o 43.038 hm\u00b3. Menguando na \u00faltima selmana nun 0,7% de la capacid\u00e1 total actual.<\/em><\/div>\n<div>\n<ul>\n<li><strong>Cant\u00e1bricu Oriental, al 86,3% \/ Cant\u00e1bricu Occidental, al 92%<\/strong><\/li>\n<\/ul>\n<\/div>\n<\/div>\n<\/div>\n<div class=\"x78zum5 xdt5ytf xz62fqu x16ldp7u\">\n<div class=\"xu06os2 x1ok221b\">\n<div class=\"html-div xdj266r x14z9mp xat24cr x1lziwak xexx8yu xyri2b x18d9i69 x1c1uobl\" data-ad-rendering-role=\"profile_name\">\n<div class=\"html-div xdj266r x14z9mp xat24cr x1lziwak xexx8yu xyri2b x18d9i69 x1c1uobl\" dir=\"auto\">\n<div class=\"html-div xdj266r x14z9mp xat24cr x1lziwak xexx8yu xyri2b x18d9i69 x1c1uobl\" data-ad-rendering-role=\"story_message\">\n<div class=\"x1l90r2v x1iorvi4 x1g0dm76 xpdmqnj\" data-ad-comet-preview=\"message\" data-ad-preview=\"message\">\n<div class=\"x78zum5 xdt5ytf xz62fqu x16ldp7u\">\n<div class=\"xu06os2 x1ok221b\">\n<div class=\"html-div xdj266r x14z9mp xat24cr x1lziwak xexx8yu xyri2b x18d9i69 x1c1uobl\">\n<div class=\"x14z9mp xat24cr x1lziwak x1vvkbs xtlvy1s x126k92a\">\n<ul>\n<li dir=\"auto\"><span class=\"html-span xdj266r x14z9mp xat24cr x1lziwak xexx8yu xyri2b x18d9i69 x1c1uobl x1hl2dhg x16tdsg8 x1vvkbs\"><a class=\"x1i10hfl xjbqb8w x1ejq31n x18oe1m7 x1sy0etr xstzfhl x972fbf x10w94by x1qhh985 x14e42zd x9f619 x1ypdohk xt0psk2 xe8uvvx xdj266r x14z9mp xat24cr x1lziwak xexx8yu xyri2b x18d9i69 x1c1uobl x16tdsg8 x1hl2dhg xggy1nq x1a2a7pz xkrqix3 x1sur9pj x1fey0fg x1s688f\" role=\"link\" href=\"https:\/\/www.miteco.gob.es\/es\/prensa\/ultimas-noticias\/2025\/junio\/la-reserva-hidrica-espanola-se-encuentra-al-76-8--de-su-capacida.html?fbclid=IwZXh0bgNhZW0CMTAAYnJpZBEwWmdZYlRENEJEWnl5UmtLVgEeVRw6_xeFZgi-UFrrjdXxmEiDocEmTfrZBw71j3qbTpXC7nMrJQ6ym7eguZ4_aem_ZFPlEicJaRKKOa1mRDENOQ\" target=\"_blank\" rel=\"nofollow noopener noreferrer\">https:\/\/www.miteco.gob.es\/&#8230;\/la-reserva-hidrica-espanola&#8230;<\/a><\/span><\/li>\n<\/ul>\n<p><!--more--><\/p>\n<p style=\"text-align: center\"><a href=\"https:\/\/www.miteco.gob.es\/es\/prensa\/ultimas-noticias\/2025\/junio\/la-reserva-hidrica-espanola-se-encuentra-al-76-8--de-su-capacida\/_jcr_content\/root\/container\/container-main\/container-content\/image.coreimg.png\/1748965083774\/25-06-03-tabla-la-reserva-h%C3%ADdrica-espa%C3%B1ola-se-encuentra-al-76%2C8.png\"><img loading=\"lazy\" decoding=\"async\" class=\"aligncenter size-large\" src=\"https:\/\/www.miteco.gob.es\/es\/prensa\/ultimas-noticias\/2025\/junio\/la-reserva-hidrica-espanola-se-encuentra-al-76-8--de-su-capacida\/_jcr_content\/root\/container\/container-main\/container-content\/image.coreimg.png\/1748965083774\/25-06-03-tabla-la-reserva-h%C3%ADdrica-espa%C3%B1ola-se-encuentra-al-76%2C8.png\" width=\"496\" height=\"649\" \/><\/a><\/p>\n<\/div>\n<\/div>\n<\/div>\n<\/div>\n<\/div>\n<\/div>\n<\/div>\n<\/div>\n<\/div>\n<\/div>\n<p>&nbsp;<\/p>\n","protected":false},"excerpt":{"rendered":"<p>La reserva h\u00eddrica espa\u00f1ola at\u00f3pase al 76,8% de la so capacid\u00e1. Los banzaos almacenen angua\u00f1o 43.038 hm\u00b3. Menguando na \u00faltima selmana nun 0,7% de la capacid\u00e1 total actual. Cant\u00e1bricu Oriental, al 86,3% \/ Cant\u00e1bricu Occidental, al 92% https:\/\/www.miteco.gob.es\/&#8230;\/la-reserva-hidrica-espanola&#8230;<\/p>\n","protected":false},"author":117,"featured_media":0,"comment_status":"open","ping_status":"open","sticky":false,"template":"","format":"standard","meta":{"footnotes":""},"categories":[245],"tags":[],"class_list":["post-50160","post","type-post","status-publish","format-standard","hentry","category-agua"],"_links":{"self":[{"href":"https:\/\/edublog.educastur.es\/ixuxu\/wp-json\/wp\/v2\/posts\/50160","targetHints":{"allow":["GET"]}}],"collection":[{"href":"https:\/\/edublog.educastur.es\/ixuxu\/wp-json\/wp\/v2\/posts"}],"about":[{"href":"https:\/\/edublog.educastur.es\/ixuxu\/wp-json\/wp\/v2\/types\/post"}],"author":[{"embeddable":true,"href":"https:\/\/edublog.educastur.es\/ixuxu\/wp-json\/wp\/v2\/users\/117"}],"replies":[{"embeddable":true,"href":"https:\/\/edublog.educastur.es\/ixuxu\/wp-json\/wp\/v2\/comments?post=50160"}],"version-history":[{"count":4,"href":"https:\/\/edublog.educastur.es\/ixuxu\/wp-json\/wp\/v2\/posts\/50160\/revisions"}],"predecessor-version":[{"id":50164,"href":"https:\/\/edublog.educastur.es\/ixuxu\/wp-json\/wp\/v2\/posts\/50160\/revisions\/50164"}],"wp:attachment":[{"href":"https:\/\/edublog.educastur.es\/ixuxu\/wp-json\/wp\/v2\/media?parent=50160"}],"wp:term":[{"taxonomy":"category","embeddable":true,"href":"https:\/\/edublog.educastur.es\/ixuxu\/wp-json\/wp\/v2\/categories?post=50160"},{"taxonomy":"post_tag","embeddable":true,"href":"https:\/\/edublog.educastur.es\/ixuxu\/wp-json\/wp\/v2\/tags?post=50160"}],"curies":[{"name":"wp","href":"https:\/\/api.w.org\/{rel}","templated":true}]}}