{"id":50170,"date":"2025-06-05T19:45:02","date_gmt":"2025-06-05T17:45:02","guid":{"rendered":"https:\/\/edublog.educastur.es\/ixuxu\/?p=50170"},"modified":"2025-06-05T21:20:57","modified_gmt":"2025-06-05T19:20:57","slug":"rodri-joglar-falanos-dun-discu-clave-na-hestoria-de-la-musica-de-raiganu","status":"publish","type":"post","link":"https:\/\/edublog.educastur.es\/ixuxu\/2025\/06\/rodri-joglar-falanos-dun-discu-clave-na-hestoria-de-la-musica-de-raiganu\/","title":{"rendered":"Rodri Joglar f\u00e1lanos d&#8217;un discu clave na hestoria de la m\u00fasica de raiga\u00f1u"},"content":{"rendered":"<div class=\"elementor-element elementor-element-667e3c7 elementor-widget__width-inherit elementor-widget elementor-widget-theme-post-title elementor-page-title elementor-widget-heading\" data-id=\"667e3c7\" data-element_type=\"widget\" data-widget_type=\"theme-post-title.default\">\n<div class=\"elementor-widget-container\">\n<ul>\n<li class=\"elementor-heading-title elementor-size-default\">\u00abOnde l\u2019agua \u00f1az\u00bb: un fitu na hestoria de la gaita asturiana. Fonte: <a href=\"https:\/\/musicasturiana.com\/onde-lagua-naz-un-fitu-na-hestoria-de-la-gaita-asturiana\/?fbclid=IwY2xjawKuy_5leHRuA2FlbQIxMQBicmlkETBaZ1liVEQ0QkRaeXlSa0tWAR7Hlb_NZ0oBG2WCt7B63OWCeZJ3Vk2m3orF30z-evFfcl8OxKdiC2F0WrhcqQ_aem_7k4djDpQkGozGbG_EIo63g\">M\u00fasicasturiana.com<\/a><\/li>\n<li class=\"elementor-heading-title elementor-size-default\">\n<div class=\"elementor-widget-container\">El m\u00fasicu y pedagogu Rodri Joglar, profesor de gaita nel CONSMUPA, f\u00e1lanos d&#8217;un discu clave na hestoria de la m\u00fasica de raiga\u00f1u<\/div>\n<\/li>\n<\/ul>\n<p style=\"text-align: center\"><a href=\"https:\/\/musicasturiana.com\/wp-content\/uploads\/2025\/06\/xuacuamieva-ondelaguanaz.webp\"><img loading=\"lazy\" decoding=\"async\" class=\"aligncenter size-large\" src=\"https:\/\/musicasturiana.com\/wp-content\/uploads\/2025\/06\/xuacuamieva-ondelaguanaz.webp\" width=\"500\" height=\"500\" \/><\/a><\/p>\n<p>&nbsp;<\/p>\n<\/div>\n<\/div>\n<p><!--more--><\/p>\n<p>La d\u00e9cada de los <strong>a\u00f1os 80<\/strong> n\u2019Asturies sup\u00f3n pa la m\u00fasica asturiana, y n\u2019especial pa la <strong>m\u00fasica tradicional<\/strong>, una <strong>aut\u00e9ntica esplosi\u00f3n<\/strong> de proyeutos de gran importancia nes d\u00e9cades siguientes.<\/p>\n<p>Toa una <strong>xeneraci\u00f3n <\/strong>de moces y mozos vuelven los g\u00fceyos a esa Asturies tapecida polos <strong>dogmes culturales <\/strong>afitaos pola <strong>dictadura <\/strong>qu\u2019apocay\u00e1 finara. Colos nuevos <strong>aires democr\u00e1ticos <\/strong>aporta, ente otres munches coses, un procuru por conocer la <strong>cultura y la llingua propies<\/strong>, nuna b\u00fasqueda d\u2019una <strong>identid\u00e1 <\/strong>que permita a Asturies algamar una nueva forma de ser y de <strong>tar nel mundu<\/strong>.<\/p>\n<p>En mediu d\u2019esti fervideru cultural, <strong>empobin\u00e1u <\/strong>ente otres cuestiones pola incorporaci\u00f3n d\u2019Asturies a les llamaes <strong>Naciones Celtes del Arcu Atl\u00e1nticu<\/strong> al travi\u00e9s de la participaci\u00f3n nel <strong>Festival Interc\u00e9lticu de Lorient<\/strong>, la<strong> gaita asturiana <\/strong>afitase como \u00fan de los elementos musicales se\u00f1eros de la d\u00f3mina. Apaecen <strong>bayura d\u2019int\u00e9rpretes mozos <\/strong>que faen de <strong>ponte <\/strong>ente los gaiteros cl\u00e1sicos y les <strong>m\u00fasiques urbanes<\/strong>, puxando por caltener y esparder la tradici\u00f3n amestando elementos contempor\u00e1neos, tantu na <strong>ense\u00f1anza<\/strong> como na <strong>producci\u00f3n musical<\/strong>.<\/p>\n<p>\u00dan d\u2019estos mozos foi <strong>Xuacu Amieva<\/strong> (1954), angua\u00f1o \u00fan de los nomes <strong>fundamentales <\/strong>pa entender la recuperaci\u00f3n de la m\u00fasica tradicional asturiana. En 1986 ven\u00eda d\u2019algamar el prestixosu <strong>Trof\u00e9u Macallan <\/strong>de gaita asturiana y gallega nel Festival Interc\u00e9lticu de Lorient y <strong>\u201cOnde l\u2019agua \u00f1az\u201d<\/strong> sup\u00f3n la so puesta de llargu nel tarr\u00e9n <strong>discogr\u00e1ficu<\/strong>.<\/p>\n<p style=\"text-align: center\"><a href=\"https:\/\/musicasturiana.com\/wp-content\/uploads\/2025\/06\/xuacuamieva-ondelaguanaz.webp\"><img loading=\"lazy\" decoding=\"async\" class=\"aligncenter size-large\" src=\"https:\/\/musicasturiana.com\/wp-content\/uploads\/2025\/06\/xuacuamieva-ondelaguanaz.webp\" width=\"500\" height=\"500\" \/><\/a><\/p>\n<p>Esti trabayu, xunto a los discos de <strong>Manolo Quir\u00f3s,<\/strong> que y\u00e1 ven\u00eda esperimentando n\u2019incluyir la gaita n\u2019otros contestos sonoros, sup\u00f3n un pasu m\u00e1s all\u00e1, una evoluci\u00f3n progresiva y natural dende la <strong>m\u00fasica de pareya de gaita y tambor<\/strong> hacia una <strong>m\u00fasica folk<\/strong>, con <strong>instrumentaci\u00f3n <\/strong>m\u00e1s <strong>variada<\/strong>, como l\u2019arpa, guitarres, teclaos, acordi\u00f3n y delles percusiones tradicionales asturianes.<\/p>\n<p>\u201cOnde l\u2019agua \u00f1az\u201d ye am\u00e1s l\u2019estrenu d\u2019un <strong>modelu de gaita en do<\/strong>, construy\u00edu por <strong>Alberto Fern\u00e1ndez <\/strong>Velasco, que <strong>favorec\u00eda l\u2019empaste<\/strong> con otros instrumentos mel\u00f3dicos al <strong>estandarizar <\/strong>el diapas\u00f3n y la <strong>escala <\/strong>del punteru, dando los primeros pasos p\u2019averar la gaita a una escala con <strong>temperamentu igual<\/strong>. Esta gaita empleg\u00f3se en grupos como <strong>\u201cUbi\u00f1a\u201d<\/strong>, proyeutu fund\u00e1u en 1985 y que grabar\u00eda\u2019l so \u00fanicu discu en 1988.<\/p>\n<p>En \u201cOnde l\u2019agua \u00f1az\u201d collaboren dellos de los componentes d\u2019Ubi\u00f1a, como <strong>Jos\u00e9 Manuel L\u00f3pez<\/strong> (curdi\u00f3n), <strong>Rody Herrera<\/strong> (guitarra) o <strong>Michael Lee Wolfe<\/strong> (mandolina). Completen les collaboraciones <strong>Jos\u00e9 Manuel Collado<\/strong> a la voz, nuna maxistral interpretaci\u00f3n de l\u2019asturianada \u201cSoi de Pravia\u201d; <strong>Ana M\u00aa Monteser\u00edn<\/strong>, <strong>Mar\u00eda Jes\u00fas Arminio<\/strong>, <strong>Marta Gonz\u00e1lez <\/strong>y <strong>Yolanda Cortina, <\/strong>del grupu Los L.lumerinos, a los panderos, casta\u00f1ueles y voces; <strong>Nuria Pelegr\u00edn <\/strong>y <strong>Ana Pilar \u00c1lvarez<\/strong> a les casta\u00f1ueles; <strong>Fernando Largo<\/strong> al arpa y los teclaos y <strong>Daniel Lombas <\/strong>al bodhr\u00e1n.<\/p>\n<p>Esti trabayu ta edit\u00e1u pola <strong>Sociedad Fonogr\u00e1fica Asturiana<\/strong>, ta produc\u00edu por <strong>Lisardo Lombard\u00eda <\/strong>y grab\u00e1u nos estudios \u201cEolo\u201d de Xix\u00f3n, del ya fin\u00e1u <strong>Pedro Bastarrica<\/strong>.<\/p>\n<h2 class=\"wp-block-heading\"><mark class=\"has-inline-color\">El repertoriu de gaita nel discu<\/mark><\/h2>\n<p>El discu presenta doce cortes, once d\u2019ellos <strong>tradicionales <\/strong>asturianos y l\u2019\u00faltimu un amiestu de dos pieces, la <strong>polka \u201cThe bear dance\u201d <\/strong>(asturianizada darr\u00e9u como la <strong>\u201cDanza l\u2019osu\u201d<\/strong>) y la xiga escocesa <strong>\u201cLieutenent McGuire\u201d<\/strong>. Esti \u00faltimu amiestu fadr\u00e1se <strong>perpopular <\/strong>na cultura gaitera d\u2019Asturies de magar esos a\u00f1os. La Danza l\u2019osu <strong>aport\u00f3 a Asturies nel a\u00f1u 1984<\/strong>, cuando\u2019l grupu cornuall\u00e9s <strong>Ragamuffin<\/strong> toc\u00f3 nes fiestes de <strong>San Mat\u00e9u n\u2019Uvi\u00e9u<\/strong>, onde compartieron escenariu col grupu <strong>Bele\u00f1o<\/strong>. <strong>Dani G. de la Cuesta<\/strong>, que fora vigulineru nesta agrupaci\u00f3n, com\u00e9ntanos que <strong>l\u2019amist\u00e1<\/strong> surd\u00eda esa nueche di\u00f3 aniciu a la <strong>popularizaci\u00f3n <\/strong>del tema n\u2019Asturies.<\/p>\n<p>Toc\u00e1ntenes al restu del <strong>repertoriu<\/strong>, recueye una bona amuesa de <strong>m\u00fasica de gaita tradicional<\/strong>, con t\u00edtulos qu\u2019habr\u00eden convertise en cl\u00e1sicos del repertoriu de los gaiteros y agrupaciones posteriores, como alboraes (<strong>Alborada asturiana y Alborada de Maquilo<\/strong>, esta \u00faltima col acompa\u00f1amientu al arpa del desapaec\u00edu Fernando Largo), <strong>marches procesionales <\/strong>como la de <strong>Balmonte de Miranda<\/strong> y otros repertorios d\u2019usu relixosu, como <strong>l\u2019Entroito<\/strong>, melod\u00eda interpretada al entamu de la misa por gaiteros como <strong>Juan de La Torre<\/strong>, de Teberga, am\u00e1s de pieces pal baille y asturianaes. El compa\u00f1eru <strong>Luis Pola <\/strong>nos apunta, refer\u00edu a esti \u00faltimu tema, qu\u2019a pesar del t\u00edtulu, nun se corresponder\u00eda mel\u00f3dicamente col Entroito, <strong>d\u2019orixe gregorianu<\/strong>, sinon qu\u2019esplicar\u00edase como un usu por parte de los gaiteros d\u2019otres melod\u00edes diferentes, enxertaes nesi momentu concretu de la misa y quedando la denominaci\u00f3n de <strong>manera testimonial<\/strong>. Esti <strong>fen\u00f3menu <\/strong>dase en gaiteros de diferentes partes d\u2019Asturies.<\/p>\n<p>Bona parte del <strong>repertoriu <\/strong>del discu espeya la tradici\u00f3n musical del conceyu de <strong>Cangas del Narcea<\/strong>, \u00fan de los m\u00e1s estudiaos nos trabayos de recoyida dende los <strong>a\u00f1os 70<\/strong> y onde Xuacu punxo <strong>escuela de gaita<\/strong>. Bona amuesa d\u2019ello son t\u00edtulos como \u201cMarcha Vaqueira\u201d o \u201cAlborada de Maquilo\u201d, versiones del repertoriu de los m\u00edticos <strong>\u201cSon de Arriba\u201d<\/strong>, bandina imprescindible pa entender la gaita nel conceyu; o un amiestu de sones d\u2019arriba acompa\u00f1\u00e1u poles pandereteres del grupu <strong>\u201cLos L.lumerinos\u201d<\/strong> de L.lum\u00e9s.<\/p>\n<p style=\"text-align: center\">\n<!-- iframe plugin v.6.0 wordpress.org\/plugins\/iframe\/ -->\n<iframe style=\"border-radius:12px\" src=\"https:\/\/open.spotify.com\/embed\/album\/3HaDrUzrNWQB009FEPkyz0?utm_source=generator\" width=\"100%\" height=\"352\" frameborder=\"0\" allowfullscreen allow=\"autoplay; clipboard-write; encrypted-media; fullscreen; picture-in-picture\" loading=\"lazy\" 0=\"\/iframe\" scrolling=\"yes\" class=\"iframe-class\"><\/iframe>\n<\/p>\n<p><strong>Rescampla <\/strong>tami\u00e9n la segunda pista del discu, <strong>\u201cRabelada: el valse\/la escosa\u201d<\/strong>, con repertoriu de <strong>bandurria asturiana<\/strong>, instrumentu de cuerda frotada inxustamente escaec\u00edu, del que <strong>Xuacu <\/strong>ye \u00fan de los<strong> pocos int\u00e9rpretes<\/strong> d\u2019angua\u00f1o.<\/p>\n<p>Completen el discu la versi\u00f3n de la <strong>Mu\u00f1eira de Batrib\u00e1n<\/strong>, adaptada del repertoriu del gaiteru <strong>Ferm\u00edn D\u00edaz Prieto<\/strong>, conoc\u00edu como \u201cFirme de Batrib\u00e1n\u201d, del conceyu de Vilanova d\u2019Ozcos; <strong>el Pericote<\/strong>, danza ic\u00f3nica del conceyu de Llanes y e<strong>l Careao<\/strong>, baille vaqueiru nuna interesante versi\u00f3n d\u2019<strong>Andr\u00e9s Fern\u00e1ndez<\/strong>, mayestru gaiteru y constructor de gaites del <strong>Centru Asturianu de M\u00e9xico<\/strong>.<\/p>\n<p>Ensin dulda dalguna, \u201cOnde l\u2019agua \u00f1az\u201d marca <strong>un antes y un despu\u00e9s<\/strong> na m\u00fasica de gaita asturiana, afitando <strong>pieces ic\u00f3niques<\/strong> del <strong>repertoriu actual<\/strong>, un xeitu caracter\u00edsticu d\u2019entender la <strong>reellaboraci\u00f3n <\/strong>de la m\u00fasica de gaita y una de les bases pal <strong>constructu <\/strong>del llam\u00e1u <strong>\u201cestilu tradicional\u201d <\/strong>na interpretaci\u00f3n del instrumentu, arriendes d\u2019una propuesta actual col env\u00eds d\u2019averar la m\u00fasica tradicional a otros p\u00fablicos.<\/p>\n<blockquote class=\"wp-block-quote is-layout-flow wp-block-quote-is-layout-flow\"><p><em>Gracies a Xuacu Amieva, Alberto Fdez. Varillas, Dani G\u00aa de la Cuesta, Fonsu Fern\u00e1ndez, Luis Pola y Juanjo Prado pola ayuda nes consultes d\u2019informaci\u00f3n feches pa la realizaci\u00f3n d\u2019esti art\u00edculu.<\/em><\/p>\n<p><em>Rodrigo Fern\u00e1ndez Joglar<\/em><\/p><\/blockquote>\n","protected":false},"excerpt":{"rendered":"<p>\u00abOnde l\u2019agua \u00f1az\u00bb: un fitu na hestoria de la gaita asturiana. Fonte: M\u00fasicasturiana.com El m\u00fasicu y pedagogu Rodri Joglar, profesor de gaita nel CONSMUPA, f\u00e1lanos d&#8217;un discu clave na hestoria de la m\u00fasica de raiga\u00f1u &nbsp;<\/p>\n","protected":false},"author":117,"featured_media":0,"comment_status":"open","ping_status":"open","sticky":false,"template":"","format":"standard","meta":{"footnotes":""},"categories":[29,425,35,125],"tags":[],"class_list":["post-50170","post","type-post","status-publish","format-standard","hentry","category-articulos","category-gaita","category-musica","category-musicasturiana-com"],"_links":{"self":[{"href":"https:\/\/edublog.educastur.es\/ixuxu\/wp-json\/wp\/v2\/posts\/50170","targetHints":{"allow":["GET"]}}],"collection":[{"href":"https:\/\/edublog.educastur.es\/ixuxu\/wp-json\/wp\/v2\/posts"}],"about":[{"href":"https:\/\/edublog.educastur.es\/ixuxu\/wp-json\/wp\/v2\/types\/post"}],"author":[{"embeddable":true,"href":"https:\/\/edublog.educastur.es\/ixuxu\/wp-json\/wp\/v2\/users\/117"}],"replies":[{"embeddable":true,"href":"https:\/\/edublog.educastur.es\/ixuxu\/wp-json\/wp\/v2\/comments?post=50170"}],"version-history":[{"count":4,"href":"https:\/\/edublog.educastur.es\/ixuxu\/wp-json\/wp\/v2\/posts\/50170\/revisions"}],"predecessor-version":[{"id":50174,"href":"https:\/\/edublog.educastur.es\/ixuxu\/wp-json\/wp\/v2\/posts\/50170\/revisions\/50174"}],"wp:attachment":[{"href":"https:\/\/edublog.educastur.es\/ixuxu\/wp-json\/wp\/v2\/media?parent=50170"}],"wp:term":[{"taxonomy":"category","embeddable":true,"href":"https:\/\/edublog.educastur.es\/ixuxu\/wp-json\/wp\/v2\/categories?post=50170"},{"taxonomy":"post_tag","embeddable":true,"href":"https:\/\/edublog.educastur.es\/ixuxu\/wp-json\/wp\/v2\/tags?post=50170"}],"curies":[{"name":"wp","href":"https:\/\/api.w.org\/{rel}","templated":true}]}}