{"id":50184,"date":"2025-06-04T16:00:30","date_gmt":"2025-06-04T14:00:30","guid":{"rendered":"https:\/\/edublog.educastur.es\/ixuxu\/?p=50184"},"modified":"2025-06-05T21:33:10","modified_gmt":"2025-06-05T19:33:10","slug":"ambiciosu-proyectu-pa-convertir-asturies-en-polu-de-la-industria-cinematografica-nacional","status":"publish","type":"post","link":"https:\/\/edublog.educastur.es\/ixuxu\/2025\/06\/ambiciosu-proyectu-pa-convertir-asturies-en-polu-de-la-industria-cinematografica-nacional\/","title":{"rendered":"Ambiciosu proyectu pa convertir Asturies en polu de la industria cinematogr\u00e1fica nacional."},"content":{"rendered":"<p style=\"text-align: center\"><a href=\"https:\/\/actualidad.asturias.es\/documents\/537115\/2608751\/2025_06_04+Industria+cine+Asturias.jpg\/ad4799b8-3b2a-242a-5893-c83626ff0007?t=1749037184286\"><img loading=\"lazy\" decoding=\"async\" class=\"aligncenter size-large\" src=\"https:\/\/actualidad.asturias.es\/documents\/537115\/2608751\/2025_06_04+Industria+cine+Asturias.jpg\/ad4799b8-3b2a-242a-5893-c83626ff0007?t=1749037184286\" width=\"1600\" height=\"1200\" \/><\/a><\/p>\n<section class=\"x78zum5 x1q0g3np xwib8y2 x1yrsyyn x1xp8e9x x13fuv20 x178xt8z xdj266r x14z9mp xat24cr x1lziwak xo1ph6p xv54qhq xf7dkkf\">\n<div class=\"x1ypdohk\" data-visualcompletion=\"ignore-dynamic\"><\/div>\n<\/section>\n<div class=\"x1i10hfl x972fbf x10w94by x1qhh985 x14e42zd x9f619 xe8uvvx xdj266r x14z9mp xat24cr x1lziwak x16tdsg8 x1hl2dhg xggy1nq x1a2a7pz x6s0dn4 xjbqb8w x1ejq31n x18oe1m7 x1sy0etr xstzfhl x1ypdohk x78zum5 xl56j7k x1y1aw1k xf159sx xwib8y2 xmzvs34 xcdnw81\" role=\"button\"><\/div>\n<div class=\"xt0psk2\">\n<ul>\n<li class=\"_ap3a _aaco _aacu _aacx _aad7 _aade\" dir=\"auto\">\ud83d\udcfd\ufe0fEl Gobiernu del Princip\u00e1u trabaya nun ambiciosu proyectu pa convertir Asturies en polu de la industria cinematogr\u00e1fica nacional.<\/li>\n<li class=\"_ap3a _aaco _aacu _aacx _aad7 _aade\" dir=\"auto\">\ud83d\udcfd\ufe0f El plan, con una inversi\u00f3n inicial d\u2019ente 15 y 20 millones, prev\u00e9 la creaci\u00f3n d\u2019una Escuela de Cine, infraestructures de producci\u00f3n y rodaxe, y un estudiu de postproducci\u00f3n.<\/li>\n<li class=\"_ap3a _aaco _aacu _aacx _aad7 _aade\" dir=\"auto\">\u00a0\u2139 en \ud83d\udd17<a href=\"https:\/\/actualidad.asturias.es\/-\/el-gobierno-del-principado-trabaja-en-un-ambicioso-proyecto-para-convertir-asturias-en-polo-de-la-industria-cinematogr%C3%A1fica-nacional?redirect=%2Fnoticias%3Fp_p_id%3Dcom_liferay_asset_publisher_web_portlet_AssetPublisherPortlet_INSTANCE_Pk4uPC5yniIC%26p_p_lifecycle%3D0%26p_p_state%3Dnormal%26p_p_mode%3Dview%26_com_liferay_asset_publisher_web_portlet_AssetPublisherPortlet_INSTANCE_Pk4uPC5yniIC_delta%3D10%26p_r_p_resetCur%3Dfalse%26_com_liferay_asset_publisher_web_portlet_AssetPublisherPortlet_INSTANCE_Pk4uPC5yniIC_cur%3D2\">actualidad.asturias.es<\/a><\/li>\n<\/ul>\n<p><!--more--><\/p>\n<p>El Gobiernu del Princip\u00e1u trabaya nun ambiciosu proyectu para consolidar una industria cinematogr\u00e1fico fuerte y competitiva na comunid\u00e1. La iniciativa, liderada pola Conseyer\u00eda de Ciencia, Industria y Empl\u00e9u en coordinaci\u00f3n col departamentu de Cultura, Pol\u00edtica Lling\u00fc\u00edstica y Deporte, incl\u00fai la creaci\u00f3n d&#8217;infraestructures clave qu&#8217;asitien Asturies como referencia nacional ya internacional del sector audiovisual.<\/p>\n<p>Ente les actuaciones previstes figura la<strong> creaci\u00f3n d&#8217;una Escuela de Cine, un espaciu de producci\u00f3n y rodaxe con instalaciones d&#8217;\u00faltima xeneraci\u00f3n, talleres t\u00e9cnicos especializaos y un estudiu de postproducci\u00f3n forn\u00edu con tecnolox\u00eda avanzada pa edici\u00f3n, son\u00edu, efectos visuales y animaci\u00f3n en tr\u00e9s dimensiones (3D).<\/strong><\/p>\n<p>El proyectu, en fase inicial, cuenta con un estudiu de viabilid\u00e1 lider\u00e1u pola Axencia de Ciencia, Competitivid\u00e1 Empresarial ya Innovaci\u00f3n (Axencia Sekuens). El so oxetivu ye tomar tola cadena de valor de la industria cinematogr\u00e1fico, dende la formaci\u00f3n hasta la exhibici\u00f3n. Nun se trata nam\u00e1 d&#8217;aprovechar los paisaxes d&#8217;Asturies como plat\u00f3 natural, sin\u00f3n de crear na comunid\u00e1 los recursos necesarios por que cualquier producci\u00f3n pueda desenvolvese \u00edntegramente nel territoriu: rodaxe, producci\u00f3n y postproducci\u00f3n.<\/p>\n<p>L&#8217;Executivu auton\u00f3micu quier qu&#8217;esti s\u00eda un proyectu d&#8217;algame rexonal, que beneficie a tola comunid\u00e1 y act\u00fae como motor pa fortalecer el campu audiovisual. L&#8217;<strong>Asturies Para\u00edsu Natural Filme Commission<\/strong> va ser la exa vertebrador d&#8217;esta estratexa, que tami\u00e9n busca fomentar la creaci\u00f3n de nueves empreses venceyaes col sector.<\/p>\n<\/div>\n<p>&nbsp;<\/p>\n","protected":false},"excerpt":{"rendered":"<p>\ud83d\udcfd\ufe0fEl Gobiernu del Princip\u00e1u trabaya nun ambiciosu proyectu pa convertir Asturies en polu de la industria cinematogr\u00e1fica nacional. \ud83d\udcfd\ufe0f El plan, con una inversi\u00f3n inicial d\u2019ente 15 y 20 millones, prev\u00e9 la creaci\u00f3n d\u2019una Escuela de Cine, infraestructures de producci\u00f3n y rodaxe, y un estudiu de postproducci\u00f3n. \u00a0\u2139 en \ud83d\udd17actualidad.asturias.es<\/p>\n","protected":false},"author":117,"featured_media":0,"comment_status":"open","ping_status":"open","sticky":false,"template":"","format":"standard","meta":{"footnotes":""},"categories":[299],"tags":[],"class_list":["post-50184","post","type-post","status-publish","format-standard","hentry","category-cine"],"_links":{"self":[{"href":"https:\/\/edublog.educastur.es\/ixuxu\/wp-json\/wp\/v2\/posts\/50184","targetHints":{"allow":["GET"]}}],"collection":[{"href":"https:\/\/edublog.educastur.es\/ixuxu\/wp-json\/wp\/v2\/posts"}],"about":[{"href":"https:\/\/edublog.educastur.es\/ixuxu\/wp-json\/wp\/v2\/types\/post"}],"author":[{"embeddable":true,"href":"https:\/\/edublog.educastur.es\/ixuxu\/wp-json\/wp\/v2\/users\/117"}],"replies":[{"embeddable":true,"href":"https:\/\/edublog.educastur.es\/ixuxu\/wp-json\/wp\/v2\/comments?post=50184"}],"version-history":[{"count":1,"href":"https:\/\/edublog.educastur.es\/ixuxu\/wp-json\/wp\/v2\/posts\/50184\/revisions"}],"predecessor-version":[{"id":50186,"href":"https:\/\/edublog.educastur.es\/ixuxu\/wp-json\/wp\/v2\/posts\/50184\/revisions\/50186"}],"wp:attachment":[{"href":"https:\/\/edublog.educastur.es\/ixuxu\/wp-json\/wp\/v2\/media?parent=50184"}],"wp:term":[{"taxonomy":"category","embeddable":true,"href":"https:\/\/edublog.educastur.es\/ixuxu\/wp-json\/wp\/v2\/categories?post=50184"},{"taxonomy":"post_tag","embeddable":true,"href":"https:\/\/edublog.educastur.es\/ixuxu\/wp-json\/wp\/v2\/tags?post=50184"}],"curies":[{"name":"wp","href":"https:\/\/api.w.org\/{rel}","templated":true}]}}