{"id":50187,"date":"2025-06-05T09:00:33","date_gmt":"2025-06-05T07:00:33","guid":{"rendered":"https:\/\/edublog.educastur.es\/ixuxu\/?p=50187"},"modified":"2025-06-05T21:42:53","modified_gmt":"2025-06-05T19:42:53","slug":"l-dia-mundial-de-los-oceanos","status":"publish","type":"post","link":"https:\/\/edublog.educastur.es\/ixuxu\/2025\/06\/l-dia-mundial-de-los-oceanos\/","title":{"rendered":"8 de xunu: D\u00eda Mundial de los Oc\u00e9anos"},"content":{"rendered":"<blockquote>\n<p style=\"text-align: center\"><span style=\"color: #008080;font-size: 20px\"><strong><em>Del fondu mar\u00edn a les cais de Xix\u00f3n<\/em><\/strong><\/span><\/p>\n<\/blockquote>\n<p style=\"text-align: center\"><a href=\"https:\/\/actualidad.asturias.es\/documents\/537115\/2613143\/2025_06_05+actividades+dia+oceanos+2.jpg\/c1ed2e0b-a434-e54d-2818-443111002166?t=1749125979788\"><br \/>\n<img loading=\"lazy\" decoding=\"async\" class=\"aligncenter size-large\" src=\"https:\/\/actualidad.asturias.es\/documents\/537115\/2613143\/2025_06_05+actividades+dia+oceanos+2.jpg\/c1ed2e0b-a434-e54d-2818-443111002166?t=1749125979788\" width=\"1583\" height=\"1110\" \/><\/a><\/p>\n<p>Asturies avera a la ciudadan\u00eda l&#8217;activid\u00e1 cient\u00edfica ya investigadora en redol al mar para celebrar el D\u00eda Mundial de los Oc\u00e9anos.\u00a0 La Fundaci\u00f3n Ficyt y l&#8217;Institutu Espa\u00f1ol d&#8217;Oceanograf\u00eda entamen dos xornaes con talleres, esposiciones, meses redondes y cine.<\/p>\n<ul>\n<li>Fonte: <a href=\"https:\/\/actualidad.asturias.es\/-\/asturias-acerca-a-la-ciudadan%C3%ADa-la-actividad-cient%C3%ADfica-e-investigadora-en-torno-al-mar-para-celebrar-el-d%C3%ADa-mundial-de-los-oc%C3%A9anos?redirect=%2Fnoticias\">Actualid\u00e1 Asturies<\/a> \/<\/li>\n<\/ul>\n<p><!--more--><\/p>\n<p>Asturies celebra&#8217;l D\u00eda Mundial de los Oc\u00e9anos con un eventu conxuntu ente instituciones p\u00fabliques y centros d&#8217;investigaci\u00f3n p&#8217;averar el mundu mar\u00edn y l&#8217;investigaci\u00f3n oceanogr\u00e1fica a la socied\u00e1. La <span style=\"color: #008080\"><strong>Fundaci\u00f3n pal Fomentu n&#8217;Asturies de la Investigaci\u00f3n Cient\u00edfica y la Tecnolox\u00eda (Ficyt)<\/strong><\/span>, xuntu col Institutu Espa\u00f1ol d&#8217;Oceanograf\u00eda (IEO-CSIC), entama dos xornaes divulgatives qu&#8217;incl\u00fain esposiciones, talleres, meses redondes y cine.<\/p>\n<p>Sol lema <strong><em><span style=\"color: #008080\">Del fondu mar\u00edn a les cais de Xix\u00f3n<\/span><\/em><\/strong>, la propuesta, pretende fomentar la conciencia sobro la importancia de los oc\u00e9anos y dar visibilid\u00e1 a les investigaciones que se desenvuelven dende Asturies nesti \u00e1mbitu. Les xornaes incl\u00fain talleres interactivos, esposiciones tem\u00e1tiques, cine y alcuentros con espertos, tollo de manera gratuita.<\/p>\n<p>Les actividaes dieron empiezu esta ma\u00f1ana na Antigua Escuela de Comerciu de Xix\u00f3n y van enllargase hasta ma\u00f1ana vienres, y arrexunten a distintes instituciones p\u00fabliques, como la Universid\u00e1 d&#8217;Uvi\u00e9u o&#8217;l Mus\u00e9u del Xur\u00e1sicu, coles mires de sopelexar la conocencia sobro los ecosistemes marinos y destacar el papel de la ciencia asturiana na protecci\u00f3n del mar.<\/p>\n<p>La directora de Ficyt, fundaci\u00f3n que depende de la Conseyer\u00eda de Ciencia, Industria y Empl\u00e9u, Mercedes D\u00edaz, xuntu con responsables de distintos grupos d&#8217;investigaci\u00f3n del IEO-CSIC particip\u00f3 na presentaci\u00f3n de les acciones m\u00e1s destacaes que se van desenvolver los d\u00edes 5 y 6 de xunu:<\/p>\n<p><em>\u2022 Talleres educativos pa centros escolares, dirix\u00edos pol Mus\u00e9u del Xur\u00e1sicu d&#8217;Asturies (Muja), el grupu Arena de la Universid\u00e1 d&#8217;Uvi\u00e9u, y l&#8217;IEO van averar a los m\u00e1s nuevos al mundu submar\u00edn al travi\u00e9s d&#8217;actividaes participatives.<\/em><\/p>\n<p><em>\u2022 Proyecci\u00f3n del documental L&#8217;Olvidu del Mar, sobro&#8217;l naturalista Od\u00f3n de Bon, protagoniz\u00e1u por Carmelo G\u00f3mez. Vienres 6, a les 17:30 hores.<\/em><\/p>\n<p><em>\u2022 Mesa redonda con cient\u00edficos del IEO, que van cavilgar sobro&#8217;l pas\u00e1u, presente y futuru de la oceanograf\u00eda n&#8217;Espa\u00f1a. Vienres 6, a les 18:30 hores.<\/em><\/p>\n<p><em>\u2022 Presentaci\u00f3n de materiales divulgativos sobro&#8217;l nuevu buque oceanogr\u00e1ficu Od\u00f3n de Bon, s\u00edmbolu del impulsu a la investigaci\u00f3n marina nel pa\u00eds.<\/em><\/p>\n<p><em>\u2022 Esposici\u00f3n fotogr\u00e1fica al campu con imaxes del arquivu cient\u00edficu del IEO, qu&#8217;amuesen la riqueza y complexid\u00e1 del mediu mar\u00edn.<\/em><\/p>\n<p><em>\u2022 Participaci\u00f3n d&#8217;entidaes locales, como la escuela de biodise\u00f1o y el club Alpha Buc\u00e9u, que van compartir les sos esperiencies venceyaes al mar y el so caltenimientu.<\/em><\/p>\n<p>Tami\u00e9n podr\u00e1 visitase mientres estos d\u00edes xuna serie d&#8217;esposiciones qu&#8217;enceten la biodiversid\u00e1 marina, la esploraci\u00f3n ant\u00e1rtica, el buc\u00e9u aut\u00f3nomu, el dise\u00f1u inspir\u00e1u nel mar o la divulgaci\u00f3n cient\u00edfica.<\/p>\n<p><strong>Investigaci\u00f3n marina fecha n&#8217;Asturies<\/strong><\/p>\n<p>L&#8217;eventu tami\u00e9n va ser xuna oportunid\u00e1 pa poner en valor el trabayu de los grupos d&#8217;investigaci\u00f3n asturianos que lideren o participen en proyectos clave como&#8217;l siguimientu de la \u00e1rea marina protex\u00eda El Cachuchu y del sistema de ca\u00f1ones submarinos d&#8217;Avil\u00e9s; l&#8217;actualizaci\u00f3n de la llista d&#8217;especies marines n&#8217;ag\u00fces espa\u00f1oles; estudios oceanogr\u00e1ficos del programa Radiales Cant\u00e1bricu, que monitoricen les condiciones del mar a distintes fondures, o les investigaciones sobre micropl\u00e1sticos n&#8217;organismos filtradores.<\/p>\n<p>Con estes xornaes, les instituciones organizadores reafiten el so compromisu col accesu abiertu a la ciencia, la cultura cient\u00edfica y l&#8217;implicaci\u00f3n de la socied\u00e1 na protecci\u00f3n de los ecosistemes marinos.<span style=\"color: #008080\"><em><strong> El D\u00eda Mundial de los Oc\u00e9anos convi\u00e9rtese asina nuna plataforma d&#8217;alcuentru ente ciencia y ciudadan\u00eda pa curiar el futuru azul del planeta.<\/strong><\/em><\/span><\/p>\n<p style=\"text-align: center\"><a href=\"https:\/\/actualidad.asturias.es\/documents\/537115\/2613143\/2025_06_05+actividades+dia+oceanos+1.jpg\/f2be1035-9e23-3fb3-188b-581b0600baa5?t=1749125979688\"><img loading=\"lazy\" decoding=\"async\" class=\"aligncenter size-large\" src=\"https:\/\/actualidad.asturias.es\/documents\/537115\/2613143\/2025_06_05+actividades+dia+oceanos+1.jpg\/f2be1035-9e23-3fb3-188b-581b0600baa5?t=1749125979688\" width=\"2040\" height=\"1148\" \/><\/a><\/p>\n","protected":false},"excerpt":{"rendered":"<p>Del fondu mar\u00edn a les cais de Xix\u00f3n Asturies avera a la ciudadan\u00eda l&#8217;activid\u00e1 cient\u00edfica ya investigadora en redol al mar para celebrar el D\u00eda Mundial de los Oc\u00e9anos.\u00a0 La Fundaci\u00f3n Ficyt y l&#8217;Institutu Espa\u00f1ol d&#8217;Oceanograf\u00eda entamen dos xornaes con talleres, esposiciones, meses redondes y cine. Fonte: Actualid\u00e1 Asturies \/<\/p>\n","protected":false},"author":117,"featured_media":0,"comment_status":"open","ping_status":"open","sticky":false,"template":"","format":"standard","meta":{"footnotes":""},"categories":[6],"tags":[],"class_list":["post-50187","post","type-post","status-publish","format-standard","hentry","category-dia-de"],"_links":{"self":[{"href":"https:\/\/edublog.educastur.es\/ixuxu\/wp-json\/wp\/v2\/posts\/50187","targetHints":{"allow":["GET"]}}],"collection":[{"href":"https:\/\/edublog.educastur.es\/ixuxu\/wp-json\/wp\/v2\/posts"}],"about":[{"href":"https:\/\/edublog.educastur.es\/ixuxu\/wp-json\/wp\/v2\/types\/post"}],"author":[{"embeddable":true,"href":"https:\/\/edublog.educastur.es\/ixuxu\/wp-json\/wp\/v2\/users\/117"}],"replies":[{"embeddable":true,"href":"https:\/\/edublog.educastur.es\/ixuxu\/wp-json\/wp\/v2\/comments?post=50187"}],"version-history":[{"count":4,"href":"https:\/\/edublog.educastur.es\/ixuxu\/wp-json\/wp\/v2\/posts\/50187\/revisions"}],"predecessor-version":[{"id":50191,"href":"https:\/\/edublog.educastur.es\/ixuxu\/wp-json\/wp\/v2\/posts\/50187\/revisions\/50191"}],"wp:attachment":[{"href":"https:\/\/edublog.educastur.es\/ixuxu\/wp-json\/wp\/v2\/media?parent=50187"}],"wp:term":[{"taxonomy":"category","embeddable":true,"href":"https:\/\/edublog.educastur.es\/ixuxu\/wp-json\/wp\/v2\/categories?post=50187"},{"taxonomy":"post_tag","embeddable":true,"href":"https:\/\/edublog.educastur.es\/ixuxu\/wp-json\/wp\/v2\/tags?post=50187"}],"curies":[{"name":"wp","href":"https:\/\/api.w.org\/{rel}","templated":true}]}}