{"id":50193,"date":"2025-06-02T18:08:22","date_gmt":"2025-06-02T16:08:22","guid":{"rendered":"https:\/\/edublog.educastur.es\/ixuxu\/?p=50193"},"modified":"2025-06-05T22:12:02","modified_gmt":"2025-06-05T20:12:02","slug":"resollu","status":"publish","type":"post","link":"https:\/\/edublog.educastur.es\/ixuxu\/2025\/06\/resollu\/","title":{"rendered":"\u00abResollu\u00bb"},"content":{"rendered":"<p style=\"text-align: center\">\n<!-- iframe plugin v.6.0 wordpress.org\/plugins\/iframe\/ -->\n<iframe style=\"border-radius:12px\" src=\"https:\/\/open.spotify.com\/embed\/track\/6JUymQM6zQIo58mlkrhKyQ?utm_source=generator\" width=\"100%\" height=\"352\" frameborder=\"0\" allowfullscreen allow=\"autoplay; clipboard-write; encrypted-media; fullscreen; picture-in-picture\" loading=\"lazy\" 0=\"\/iframe\" scrolling=\"yes\" class=\"iframe-class\"><\/iframe>\n<\/p>\n<p style=\"text-align: center\"><a href=\"https:\/\/www.bandagaitesllacin.es\/\"><strong>Banda Gaites Llac\u00edn<\/strong><\/a> \/ <a href=\"https:\/\/www.bandagaitesllacin.com\/banda\/index.php\/as\"><strong>n&#8217;asturianu<\/strong><\/a> \/ <a href=\"https:\/\/open.spotify.com\/intl-es\/track\/6JUymQM6zQIo58mlkrhKyQ?si=22b855c77b6545b9&amp;nd=1&amp;dlsi=287eaa400e0d48c1\">Spotify<\/a> \/<\/p>\n<p><!--more--><\/p>\n<p style=\"text-align: center\"><a href=\"https:\/\/www.bandagaitesllacin.com\/banda\/images\/mail\/Resolucion\/20170317_123932_030.jpg?1749154241610\"><img loading=\"lazy\" decoding=\"async\" class=\"aligncenter size-large\" src=\"https:\/\/www.bandagaitesllacin.com\/banda\/images\/mail\/Resolucion\/20170317_123932_030.jpg?1749154241610\" width=\"3157\" height=\"1521\" \/><\/a><\/p>\n<p>Banda de Gaites LLACIN surde nel a\u00f1u 1.998 nel senu de la Escuela de M\u00fasica Tradicional\u00bb perteneciente a l&#8217;Asociaci\u00f3n Cultural y Etnogr\u00e1fico Llac\u00edn\u00bb de Porr\u00faa (Llanes, Asturies), de referencia imprescindible como inquieta promotora d&#8217;iniciatives tales como la creaci\u00f3n del \u00abMuseu Etnograficu del Oriente d&#8217;Asturies\u00bb y el \u00abMercau \u00c1stur\u00bb que se celebra tolos branos na localid\u00e1 Porruana.<\/p>\n","protected":false},"excerpt":{"rendered":"<p>Banda Gaites Llac\u00edn \/ n&#8217;asturianu \/ Spotify \/<\/p>\n","protected":false},"author":117,"featured_media":0,"comment_status":"open","ping_status":"open","sticky":false,"template":"","format":"standard","meta":{"footnotes":""},"categories":[425],"tags":[],"class_list":["post-50193","post","type-post","status-publish","format-standard","hentry","category-gaita"],"_links":{"self":[{"href":"https:\/\/edublog.educastur.es\/ixuxu\/wp-json\/wp\/v2\/posts\/50193","targetHints":{"allow":["GET"]}}],"collection":[{"href":"https:\/\/edublog.educastur.es\/ixuxu\/wp-json\/wp\/v2\/posts"}],"about":[{"href":"https:\/\/edublog.educastur.es\/ixuxu\/wp-json\/wp\/v2\/types\/post"}],"author":[{"embeddable":true,"href":"https:\/\/edublog.educastur.es\/ixuxu\/wp-json\/wp\/v2\/users\/117"}],"replies":[{"embeddable":true,"href":"https:\/\/edublog.educastur.es\/ixuxu\/wp-json\/wp\/v2\/comments?post=50193"}],"version-history":[{"count":1,"href":"https:\/\/edublog.educastur.es\/ixuxu\/wp-json\/wp\/v2\/posts\/50193\/revisions"}],"predecessor-version":[{"id":50194,"href":"https:\/\/edublog.educastur.es\/ixuxu\/wp-json\/wp\/v2\/posts\/50193\/revisions\/50194"}],"wp:attachment":[{"href":"https:\/\/edublog.educastur.es\/ixuxu\/wp-json\/wp\/v2\/media?parent=50193"}],"wp:term":[{"taxonomy":"category","embeddable":true,"href":"https:\/\/edublog.educastur.es\/ixuxu\/wp-json\/wp\/v2\/categories?post=50193"},{"taxonomy":"post_tag","embeddable":true,"href":"https:\/\/edublog.educastur.es\/ixuxu\/wp-json\/wp\/v2\/tags?post=50193"}],"curies":[{"name":"wp","href":"https:\/\/api.w.org\/{rel}","templated":true}]}}