{"id":50205,"date":"2025-06-06T08:30:11","date_gmt":"2025-06-06T06:30:11","guid":{"rendered":"https:\/\/edublog.educastur.es\/ixuxu\/?p=50205"},"modified":"2025-06-05T22:26:22","modified_gmt":"2025-06-05T20:26:22","slug":"el-tiempu-el-comercio-59","status":"publish","type":"post","link":"https:\/\/edublog.educastur.es\/ixuxu\/2025\/06\/el-tiempu-el-comercio-59\/","title":{"rendered":"El tiempu (El Comercio)"},"content":{"rendered":"<p style=\"text-align: center\"><a href=\"https:\/\/s1.ppllstatics.com\/elcomercio\/www\/multimedia\/2025\/06\/05\/prevision-tiempo-asturias-kCWG-U2301948938566Ca-2050x1500@El%20Comercio.jpg\"><img loading=\"lazy\" decoding=\"async\" class=\"aligncenter size-large\" src=\"https:\/\/s1.ppllstatics.com\/elcomercio\/www\/multimedia\/2025\/06\/05\/prevision-tiempo-asturias-kCWG-U2301948938566Ca-2050x1500@El%20Comercio.jpg\" width=\"2050\" height=\"1492\" \/><\/a><\/p>\n<p>Esperamos <span style=\"color: #008080\"><strong>empecipiar el d\u00eda<\/strong><\/span> con tiempu estable. Vamos Tener intervalos nublos con m\u00e1s nubosid\u00e1 escontra l&#8217;occidente. Pero, especialmente <span style=\"color: #008080\"><strong>a partir del mediud\u00eda<\/strong><\/span>, la nubosid\u00e1 va dir estendi\u00e9ndose por tola rex\u00f3n para dar pasu a una tarde con cielos cubiertos. Estes nubes van poder dexar mientres la tarde delles precipitaciones part\u00edes pola rex\u00f3n que, a priori, van ser d\u00e9biles. <span style=\"color: #008080\"><strong>Les temperatures m\u00e1ximes<\/strong><\/span> van baxar en tola mari\u00f1a, y nel interior central y oriental. Mentanto, nel interior occidental van caltenese ensin grandes cambeos respecto al xueves. <span style=\"color: #008080\"><strong>Les m\u00ednimes<\/strong><\/span> van xubir llixeramente en toa Asturies. <span style=\"color: #008080\"><strong>Los vientos<\/strong><\/span> van ser fluexos y variables en ll\u00ednees xenerales.<\/p>\n<p><!--more--><\/p>\n<p><span style=\"color: #008080\"><strong>El s\u00e1badu<\/strong> <\/span>vamos tener bon tiempu cuidao que, anque vamos amanecer con cierta nubosid\u00e1, conforme trescurran les hores el sol va dir ganando terrenal a les nubes. <strong>Les temperatures m\u00e1ximes<\/strong> nun van variar, y <strong>les m\u00ednimes<\/strong> van baxar nel terciu oeste asturianu.<\/p>\n<p>Los vientos van ser fluexos predominando d&#8217;oeste, especialmente na mari\u00f1a onde van poder dase delles raches moderaes. Nun s&#8217;esperen precipitaciones para&#8217;l domingu anque podr\u00eden aumentar les nubes nel tramu final del d\u00eda.<\/p>\n","protected":false},"excerpt":{"rendered":"<p>Esperamos empecipiar el d\u00eda con tiempu estable. Vamos Tener intervalos nublos con m\u00e1s nubosid\u00e1 escontra l&#8217;occidente. Pero, especialmente a partir del mediud\u00eda, la nubosid\u00e1 va dir estendi\u00e9ndose por tola rex\u00f3n para dar pasu a una tarde con cielos cubiertos. Estes nubes van poder dexar mientres la tarde delles precipitaciones part\u00edes pola rex\u00f3n que, a priori, [&hellip;]<\/p>\n","protected":false},"author":117,"featured_media":0,"comment_status":"open","ping_status":"open","sticky":false,"template":"","format":"standard","meta":{"footnotes":""},"categories":[5],"tags":[],"class_list":["post-50205","post","type-post","status-publish","format-standard","hentry","category-tiempu"],"_links":{"self":[{"href":"https:\/\/edublog.educastur.es\/ixuxu\/wp-json\/wp\/v2\/posts\/50205","targetHints":{"allow":["GET"]}}],"collection":[{"href":"https:\/\/edublog.educastur.es\/ixuxu\/wp-json\/wp\/v2\/posts"}],"about":[{"href":"https:\/\/edublog.educastur.es\/ixuxu\/wp-json\/wp\/v2\/types\/post"}],"author":[{"embeddable":true,"href":"https:\/\/edublog.educastur.es\/ixuxu\/wp-json\/wp\/v2\/users\/117"}],"replies":[{"embeddable":true,"href":"https:\/\/edublog.educastur.es\/ixuxu\/wp-json\/wp\/v2\/comments?post=50205"}],"version-history":[{"count":1,"href":"https:\/\/edublog.educastur.es\/ixuxu\/wp-json\/wp\/v2\/posts\/50205\/revisions"}],"predecessor-version":[{"id":50206,"href":"https:\/\/edublog.educastur.es\/ixuxu\/wp-json\/wp\/v2\/posts\/50205\/revisions\/50206"}],"wp:attachment":[{"href":"https:\/\/edublog.educastur.es\/ixuxu\/wp-json\/wp\/v2\/media?parent=50205"}],"wp:term":[{"taxonomy":"category","embeddable":true,"href":"https:\/\/edublog.educastur.es\/ixuxu\/wp-json\/wp\/v2\/categories?post=50205"},{"taxonomy":"post_tag","embeddable":true,"href":"https:\/\/edublog.educastur.es\/ixuxu\/wp-json\/wp\/v2\/tags?post=50205"}],"curies":[{"name":"wp","href":"https:\/\/api.w.org\/{rel}","templated":true}]}}