{"id":50213,"date":"2025-06-06T08:19:02","date_gmt":"2025-06-06T06:19:02","guid":{"rendered":"https:\/\/edublog.educastur.es\/ixuxu\/?p=50213"},"modified":"2025-06-06T08:19:02","modified_gmt":"2025-06-06T06:19:02","slug":"estau-del-tiempuvienres-6-de-xunu","status":"publish","type":"post","link":"https:\/\/edublog.educastur.es\/ixuxu\/2025\/06\/estau-del-tiempuvienres-6-de-xunu\/","title":{"rendered":"Est\u00e1u del tiempu:vienres 6 de xunu"},"content":{"rendered":"<div class=\"html-div xdj266r xat24cr x1lziwak xexx8yu xyri2b x18d9i69 x1c1uobl x78zum5 x2lah0s xqtp20y x1xegmmw\">\n<div class=\"x1vqgdyp x100vrsf\">\n<div class=\"\" style=\"text-align: center\"><a href=\"http:\/\/edublog.educastur.es\/ixuxu\/files\/2024\/11\/467747825_894074599540617_1227988172354431857_n.jpg\"><img loading=\"lazy\" decoding=\"async\" class=\"aligncenter  wp-image-36071\" src=\"http:\/\/edublog.educastur.es\/ixuxu\/files\/2024\/11\/467747825_894074599540617_1227988172354431857_n.jpg\" alt=\"\" width=\"358\" height=\"248\" srcset=\"https:\/\/edublog.educastur.es\/ixuxu\/files\/2024\/11\/467747825_894074599540617_1227988172354431857_n.jpg 450w, https:\/\/edublog.educastur.es\/ixuxu\/files\/2024\/11\/467747825_894074599540617_1227988172354431857_n-300x208.jpg 300w, https:\/\/edublog.educastur.es\/ixuxu\/files\/2024\/11\/467747825_894074599540617_1227988172354431857_n-433x300.jpg 433w\" sizes=\"auto, (max-width: 358px) 100vw, 358px\" \/><\/a><\/div>\n<\/div>\n<\/div>\n<div class=\"html-div xdj266r x14z9mp xat24cr x1lziwak xexx8yu xyri2b x18d9i69 x1c1uobl x1iyjqo2 xeuugli\">\n<div class=\"x78zum5 xdt5ytf xz62fqu x16ldp7u\">\n<div class=\"xu06os2 x1ok221b\">\n<div class=\"html-div xdj266r x14z9mp xat24cr x1lziwak xexx8yu xyri2b x18d9i69 x1c1uobl\" data-ad-rendering-role=\"profile_name\">\n<ul>\n<li id=\"_r_da_\" class=\"html-h2 x14z9mp xat24cr x1lziwak xexx8yu xyri2b x18d9i69 x1c1uobl x1vvkbs x1heor9g x1qlqyl8 x1pd3egz x1a2a7pz x1gslohp x1yc453h\"><span class=\"xt0psk2\"><span class=\"xjp7ctv\"><a class=\"x1i10hfl xjbqb8w x1ejq31n x18oe1m7 x1sy0etr xstzfhl x972fbf x10w94by x1qhh985 x14e42zd x9f619 x1ypdohk xt0psk2 xe8uvvx xdj266r x14z9mp xat24cr x1lziwak xexx8yu xyri2b x18d9i69 x1c1uobl x16tdsg8 x1hl2dhg xggy1nq x1a2a7pz xkrqix3 x1sur9pj xzsf02u x1s688f\" role=\"link\" href=\"https:\/\/www.facebook.com\/eltiempuenasturies?__cft__[0]=AZUNaEpDYtXhIW36vw300NB8EBjCGhY9tUcsnhT43IbSb5AmTTsNsksbHCFlCPFTWHw5_fWPK8NBL6bc2xQBenIcYkRGDGQOYk2nb4KK0rMKBX41YOzo0fT1MxipPL52Hv8v3ZZlkK6tbij86ABuSdmIZbeY1UtV6KXNsI0rvkqyFUgc3eGYjM4of-B35Tid-v3TmHyTqz6fNEmAo_LZ5REc&amp;__tn__=-UC%2CP-R\"><strong class=\"html-strong xdj266r x14z9mp xat24cr x1lziwak xexx8yu xyri2b x18d9i69 x1c1uobl x1hl2dhg x16tdsg8 x1vvkbs x1s688f\"><span class=\"html-span xdj266r x14z9mp xat24cr x1lziwak xexx8yu xyri2b x18d9i69 x1c1uobl x1hl2dhg x16tdsg8 x1vvkbs\">El Tiempu n&#8217;Asturies.<\/span><\/strong><\/a><\/span><\/span><\/li>\n<\/ul>\n<\/div>\n<\/div>\n<div class=\"xu06os2 x1ok221b\"><\/div>\n<\/div>\n<\/div>\n<div class=\"html-div xdj266r x14z9mp xat24cr x1lziwak xexx8yu xyri2b x18d9i69 x1c1uobl\" dir=\"auto\">\n<div class=\"html-div xdj266r x14z9mp xat24cr x1lziwak xexx8yu xyri2b x18d9i69 x1c1uobl\" data-ad-rendering-role=\"story_message\">\n<div id=\"_r_dc_\" class=\"x1l90r2v x1iorvi4 x1g0dm76 xpdmqnj\" data-ad-comet-preview=\"message\" data-ad-preview=\"message\">\n<div class=\"x78zum5 xdt5ytf xz62fqu x16ldp7u\">\n<div class=\"xu06os2 x1ok221b\">\n<div class=\"html-div xdj266r x14z9mp xat24cr x1lziwak xexx8yu xyri2b x18d9i69 x1c1uobl\">\n<div class=\"x14z9mp xat24cr x1lziwak x1vvkbs xtlvy1s x126k92a\">\n<ul>\n<li dir=\"auto\"><strong><span style=\"color: #008080\">Alborecemos<\/span><\/strong> col cielu nuboso ya con unes temperatures que tan alrodiu de los 15\u00baC, rexistr\u00e1ndose nel puirtu Payares 6,8\u00baC onde ta&#8217;l cielu poco nuboso.<\/li>\n<\/ul>\n<\/div>\n<div class=\"x14z9mp xat24cr x1lziwak x1vvkbs xtlvy1s x126k92a\">\n<ul>\n<li dir=\"auto\"><strong><span style=\"color: #008080\">G\u00fcei<\/span> <\/strong>la cola d&#8217;un frente va facer qu&#8217;aumenten les nubes ya inclusu que nos dexen dalguna gotera pela tarde con unes temperatures que camudar\u00e1n poco, calteni\u00e9ndose un ambiente afayaizu y suave, sicas\u00ed l&#8217;aire de componente norte pue dexar dalguna racha moderada nel llitoral pela tarde.<\/li>\n<\/ul>\n<p><!--more--><\/p>\n<\/div>\n<div class=\"x14z9mp xat24cr x1lziwak x1vvkbs xtlvy1s x126k92a\">\n<ul>\n<li dir=\"auto\"><strong><span style=\"color: #008080\">Ma\u00f1ana s\u00e1badu y pas\u00e1u domingu<\/span><\/strong> vamos tener nubes ya claros o abancios y poco movimientu atlmosf\u00e9ricu con unes temperatures m\u00e1simes que rondar\u00e1n los 22\u00baC, sin pasar calor ya col aire de componente norte-nord\u00e9s que pue ser dalgo cafiante na costa y zones espuestes.<\/li>\n<\/ul>\n<\/div>\n<div class=\"x14z9mp xat24cr x1lziwak x1vvkbs xtlvy1s x126k92a\">\n<ul>\n<li dir=\"auto\"><strong><span style=\"color: #008080\">El llunes<\/span> <\/strong>ascender\u00e1n les temperatures ya tendremos m\u00e1s sol y el martes ye probable que l&#8217;ascensu seya bultable, faciendo que medren les nubes de desendolque pela tarde y nos traigan la truena, pero esto y\u00e1 lu diremos viendo.<\/li>\n<\/ul>\n<\/div>\n<\/div>\n<\/div>\n<\/div>\n<\/div>\n<\/div>\n<\/div>\n<p>&nbsp;<\/p>\n","protected":false},"excerpt":{"rendered":"<p>El Tiempu n&#8217;Asturies. Alborecemos col cielu nuboso ya con unes temperatures que tan alrodiu de los 15\u00baC, rexistr\u00e1ndose nel puirtu Payares 6,8\u00baC onde ta&#8217;l cielu poco nuboso. G\u00fcei la cola d&#8217;un frente va facer qu&#8217;aumenten les nubes ya inclusu que nos dexen dalguna gotera pela tarde con unes temperatures que camudar\u00e1n poco, calteni\u00e9ndose un ambiente [&hellip;]<\/p>\n","protected":false},"author":117,"featured_media":0,"comment_status":"open","ping_status":"open","sticky":false,"template":"","format":"standard","meta":{"footnotes":""},"categories":[5],"tags":[],"class_list":["post-50213","post","type-post","status-publish","format-standard","hentry","category-tiempu"],"_links":{"self":[{"href":"https:\/\/edublog.educastur.es\/ixuxu\/wp-json\/wp\/v2\/posts\/50213","targetHints":{"allow":["GET"]}}],"collection":[{"href":"https:\/\/edublog.educastur.es\/ixuxu\/wp-json\/wp\/v2\/posts"}],"about":[{"href":"https:\/\/edublog.educastur.es\/ixuxu\/wp-json\/wp\/v2\/types\/post"}],"author":[{"embeddable":true,"href":"https:\/\/edublog.educastur.es\/ixuxu\/wp-json\/wp\/v2\/users\/117"}],"replies":[{"embeddable":true,"href":"https:\/\/edublog.educastur.es\/ixuxu\/wp-json\/wp\/v2\/comments?post=50213"}],"version-history":[{"count":1,"href":"https:\/\/edublog.educastur.es\/ixuxu\/wp-json\/wp\/v2\/posts\/50213\/revisions"}],"predecessor-version":[{"id":50214,"href":"https:\/\/edublog.educastur.es\/ixuxu\/wp-json\/wp\/v2\/posts\/50213\/revisions\/50214"}],"wp:attachment":[{"href":"https:\/\/edublog.educastur.es\/ixuxu\/wp-json\/wp\/v2\/media?parent=50213"}],"wp:term":[{"taxonomy":"category","embeddable":true,"href":"https:\/\/edublog.educastur.es\/ixuxu\/wp-json\/wp\/v2\/categories?post=50213"},{"taxonomy":"post_tag","embeddable":true,"href":"https:\/\/edublog.educastur.es\/ixuxu\/wp-json\/wp\/v2\/tags?post=50213"}],"curies":[{"name":"wp","href":"https:\/\/api.w.org\/{rel}","templated":true}]}}