{"id":50238,"date":"2025-06-06T10:28:42","date_gmt":"2025-06-06T08:28:42","guid":{"rendered":"https:\/\/edublog.educastur.es\/ixuxu\/?p=50238"},"modified":"2025-06-06T10:32:06","modified_gmt":"2025-06-06T08:32:06","slug":"el-ibiense-que-quier-que-florie-la-so-tierra","status":"publish","type":"post","link":"https:\/\/edublog.educastur.es\/ixuxu\/2025\/06\/el-ibiense-que-quier-que-florie-la-so-tierra\/","title":{"rendered":"El ibiense que quier que \u00abflorie\u00bb la so tierra"},"content":{"rendered":"<p>El ibiense que quier que \u00abflorie\u00bb la so tierra ellaborando miel nun cort\u00edn de casi 400 a\u00f1os. <em>\u00abNel mediu rural hai proyectos bien chulos que merecen visibilid\u00e1 y sofitu, hai que poner el focu nellos\u00bb<\/em>, se\u00f1ala Adri\u00e1n Fl\u00f3rez. Fonte:<a href=\"https:\/\/www.lne.es\/occidente\/2025\/06\/05\/ibiense-quiere-florezca-tierra-elaborando-118254626.html?utm_medium=Social&amp;utm_campaign=Echobox&amp;utm_source=Facebook#Echobox=1749153885\"> LNE<\/a><\/p>\n<p style=\"text-align: center\"><a href=\"https:\/\/estaticos-cdn.prensaiberica.es\/clip\/dddd1c41-ebbd-4eb9-9a59-25baf03b1841_16-9-discover-aspect-ratio_default_0.webp\"><img loading=\"lazy\" decoding=\"async\" class=\"aligncenter size-large\" src=\"https:\/\/estaticos-cdn.prensaiberica.es\/clip\/dddd1c41-ebbd-4eb9-9a59-25baf03b1841_16-9-discover-aspect-ratio_default_0.webp\" width=\"1200\" height=\"675\" \/><\/a><\/p>\n<p><span style=\"color: #008080\"><strong>\u00abFloreziendo Miel de Muniellos\u00bb<\/strong><\/span> funde una pequena producci\u00f3n de miel calidable con visites empuestes amenorgaes para conocer l&#8217;apicultura artesanal.<\/p>\n<p><!--more--><\/p>\n<p><strong>Adri\u00e1n Fl\u00f3rez<\/strong> naci\u00f3 en Cangas, pero la so familia procede del pueblu de Valdebois, en Ibias, l&#8217;\u00fanicu n\u00facleu habit\u00e1u de la reserva de Muniellos. Estudi\u00f3 Comerciu y Marketing y decidi\u00f3 compaxinar el so trabayu en Xix\u00f3n con un emprendimiento na localid\u00e1 de los sos ancestros. Apasion\u00e1u de la cultura y l&#8217;etnograf\u00eda, apost\u00f3 pola apicultura y recuper\u00f3 el cort\u00edn de casi 400 a\u00f1os d&#8217;antig\u00fced\u00e1 nel que los sos antepasaos guardaben los tru\u00e9banos para protexeles de la fauna selvaxe. Asina naci\u00f3 <span style=\"color: #008080\"><strong>\u00abFloreziendo Miel de Muniellos\u00bb<\/strong><\/span> que funde una pequena producci\u00f3n de miel calidable con visites empuestes amenorgaes para conocer l&#8217;apicultura artesanal.<\/p>\n<p>Esta selmana recibi\u00f3 una visita bien especial, un grupu d&#8217;estudiantes de primeru de Bachilleratu del institutu Elisa y Luis Villamil, d&#8217;A Veiga, movi\u00e9ronse a Ibias dientro del Foru Comunicaci\u00f3n y Escuela. Realizaron una caminada y enfus\u00e1ronse nel cort\u00edn para reparar c\u00f3mo se produz miel.<\/p>\n<p>Cunta&#8217;l docente No\u00e9 \u00c1lvarez que el chavales \u00abten\u00eden mieu\u00bb a les abeyes, pero una vegada se enfundaron el traxe d&#8217;apicultores afayaron que nun hai nada que tarrecer.<em> \u00abTuvo perbi\u00e9n, nunca tuviera la oportunid\u00e1 d&#8217;entrar nun cort\u00edn y ver tan de barganal a les abeyes. De primeres impresiona, pero depu\u00e9s bien\u00bb,<\/em> se\u00f1ala la estudiante veigue\u00f1a Silvia Mon.<\/p>\n<p style=\"text-align: center\"><a href=\"https:\/\/estaticos-cdn.prensaiberica.es\/clip\/99534790-edce-43d6-831e-ca9a0e7b95ab_source-aspect-ratio_default_0.webp\"><img loading=\"lazy\" decoding=\"async\" class=\"aligncenter size-large\" src=\"https:\/\/estaticos-cdn.prensaiberica.es\/clip\/99534790-edce-43d6-831e-ca9a0e7b95ab_source-aspect-ratio_default_0.webp\" width=\"1600\" height=\"896\" \/><\/a><\/p>\n<p style=\"text-align: center\"><em>Semeya de familia de los participantes na activid\u00e1 realizada en Ibias.<\/em><\/p>\n<p>El Foru Comunicaci\u00f3n y Escuela esforciarse por amosar a el chavales distintes realidaes y modelos de emprendimiento nel mediu rural y Adri\u00e1n Fl\u00f3rez y la so familia son un exemplu. \u00abFaemos un miel bien artesanal, un productu esclusivo y distinto y, de cam\u00edn, caltenemos les construcciones tradicionales, los cortines. El g\u00fcelu siempres tuvo tru\u00e9banos y por eso&#8217;l cort\u00edn taba m\u00e1s o menos bien. Ent\u00e1 asina, restaurar y poner en valor\u00bb, cunta Fl\u00f3rez d&#8217;<strong>esti proyectu que naci\u00f3 en 2022.<\/strong> <strong>L&#8217;a\u00f1u pas\u00e1u produci\u00f3 700 quilos y angua\u00f1o conf\u00eda en xuntase a la Indicaci\u00f3n Xeogr\u00e1fica Protex\u00eda (IGP) Miel d&#8217;Asturies.<\/strong><\/p>\n<p><em>\u00abEl nuesu oxetivu ye que nun se pierda l&#8217;oficiu tradicional de l&#8217;apicultura y dinamizar esta zona aisllao y ablayao d&#8217;Asturies. Depu\u00e9s ufiertamos una visita empuesta a grupos bien amenorgaos pa ense\u00f1ar el procesu granible del miel, tratar de vivir lo que ser\u00eda l&#8217;a\u00f1u del apicultor. P\u00f3nense&#8217;l traxe y visiten el cort\u00edn con n\u00f3s\u00bb<\/em>, resume Adri\u00e1n Fl\u00f3rez d&#8217;esti proyectu qu&#8217;implica a tola so familia.<\/p>\n<p>El ibiense considera que l&#8217;Alministraci\u00f3n tendr\u00eda de dar dalg\u00fan tipu d&#8217;incentivu a el entamadores rurales.<em> \u00abHai proyectos bien chulos que merecen visibilid\u00e1 y sofitu, hai que poner el focu nellos\u00bb<\/em>, apunta dende Valdebois un n\u00facleu ensin cobertoria m\u00f3vil y que tien una pista asfaltada dende va dos a\u00f1os.<\/p>\n<p>&nbsp;<\/p>\n<p style=\"text-align: center\"><a href=\"https:\/\/estaticos-cdn.prensaiberica.es\/clip\/fd100f4d-a3fb-492e-965f-812c795234ee_source-aspect-ratio_default_0.webp\"><img loading=\"lazy\" decoding=\"async\" class=\"aligncenter size-large\" src=\"https:\/\/estaticos-cdn.prensaiberica.es\/clip\/fd100f4d-a3fb-492e-965f-812c795234ee_source-aspect-ratio_default_0.webp\" width=\"1600\" height=\"720\" \/><\/a>Semeya de grupu xuntu al cort\u00edn restaur\u00e1u. \/ R. T. C.<\/p>\n","protected":false},"excerpt":{"rendered":"<p>El ibiense que quier que \u00abflorie\u00bb la so tierra ellaborando miel nun cort\u00edn de casi 400 a\u00f1os. \u00abNel mediu rural hai proyectos bien chulos que merecen visibilid\u00e1 y sofitu, hai que poner el focu nellos\u00bb, se\u00f1ala Adri\u00e1n Fl\u00f3rez. Fonte: LNE \u00abFloreziendo Miel de Muniellos\u00bb funde una pequena producci\u00f3n de miel calidable con visites empuestes amenorgaes [&hellip;]<\/p>\n","protected":false},"author":117,"featured_media":0,"comment_status":"open","ping_status":"open","sticky":false,"template":"","format":"standard","meta":{"footnotes":""},"categories":[390,1],"tags":[],"class_list":["post-50238","post","type-post","status-publish","format-standard","hentry","category-miel","category-sin-categoria"],"_links":{"self":[{"href":"https:\/\/edublog.educastur.es\/ixuxu\/wp-json\/wp\/v2\/posts\/50238","targetHints":{"allow":["GET"]}}],"collection":[{"href":"https:\/\/edublog.educastur.es\/ixuxu\/wp-json\/wp\/v2\/posts"}],"about":[{"href":"https:\/\/edublog.educastur.es\/ixuxu\/wp-json\/wp\/v2\/types\/post"}],"author":[{"embeddable":true,"href":"https:\/\/edublog.educastur.es\/ixuxu\/wp-json\/wp\/v2\/users\/117"}],"replies":[{"embeddable":true,"href":"https:\/\/edublog.educastur.es\/ixuxu\/wp-json\/wp\/v2\/comments?post=50238"}],"version-history":[{"count":4,"href":"https:\/\/edublog.educastur.es\/ixuxu\/wp-json\/wp\/v2\/posts\/50238\/revisions"}],"predecessor-version":[{"id":50242,"href":"https:\/\/edublog.educastur.es\/ixuxu\/wp-json\/wp\/v2\/posts\/50238\/revisions\/50242"}],"wp:attachment":[{"href":"https:\/\/edublog.educastur.es\/ixuxu\/wp-json\/wp\/v2\/media?parent=50238"}],"wp:term":[{"taxonomy":"category","embeddable":true,"href":"https:\/\/edublog.educastur.es\/ixuxu\/wp-json\/wp\/v2\/categories?post=50238"},{"taxonomy":"post_tag","embeddable":true,"href":"https:\/\/edublog.educastur.es\/ixuxu\/wp-json\/wp\/v2\/tags?post=50238"}],"curies":[{"name":"wp","href":"https:\/\/api.w.org\/{rel}","templated":true}]}}