{"id":50245,"date":"2025-06-06T16:42:34","date_gmt":"2025-06-06T14:42:34","guid":{"rendered":"https:\/\/edublog.educastur.es\/ixuxu\/?p=50245"},"modified":"2025-06-07T13:46:28","modified_gmt":"2025-06-07T11:46:28","slug":"la-fuelga-educativa-se-descontrola-nasturies","status":"publish","type":"post","link":"https:\/\/edublog.educastur.es\/ixuxu\/2025\/06\/la-fuelga-educativa-se-descontrola-nasturies\/","title":{"rendered":"La fuelga educativa se descontrola n&#8217;Asturies"},"content":{"rendered":"<p style=\"text-align: center\"><a href=\"https:\/\/estaticos-cdn.prensaiberica.es\/clip\/420abe4b-3921-4f52-83bc-e1f4b540e1e7_16-9-discover-aspect-ratio_default_0.webp\"><img loading=\"lazy\" decoding=\"async\" class=\"aligncenter size-large\" src=\"https:\/\/estaticos-cdn.prensaiberica.es\/clip\/420abe4b-3921-4f52-83bc-e1f4b540e1e7_16-9-discover-aspect-ratio_default_0.webp\" width=\"1200\" height=\"675\" \/><\/a><\/p>\n<p>La fuelga educativa se descontrola n&#8217;Asturies: dimiten en bloque m\u00e1s de cien direcciones de colexos. La fuelga d&#8217;educaci\u00f3n n&#8217;Asturies radical\u00edzase: barricaes, cortes de carreteres y una nueva concentraci\u00f3n el domingu. Los profesores viralizan un v\u00eddeu nel que consideren que&#8217;l Princip\u00e1u da-yos la raz\u00f3n sobro la diferencia salarial con Cantabria. <a href=\"https:\/\/www.lne.es\/asturias\/2025\/06\/06\/huelga-educativa-descontrola-asturias-dimiten-118327848.html\">LNE<\/a><\/p>\n<p><!--more--><\/p>\n<p>Hab\u00eden avis\u00e1u y cumplieron. A lo llargo d&#8217;esta ma\u00f1ana, les direcciones de los colexos asturianos fueron presentando la so dimisi\u00f3n. Faenlo a cuenta gotes y \u00abpor coherencia\u00bb.<em> \u00abNel manifiestu compromet\u00edamos a dimitir en casu de nun algamar un alcuerdu&#8230; Y ese alcuerdo nun s&#8217;algam\u00f3\u00bb<\/em>, espliquen dende la direcci\u00f3n del colexu San F\u00e9lix de Cand\u00e1s. Refierse a la carta que 105 directores unvi\u00e1ron-y al presidente del Princip\u00e1u, Adri\u00e1n Barb\u00f3n, na qu&#8217;esix\u00eden ser escuchaos y ayudaos n&#8217;una situaci\u00f3n \u00abllende\u00bb para la ense\u00f1anza.<\/p>\n<p>Nel Colexu Rural de Goz\u00f3n, la direcci\u00f3n en bloque dimiti\u00f3. Otru tantu nel Colexu Palacio Vald\u00e9s d&#8217;Avil\u00e9s. Un regueru de dimisiones que \u00abdescontrola la fuelga\u00bb, dexando a los centros ensin mandos xustu nel final de cursu.<em> \u00abLa situaci\u00f3n ye insostenible y precisamos faer presi\u00f3n para consiguir una soluci\u00f3n urxente\u00bb<\/em>, dicen.<\/p>\n<p>Tr\u00e1tase d&#8217;un centenar de colexos y decenes d&#8217;institutos. Ente ellos ta&#8217;l Colexu d&#8217;Educaci\u00f3n Especial de Latores, que llevaba a\u00f1os batallando por meyorar nes infraestructures. Dende l&#8217;AMPA del centru quixeron dirixir una carta al equipu directivu: <em>\u00abUnvi\u00e1moslos tou&#8217;l nuesu sofitu y agradecimientos por dalo siempres tou polos nuesos ne\u00f1os\u00bb<\/em>, de la que llancen un mensaxe al Princip\u00e1u: <em>\u00abAct\u00faen con urxencia pa revertir esta situaci\u00f3n, esto ta afectando a los nuesos f\u00edos a la sal\u00fa emocional de les sos families\u00bb<\/em>, confesaben nun momentu de \u00abdolor, frustraci\u00f3n ya indignaci\u00f3n\u00bb.<\/p>\n<div class=\"html-div xdj266r xat24cr x1lziwak xexx8yu xyri2b x18d9i69 x1c1uobl x78zum5 x2lah0s xqtp20y x1xegmmw\">\n<div class=\"xc9qbxq x14qfxbe x6s0dn4 x78zum5 xl56j7k\">\n<div class=\"\"><\/div>\n<\/div>\n<\/div>\n<div class=\"x78zum5 xdt5ytf xz62fqu x16ldp7u\">\n<div class=\"xu06os2 x1ok221b\">\n<div class=\"html-div xdj266r x14z9mp xat24cr x1lziwak xexx8yu xyri2b x18d9i69 x1c1uobl\" data-ad-rendering-role=\"profile_name\">\n<ul>\n<li class=\"html-h3 x14z9mp xat24cr x1lziwak xexx8yu xyri2b x18d9i69 x1c1uobl x1vvkbs x1heor9g x1qlqyl8 x1pd3egz x1a2a7pz x1gslohp x1yc453h\"><span class=\"x1lliihq x6ikm8r x10wlt62 x1n2onr6\"><span class=\"xt0psk2\"><span class=\"xjp7ctv\"><a class=\"x1i10hfl xjbqb8w x1ejq31n x18oe1m7 x1sy0etr xstzfhl x972fbf x10w94by x1qhh985 x14e42zd x9f619 x1ypdohk xt0psk2 xe8uvvx xdj266r x14z9mp xat24cr x1lziwak xexx8yu xyri2b x18d9i69 x1c1uobl x16tdsg8 x1hl2dhg xggy1nq x1a2a7pz xkrqix3 x1sur9pj xzsf02u x1s688f\" role=\"link\" href=\"https:\/\/www.facebook.com\/gobiernodeasturias?__cft__[0]=AZWTG1q-5kKvHGJGR4_JS38IhIFDiV8bgx4uOFn8gs1P6KXHZEZ3O8EshE4yuSO3s2c77-gYR_UitLy6aPCGcLJr6SG_dGbI0Zy5RBbaD1FJtrwuQuFvFSmbK3rWVOH9adumklyJ3-BDdnvY4TqbE7O5cyVG0kODDY_A0Z8LuxniPvRZwJAlnIWklR_E7zfa_BBJMfx1CFzWxZJpSjXsFFNIpPAoCH0FPiKb_RNRd6iYGw&amp;__tn__=-UC%2CP-y-R\"><strong class=\"html-strong xdj266r x14z9mp xat24cr x1lziwak xexx8yu xyri2b x18d9i69 x1c1uobl x1hl2dhg x16tdsg8 x1vvkbs x1s688f\"><span class=\"html-span xdj266r x14z9mp xat24cr x1lziwak xexx8yu xyri2b x18d9i69 x1c1uobl x1hl2dhg x16tdsg8 x1vvkbs\">Principado de Asturias<\/span><\/strong><\/a><\/span><\/span><span class=\"html-span xdj266r x14z9mp xat24cr x1lziwak xexx8yu xyri2b x18d9i69 x1c1uobl x1hl2dhg x16tdsg8 x1vvkbs x1dor1uw x1n2onr6 xxymvpz\">\u00a0<\/span><\/span><\/li>\n<\/ul>\n<\/div>\n<\/div>\n<\/div>\n<div class=\"html-div xdj266r x14z9mp xat24cr x1lziwak xexx8yu xyri2b x18d9i69 x1c1uobl x1q0g3np\"><\/div>\n<div class=\"html-div xdj266r x14z9mp xat24cr x1lziwak xexx8yu xyri2b x18d9i69 x1c1uobl\" dir=\"auto\">\n<div class=\"html-div xdj266r x14z9mp xat24cr x1lziwak xexx8yu xyri2b x18d9i69 x1c1uobl\" dir=\"auto\">\n<div class=\"html-div xdj266r x14z9mp xat24cr x1lziwak xexx8yu xyri2b x18d9i69 x1c1uobl\" data-ad-rendering-role=\"story_message\">\n<div class=\"x1l90r2v x1iorvi4 x1g0dm76 xpdmqnj\" data-ad-comet-preview=\"message\" data-ad-preview=\"message\">\n<div class=\"x78zum5 xdt5ytf xz62fqu x16ldp7u\">\n<div class=\"xu06os2 x1ok221b\">\n<div class=\"html-div xdj266r x14z9mp xat24cr x1lziwak xexx8yu xyri2b x18d9i69 x1c1uobl\">\n<div class=\"xdj266r x14z9mp xat24cr x1lziwak x1vvkbs x126k92a\">\n<div dir=\"auto\"><span class=\"html-span xexx8yu xyri2b x18d9i69 x1c1uobl x1hl2dhg x16tdsg8 x1vvkbs x3nfvp2 x1j61x8r x1fcty0u xdj266r xat24cr xm2jcoa x1mpyi22 xxymvpz xlup9mm x1kky2od\"><img loading=\"lazy\" decoding=\"async\" class=\"xz74otr x168nmei x13lgxp2 x5pf9jr xo71vjh\" src=\"https:\/\/static.xx.fbcdn.net\/images\/emoji.php\/v9\/tde\/1\/16\/1f4f8.png\" alt=\"\ud83d\udcf8\" width=\"16\" height=\"16\" \/><\/span><span class=\"html-span xexx8yu xyri2b x18d9i69 x1c1uobl x1hl2dhg x16tdsg8 x1vvkbs x3nfvp2 x1j61x8r x1fcty0u xdj266r xat24cr xm2jcoa x1mpyi22 xxymvpz xlup9mm x1kky2od\"><img loading=\"lazy\" decoding=\"async\" class=\"xz74otr x168nmei x13lgxp2 x5pf9jr xo71vjh\" src=\"https:\/\/static.xx.fbcdn.net\/images\/emoji.php\/v9\/t4f\/1\/16\/1f447.png\" alt=\"\ud83d\udc47\" width=\"16\" height=\"16\" \/><\/span>Estes son les nueves propuestes treslladaes pol Gobiernu d&#8217;Asturies a los sindicatos, qu&#8217;afonden nel pactu pola meyora de la educaci\u00f3n p\u00fablica con menos alumn\u00e1u por aula y m\u00e1s sofitu para FP. <a href=\"https:\/\/scontent-mad2-1.xx.fbcdn.net\/v\/t39.30808-6\/493908713_1016450517325581_7859046889316205606_n.jpg?_nc_cat=111&amp;ccb=1-7&amp;_nc_sid=127cfc&amp;_nc_ohc=6LZ4324moEwQ7kNvwHl6d30&amp;_nc_oc=Adlz7pc_IJ3SvfuEjDr5Gzt8J_oAeIcT1nCn9AKtegUf5VFtHfTG9yKZJCAEJ14EmA0&amp;_nc_zt=23&amp;_nc_ht=scontent-mad2-1.xx&amp;_nc_gid=4xUHhop3I6hpg1kl_ThVHg&amp;oh=00_AfMTbofv9pKb2QE4MgOLgEw4CXIUmcD5xmIs0c8tRmrROA&amp;oe=6849DE0A\">Imaxe<\/a><\/div>\n<div dir=\"auto\"><\/div>\n<div dir=\"auto\" style=\"text-align: center\">\n<!-- iframe plugin v.6.0 wordpress.org\/plugins\/iframe\/ -->\n<iframe loading=\"lazy\" src=\"https:\/\/www.facebook.com\/plugins\/post.php?href=https%3A%2F%2Fwww.facebook.com%2Fgobiernodeasturias%2Fposts%2Fpfbid02Dt8oU33TexhfLrF12X8XWbck1kJG2mKQaejh3HnieeHz4eTP8HQCh5HWLEkrihYQl&#038;show_text=false&#038;width=500\" width=\"500\" height=\"353\" style=\"border:none;overflow:hidden\" scrolling=\"no\" frameborder=\"0\" allowfullscreen=\"true\" allow=\"autoplay; clipboard-write; encrypted-media; picture-in-picture; web-share\" 0=\"\/iframe\" class=\"iframe-class\"><\/iframe>\n<\/div>\n<\/div>\n<\/div>\n<\/div>\n<\/div>\n<\/div>\n<\/div>\n<\/div>\n<\/div>\n<p>&nbsp;<\/p>\n<p>&nbsp;<\/p>\n<p>&nbsp;<\/p>\n","protected":false},"excerpt":{"rendered":"<p>La fuelga educativa se descontrola n&#8217;Asturies: dimiten en bloque m\u00e1s de cien direcciones de colexos. La fuelga d&#8217;educaci\u00f3n n&#8217;Asturies radical\u00edzase: barricaes, cortes de carreteres y una nueva concentraci\u00f3n el domingu. Los profesores viralizan un v\u00eddeu nel que consideren que&#8217;l Princip\u00e1u da-yos la raz\u00f3n sobro la diferencia salarial con Cantabria. LNE<\/p>\n","protected":false},"author":117,"featured_media":0,"comment_status":"open","ping_status":"open","sticky":false,"template":"","format":"standard","meta":{"footnotes":""},"categories":[451],"tags":[],"class_list":["post-50245","post","type-post","status-publish","format-standard","hentry","category-fuelga"],"_links":{"self":[{"href":"https:\/\/edublog.educastur.es\/ixuxu\/wp-json\/wp\/v2\/posts\/50245","targetHints":{"allow":["GET"]}}],"collection":[{"href":"https:\/\/edublog.educastur.es\/ixuxu\/wp-json\/wp\/v2\/posts"}],"about":[{"href":"https:\/\/edublog.educastur.es\/ixuxu\/wp-json\/wp\/v2\/types\/post"}],"author":[{"embeddable":true,"href":"https:\/\/edublog.educastur.es\/ixuxu\/wp-json\/wp\/v2\/users\/117"}],"replies":[{"embeddable":true,"href":"https:\/\/edublog.educastur.es\/ixuxu\/wp-json\/wp\/v2\/comments?post=50245"}],"version-history":[{"count":7,"href":"https:\/\/edublog.educastur.es\/ixuxu\/wp-json\/wp\/v2\/posts\/50245\/revisions"}],"predecessor-version":[{"id":50281,"href":"https:\/\/edublog.educastur.es\/ixuxu\/wp-json\/wp\/v2\/posts\/50245\/revisions\/50281"}],"wp:attachment":[{"href":"https:\/\/edublog.educastur.es\/ixuxu\/wp-json\/wp\/v2\/media?parent=50245"}],"wp:term":[{"taxonomy":"category","embeddable":true,"href":"https:\/\/edublog.educastur.es\/ixuxu\/wp-json\/wp\/v2\/categories?post=50245"},{"taxonomy":"post_tag","embeddable":true,"href":"https:\/\/edublog.educastur.es\/ixuxu\/wp-json\/wp\/v2\/tags?post=50245"}],"curies":[{"name":"wp","href":"https:\/\/api.w.org\/{rel}","templated":true}]}}