{"id":50255,"date":"2025-06-06T17:30:46","date_gmt":"2025-06-06T15:30:46","guid":{"rendered":"https:\/\/edublog.educastur.es\/ixuxu\/?p=50255"},"modified":"2025-06-06T17:50:26","modified_gmt":"2025-06-06T15:50:26","slug":"les-escuelines-tamien-a-la-fuelga","status":"publish","type":"post","link":"https:\/\/edublog.educastur.es\/ixuxu\/2025\/06\/les-escuelines-tamien-a-la-fuelga\/","title":{"rendered":"Les Escuelines, tami\u00e9n a la fuelga"},"content":{"rendered":"<p style=\"text-align: center\"><a href=\"https:\/\/estaticos-cdn.prensaiberica.es\/clip\/9c4d9ae6-a613-4e29-85ce-a1d2e91f7989_16-9-discover-aspect-ratio_default_0.webp\"><img loading=\"lazy\" decoding=\"async\" class=\"aligncenter size-large\" src=\"https:\/\/estaticos-cdn.prensaiberica.es\/clip\/9c4d9ae6-a613-4e29-85ce-a1d2e91f7989_16-9-discover-aspect-ratio_default_0.webp\" width=\"1200\" height=\"675\" \/><\/a><\/p>\n<p>Les Escuelines, tami\u00e9n a la fuelga: \u00abYe una rede en precariu\u00bb. En redol a 600 trabayadores siguen ensin certidumes llaborales\u00bb a menos de tr\u00e9s meses de qu&#8217;empiece&#8217;l proyectu auton\u00f3micu na etapa educativa de 0 a 3 a\u00f1os. <a href=\"https:\/\/www.lne.es\/asturias\/2025\/06\/06\/les-escuelines-huelga-red-precario-118312744.html\">LNE<\/a><\/p>\n<p><!--more--><\/p>\n<p>La educaci\u00f3n ta de pies. A la fuelga d&#8217;Infantil, Primaria y Secundaria, s\u00famase-y agora la primer etapa educativa, la de 0 a 3 a\u00f1os, qu&#8217;entam\u00f3 una xornada de fuelga para&#8217;l pr\u00f3ximu mi\u00e9rcoles, 11 de xunu, que va dir acompa\u00f1ada de dos movilizaciones frente a la conseyer\u00eda d&#8217;Educaci\u00f3n (a les 12.00 y a les 18.00 hores d&#8217;ese mesmu d\u00eda). Faelo con una premisa clara: <em>\u00abQueremos una mesa de trabayu real para poder dar respuesta a toles trabayadores que, a falta de tr\u00e9s meses por qu&#8217;empiece a funcionar la rede Auton\u00f3mica de Les Escuelines, ent\u00e1 nun saben c\u00f3mo van desenvolver el so trabayu nin con qu\u00e9 condiciones\u00bb<\/em>, esplicaba esta ma\u00f1ana la vocera d&#8217;UXT, Laura P\u00e9rez.<\/p>\n<p>Para entender tou esti conflictu habr\u00eda que remontase al entamu de la cuesti\u00f3n. <strong>Hasta agora, les escueles Infantiles de 0 a 3 a\u00f1os depend\u00eden de los Conceyos.<\/strong> Unos 600 trabayadores con distintes condiciones, contratos y sueldos en funci\u00f3n del territoriu. Apocay\u00e1 m\u00e1s de dos a\u00f1os, tres la llegada de Lydia Espona como conseyera d&#8217;Educaci\u00f3n, puso en marcha una rede auton\u00f3mica cola idea de \u00ababsorber\u00bb a toos esos centros municipales pasando la so titularid\u00e1 y los sos trabayadores a manos del Princip\u00e1u. Un proyectu que se va faer de forma gradiada: 22 Conceyos en septiembre, una cifra ensin especificar en xineru de 2026 y los restantes en septiembre de 2026.<\/p>\n<p>\u00abT\u00e1n empe\u00f1aos n&#8217;empezar en septiembre daqu\u00e9 que tendr\u00eda de preparase con m\u00e1s tiempu\u00bb, sostuvo Tania Alonso de CC.OO, de la que les tr\u00e9s organizaciones convocantes (CC.OO, UXT y CSIF), aseguraben que&#8217;l proyectu estrella de Lydia Espina ta<em> \u00abempuestu al fracasu\u00bb.<\/em><\/p>\n<p>&nbsp;<\/p>\n","protected":false},"excerpt":{"rendered":"<p>Les Escuelines, tami\u00e9n a la fuelga: \u00abYe una rede en precariu\u00bb. En redol a 600 trabayadores siguen ensin certidumes llaborales\u00bb a menos de tr\u00e9s meses de qu&#8217;empiece&#8217;l proyectu auton\u00f3micu na etapa educativa de 0 a 3 a\u00f1os. LNE<\/p>\n","protected":false},"author":117,"featured_media":0,"comment_status":"open","ping_status":"open","sticky":false,"template":"","format":"standard","meta":{"footnotes":""},"categories":[341,451],"tags":[],"class_list":["post-50255","post","type-post","status-publish","format-standard","hentry","category-escuelines","category-fuelga"],"_links":{"self":[{"href":"https:\/\/edublog.educastur.es\/ixuxu\/wp-json\/wp\/v2\/posts\/50255","targetHints":{"allow":["GET"]}}],"collection":[{"href":"https:\/\/edublog.educastur.es\/ixuxu\/wp-json\/wp\/v2\/posts"}],"about":[{"href":"https:\/\/edublog.educastur.es\/ixuxu\/wp-json\/wp\/v2\/types\/post"}],"author":[{"embeddable":true,"href":"https:\/\/edublog.educastur.es\/ixuxu\/wp-json\/wp\/v2\/users\/117"}],"replies":[{"embeddable":true,"href":"https:\/\/edublog.educastur.es\/ixuxu\/wp-json\/wp\/v2\/comments?post=50255"}],"version-history":[{"count":3,"href":"https:\/\/edublog.educastur.es\/ixuxu\/wp-json\/wp\/v2\/posts\/50255\/revisions"}],"predecessor-version":[{"id":50258,"href":"https:\/\/edublog.educastur.es\/ixuxu\/wp-json\/wp\/v2\/posts\/50255\/revisions\/50258"}],"wp:attachment":[{"href":"https:\/\/edublog.educastur.es\/ixuxu\/wp-json\/wp\/v2\/media?parent=50255"}],"wp:term":[{"taxonomy":"category","embeddable":true,"href":"https:\/\/edublog.educastur.es\/ixuxu\/wp-json\/wp\/v2\/categories?post=50255"},{"taxonomy":"post_tag","embeddable":true,"href":"https:\/\/edublog.educastur.es\/ixuxu\/wp-json\/wp\/v2\/tags?post=50255"}],"curies":[{"name":"wp","href":"https:\/\/api.w.org\/{rel}","templated":true}]}}