{"id":50268,"date":"2025-06-07T08:34:08","date_gmt":"2025-06-07T06:34:08","guid":{"rendered":"https:\/\/edublog.educastur.es\/ixuxu\/?p=50268"},"modified":"2025-06-07T13:35:49","modified_gmt":"2025-06-07T11:35:49","slug":"estau-del-tiempu-sabadu-7-xunu","status":"publish","type":"post","link":"https:\/\/edublog.educastur.es\/ixuxu\/2025\/06\/estau-del-tiempu-sabadu-7-xunu\/","title":{"rendered":"Est\u00e1u del tiempu: s\u00e1badu 7 xunu"},"content":{"rendered":"<div class=\"xu06os2 x1ok221b\">\n<div class=\"html-div xdj266r x14z9mp xat24cr x1lziwak xexx8yu xyri2b x18d9i69 x1c1uobl\" data-ad-rendering-role=\"profile_name\">\n<ul>\n<li id=\"_r_4bs_\" class=\"html-h2 x14z9mp xat24cr x1lziwak xexx8yu xyri2b x18d9i69 x1c1uobl x1vvkbs x1heor9g x1qlqyl8 x1pd3egz x1a2a7pz x1gslohp x1yc453h\"><span class=\"xt0psk2\"><span class=\"xjp7ctv\"><a class=\"x1i10hfl xjbqb8w x1ejq31n x18oe1m7 x1sy0etr xstzfhl x972fbf x10w94by x1qhh985 x14e42zd x9f619 x1ypdohk xt0psk2 xe8uvvx xdj266r x14z9mp xat24cr x1lziwak xexx8yu xyri2b x18d9i69 x1c1uobl x16tdsg8 x1hl2dhg xggy1nq x1a2a7pz xkrqix3 x1sur9pj xzsf02u x1s688f\" role=\"link\" href=\"https:\/\/www.facebook.com\/eltiempuenasturies?__cft__[0]=AZW4tXSbNtYSgp9lzYgOeOrdyixWgWuBBRAa7fMj55E71yajdB6ZKT4m1kL4PmuUnHrCfwH5uPyHzH9LTQUsZHKa5Ip__qGD0sE8YqO8MMBEMPxI6qRxA-jCvBObBelT8Wug8x_k7BFCdUFtIMNP4osqr4bVdCyCAmWrkLIQpVOlVlodM0Lr9Eo8Ti1w0CbmPFEw02aOniP-2Nb6TeNQcblR&amp;__tn__=-UC%2CP-R\"><strong class=\"html-strong xdj266r x14z9mp xat24cr x1lziwak xexx8yu xyri2b x18d9i69 x1c1uobl x1hl2dhg x16tdsg8 x1vvkbs x1s688f\"><span class=\"html-span xdj266r x14z9mp xat24cr x1lziwak xexx8yu xyri2b x18d9i69 x1c1uobl x1hl2dhg x16tdsg8 x1vvkbs\">El Tiempu n&#8217;Asturies.<\/span><\/strong><\/a><\/span><\/span><\/li>\n<\/ul>\n<\/div>\n<\/div>\n<div class=\"html-div xdj266r x14z9mp xat24cr x1lziwak xexx8yu xyri2b x18d9i69 x1c1uobl\" dir=\"auto\">\n<div class=\"html-div xdj266r x14z9mp xat24cr x1lziwak xexx8yu xyri2b x18d9i69 x1c1uobl\" data-ad-rendering-role=\"story_message\">\n<div id=\"_r_4bu_\" class=\"x1l90r2v x1iorvi4 x1g0dm76 xpdmqnj\" data-ad-comet-preview=\"message\" data-ad-preview=\"message\">\n<div class=\"x78zum5 xdt5ytf xz62fqu x16ldp7u\">\n<div class=\"xu06os2 x1ok221b\">\n<div class=\"html-div xdj266r x14z9mp xat24cr x1lziwak xexx8yu xyri2b x18d9i69 x1c1uobl\">\n<div class=\"x14z9mp xat24cr x1lziwak x1vvkbs xtlvy1s x126k92a\">\n<ul>\n<li dir=\"auto\"><strong><span style=\"color: #008080\">Alborecemos<\/span><\/strong> con intervalos nubosos entemecios ente dellos claros o abancios ya con nublines no fonderu los valles con unes temperatures que tan alrodiu de los 14\u00baC, rexistr\u00e1ndose nel puirtu Payares 5,3\u00baC.<\/li>\n<\/ul>\n<\/div>\n<div class=\"x14z9mp xat24cr x1lziwak x1vvkbs xtlvy1s x126k92a\">\n<ul>\n<li dir=\"auto\"><strong><span style=\"color: #008080\">G\u00fcei<\/span><\/strong> vamos tener el cielu poco nuboso en xeneral anque aumentar\u00e1 la nubosid\u00e1 al atapecer pa dexanos el d\u00eda nuble con unes temperatures que van camudar poco ya col aire de componente noroeste que pue soplar con raches moderaes nel llitoral y zones espuestes.<\/li>\n<\/ul>\n<p><!--more--><\/p>\n<\/div>\n<div class=\"x14z9mp xat24cr x1lziwak x1vvkbs xtlvy1s x126k92a\">\n<ul>\n<li dir=\"auto\"><strong><span style=\"color: #008080\">Ma\u00f1ana domingu<\/span> <\/strong>va tar m\u00e1s escampl\u00e1u na costa y cordelera y con nubosid\u00e1 estratificada na fastera central anque tami\u00e9n va vese&#8217;l sol perell\u00ed, sobre too nes hores centrales del d\u00eda. L&#8217;aire tender\u00e1 a nord\u00e9s y pue ser cafiante pela costa con unes temperatures que seguir\u00e1n siendo suaves con m\u00e1simes de 22-23\u00baC nel meyor de los casos.<\/li>\n<\/ul>\n<\/div>\n<div class=\"x14z9mp xat24cr x1lziwak x1vvkbs xtlvy1s x126k92a\">\n<ul>\n<li dir=\"auto\"><strong><span style=\"color: #008080\">El llunes<\/span> <\/strong>otra vegada m\u00e1s tendremos dalgo de nubosid\u00e1 estratificada na fastera central asturiana que tender\u00e1 a dixebrase a lu llargu la ma\u00f1ana, tando m\u00e1s escampl\u00e1u nel restu con unes temperatures qu&#8217;entamen a subir, am\u00e1s l&#8217;aire amenorgar\u00e1 dalgo.<\/li>\n<\/ul>\n<\/div>\n<div class=\"x14z9mp xat24cr x1lziwak x1vvkbs xtlvy1s x126k92a\">\n<ul>\n<li dir=\"auto\"><strong><span style=\"color: #008080\">El martes<\/span><\/strong> lo m\u00e1s destac\u00e1u sedr\u00e1 l&#8217;ascensu bultable de les temperatures, sobre too nel interior onde superaremos los 30\u00baC con facilid\u00e1, na costa tar\u00e1 m\u00e1s amenorg\u00e1u por mor de les brises marines. Nel cielu dir\u00e1n medrando les nubes de desendolque y pela tarde nun se descarta que llegue la truena a dalg\u00fan puntu d&#8217;Asturies, pero esto y\u00e1 lu diremos viendo.<\/li>\n<\/ul>\n<\/div>\n<\/div>\n<\/div>\n<\/div>\n<\/div>\n<\/div>\n<\/div>\n<p>&nbsp;<\/p>\n","protected":false},"excerpt":{"rendered":"<p>El Tiempu n&#8217;Asturies. Alborecemos con intervalos nubosos entemecios ente dellos claros o abancios ya con nublines no fonderu los valles con unes temperatures que tan alrodiu de los 14\u00baC, rexistr\u00e1ndose nel puirtu Payares 5,3\u00baC. G\u00fcei vamos tener el cielu poco nuboso en xeneral anque aumentar\u00e1 la nubosid\u00e1 al atapecer pa dexanos el d\u00eda nuble con [&hellip;]<\/p>\n","protected":false},"author":117,"featured_media":0,"comment_status":"open","ping_status":"open","sticky":false,"template":"","format":"standard","meta":{"footnotes":""},"categories":[5],"tags":[],"class_list":["post-50268","post","type-post","status-publish","format-standard","hentry","category-tiempu"],"_links":{"self":[{"href":"https:\/\/edublog.educastur.es\/ixuxu\/wp-json\/wp\/v2\/posts\/50268","targetHints":{"allow":["GET"]}}],"collection":[{"href":"https:\/\/edublog.educastur.es\/ixuxu\/wp-json\/wp\/v2\/posts"}],"about":[{"href":"https:\/\/edublog.educastur.es\/ixuxu\/wp-json\/wp\/v2\/types\/post"}],"author":[{"embeddable":true,"href":"https:\/\/edublog.educastur.es\/ixuxu\/wp-json\/wp\/v2\/users\/117"}],"replies":[{"embeddable":true,"href":"https:\/\/edublog.educastur.es\/ixuxu\/wp-json\/wp\/v2\/comments?post=50268"}],"version-history":[{"count":2,"href":"https:\/\/edublog.educastur.es\/ixuxu\/wp-json\/wp\/v2\/posts\/50268\/revisions"}],"predecessor-version":[{"id":50270,"href":"https:\/\/edublog.educastur.es\/ixuxu\/wp-json\/wp\/v2\/posts\/50268\/revisions\/50270"}],"wp:attachment":[{"href":"https:\/\/edublog.educastur.es\/ixuxu\/wp-json\/wp\/v2\/media?parent=50268"}],"wp:term":[{"taxonomy":"category","embeddable":true,"href":"https:\/\/edublog.educastur.es\/ixuxu\/wp-json\/wp\/v2\/categories?post=50268"},{"taxonomy":"post_tag","embeddable":true,"href":"https:\/\/edublog.educastur.es\/ixuxu\/wp-json\/wp\/v2\/tags?post=50268"}],"curies":[{"name":"wp","href":"https:\/\/api.w.org\/{rel}","templated":true}]}}