{"id":50271,"date":"2025-06-07T08:37:20","date_gmt":"2025-06-07T06:37:20","guid":{"rendered":"https:\/\/edublog.educastur.es\/ixuxu\/?p=50271"},"modified":"2025-06-07T14:09:52","modified_gmt":"2025-06-07T12:09:52","slug":"50271","status":"publish","type":"post","link":"https:\/\/edublog.educastur.es\/ixuxu\/2025\/06\/50271\/","title":{"rendered":"El tiempu (El Comercio)"},"content":{"rendered":"<p style=\"text-align: center\"><a href=\"https:\/\/s1.ppllstatics.com\/elcomercio\/www\/multimedia\/2025\/06\/06\/prevision-tiempo-asturias-kwFE-U2301948938566Ca-2100x1550@El%20Comercio.jpg\"><img loading=\"lazy\" decoding=\"async\" class=\"aligncenter size-large\" src=\"https:\/\/s1.ppllstatics.com\/elcomercio\/www\/multimedia\/2025\/06\/06\/prevision-tiempo-asturias-kwFE-U2301948938566Ca-2100x1550@El%20Comercio.jpg\" width=\"2099\" height=\"1500\" \/><\/a><\/p>\n<p><span style=\"color: #008080\"><strong>Vamos amanecer<\/strong><\/span> con cierta nubosid\u00e1 baxa, estes nubes van menguar r\u00e1pido polo que se van abrir grandes claros mientres la ma\u00f1ana. Pero <span style=\"color: #008080\"><strong>a lo llargo de la tarde<\/strong><\/span> preve l&#8217;aumentu de nubes hasta cubrir el cielu asturianu pr\u00e1cticamente por completu. La probabilid\u00e1 de precipitaciones va ser bien escasa pero nun se refuga que pueda escapase dalguna gota poco importantes a la fin. <span style=\"color: #008080\"><strong>Los vientos<\/strong> <\/span>van ser fluexos predominando de noroeste con dalguna racha moderada na mari\u00f1a. <span style=\"color: #008080\"><strong>Les temperatures m\u00e1ximes<\/strong> <\/span>van caltenese ensin cambeos respecto al vienres, ente que<strong><span style=\"color: #008080\"> les m\u00ednimes<\/span><\/strong> van baxar en tol occidente y nun van variar nel restu.<\/p>\n<p><!--more--><\/p>\n<p><strong>El domingu<\/strong> vamos concluyir la selmana con una xornada marcada por#intervalu nublos polo xeneral, anque con grandes claros escontra&#8217;l cordal (siquier mientres la ma\u00f1ana). <strong>Los vientos<\/strong> van soplar de nordeste fluexos, aumentando la so intensid\u00e1 a lo llargo del d\u00eda na mari\u00f1a especialmente. <strong>Les temperatures m\u00e1ximes<\/strong> van xubir un poco nel terciu sur asturianu que va ser onde se preve que rellume&#8217;l sol, y van caltenese ensin cambeos nel restu. <strong>La pr\u00f3xima selmana<\/strong> les temperatures van tender a l&#8217;alza pudiendo llegar a los 30 \u00baC el martes.<\/p>\n","protected":false},"excerpt":{"rendered":"<p>Vamos amanecer con cierta nubosid\u00e1 baxa, estes nubes van menguar r\u00e1pido polo que se van abrir grandes claros mientres la ma\u00f1ana. Pero a lo llargo de la tarde preve l&#8217;aumentu de nubes hasta cubrir el cielu asturianu pr\u00e1cticamente por completu. La probabilid\u00e1 de precipitaciones va ser bien escasa pero nun se refuga que pueda escapase [&hellip;]<\/p>\n","protected":false},"author":117,"featured_media":0,"comment_status":"open","ping_status":"open","sticky":false,"template":"","format":"standard","meta":{"footnotes":""},"categories":[5],"tags":[],"class_list":["post-50271","post","type-post","status-publish","format-standard","hentry","category-tiempu"],"_links":{"self":[{"href":"https:\/\/edublog.educastur.es\/ixuxu\/wp-json\/wp\/v2\/posts\/50271","targetHints":{"allow":["GET"]}}],"collection":[{"href":"https:\/\/edublog.educastur.es\/ixuxu\/wp-json\/wp\/v2\/posts"}],"about":[{"href":"https:\/\/edublog.educastur.es\/ixuxu\/wp-json\/wp\/v2\/types\/post"}],"author":[{"embeddable":true,"href":"https:\/\/edublog.educastur.es\/ixuxu\/wp-json\/wp\/v2\/users\/117"}],"replies":[{"embeddable":true,"href":"https:\/\/edublog.educastur.es\/ixuxu\/wp-json\/wp\/v2\/comments?post=50271"}],"version-history":[{"count":4,"href":"https:\/\/edublog.educastur.es\/ixuxu\/wp-json\/wp\/v2\/posts\/50271\/revisions"}],"predecessor-version":[{"id":50297,"href":"https:\/\/edublog.educastur.es\/ixuxu\/wp-json\/wp\/v2\/posts\/50271\/revisions\/50297"}],"wp:attachment":[{"href":"https:\/\/edublog.educastur.es\/ixuxu\/wp-json\/wp\/v2\/media?parent=50271"}],"wp:term":[{"taxonomy":"category","embeddable":true,"href":"https:\/\/edublog.educastur.es\/ixuxu\/wp-json\/wp\/v2\/categories?post=50271"},{"taxonomy":"post_tag","embeddable":true,"href":"https:\/\/edublog.educastur.es\/ixuxu\/wp-json\/wp\/v2\/tags?post=50271"}],"curies":[{"name":"wp","href":"https:\/\/api.w.org\/{rel}","templated":true}]}}