{"id":5030,"date":"2021-04-01T16:00:44","date_gmt":"2021-04-01T14:00:44","guid":{"rendered":"https:\/\/edublog.educastur.es\/ixuxu\/?p=5030"},"modified":"2021-04-03T20:43:52","modified_gmt":"2021-04-03T18:43:52","slug":"tpa-50-semeyes-del-patrimoniu-industrial-dasturies","status":"publish","type":"post","link":"https:\/\/edublog.educastur.es\/ixuxu\/2021\/04\/tpa-50-semeyes-del-patrimoniu-industrial-dasturies\/","title":{"rendered":"TPA: 50 Semeyes del patrimoniu industrial d\u00b4Asturies"},"content":{"rendered":"<p style=\"text-align: center\"><img loading=\"lazy\" decoding=\"async\" class=\"alignnone \" src=\"https:\/\/imgbox.es\/images\/2021\/04\/03\/patrim3edad075357892de.jpg\" width=\"462\" height=\"260\" \/><\/p>\n<p>A partir del 1 d\u00b4abril RTPA va incluyir na so programaci\u00f3n el proyectu audiovisual 50 semeyes del patrimoniu industrial d\u2019Asturies. 50 d\u00edes para esfrutar y revisitar el relevante patrimoniu industrial de la nuesa comunid\u00e1 aut\u00f3noma. Tr\u00e1tase tami\u00e9n d&#8217;unu de los proyectos escoy\u00edos na convocatoria \u201c<strong><span style=\"color: #008080\">Asturies crea sinerxes<\/span><\/strong>\u201d, promovida pola Conseyer\u00eda de Cultura, Pol\u00edtica Lling\u00fc\u00edstica y Turismu, y RTPA.<\/p>\n<p><span class=\"d2edcug0 hpfvmrgz qv66sw1b c1et5uql lr9zc1uh a8c37x1j keod5gw0 nxhoafnm aigsh9s9 d3f4x2em fe6kdd0r mau55g9w c8b282yb iv3no6db jq4qci2q a3bd9o3v knj5qynh oo9gr5id\" dir=\"auto\">Pieces audiovisuales que retraten en calid\u00e1 cinematogr\u00e1fica y con rigor acad\u00e9mico los 50 enclaves m\u00e1s destacaos del del patrimoniu industrial d&#8217;Asturies. <a href=\"https:\/\/www.rtpa.es\/tpa-programa-todos:50%20semeyes%20del%20patrimoniu%20industrial%20d%27Asturies_111616999709.html\">Ver noticia TPA<\/a><br \/>\n<\/span><\/p>\n<ul>\n<li><em><span style=\"font-size: 20px\"><a href=\"https:\/\/www.facebook.com\/patrimoniuindustrial\/\">Patrimoniu industrial Facebook<\/a><\/span><\/em><\/li>\n<li><em><span style=\"font-size: 20px\"><a href=\"https:\/\/patrimoniuindustrial.com\">https:\/\/patrimoniuindustrial.com<\/a><\/span><\/em><\/li>\n<li><em><span style=\"font-size: 20px\"><a href=\"https:\/\/patrimoniuindustrial.com\/memoria-oral\/?idv=13122&amp;cn=industrias&amp;fbclid=IwAR1c2jK7A5YxS0HHGJ4zha8w9l_klsyVCz0F_T97-PKD-lxbWqDlR-NXMIk\">Ver videos<\/a><\/span><\/em><\/li>\n<\/ul>\n<p><!--more--><\/p>\n<div class=\"format-content-p margin-t-5\">\n<p>Pieces audiovisuales que retraten en calid\u00e1 cinematogr\u00e1fica y con rigor acad\u00e9mico los 50 enclaves m\u00e1s destacaos del patrimoniu industrial d&#8217;Asturies. Cada pieza va dexar unu aproximamientu emocional y hest\u00f3ricu a llugares, edificaciones y\/o elementos d&#8217;un leg\u00e1u bien presente na memoria colectiva de los asturianos.<\/p>\n<p>La serie prop\u00f3n aguiyar la conocencia sobro&#8217;l patrimoniu cultural d&#8217;Asturies, xenerando xuna oportunid\u00e1 de di\u00e1logu ente distintes xeneraciones y territorios de la rex\u00f3n por aciu la tresmisi\u00f3n de la so hestoria reci\u00e9n, seg\u00fan la reivindicaci\u00f3n de decenes de llugares desconoc\u00edos pa la mayor parte de los asturianos. Na mayor\u00eda de los casos, va ser la so primer semeya emitida en televisi\u00f3n.<\/p>\n<div id=\"contenedor_noticies\">\n<div id=\"main-content\" class=\"clearfix\">\n<div id=\"main-content-inner\" class=\"main-equal\">\n<div class=\"region region-content\">\n<div id=\"block-system-main\" class=\"block block-system\">\n<div class=\"block-inner\">\n<div class=\"content\">\n<div id=\"node-51326\" class=\"node node-noticies node-promoted clearfix\">\n<div class=\"node-inner\">\n<div class=\"full-node\">\n<div class=\"content clearfix\">\n<div class=\"field field-name-body field-type-text-with-summary field-label-hidden\">\n<div class=\"field-items\">\n<div class=\"field-item even\">\n<ul>\n<li><a href=\"https:\/\/asturies.com\/noticies\/tpa-estrena-una-serie-de-videos-curtios-pa-convidar-a-la-observacion-del-nuesu-patrimoniu?fbclid=IwAR2L-q-MgHJ33gIsO2XoqLesuOWUnSqVdcnrh1pcEN2MHBLT7uYDurPT8dA\"> Ver noticia Asturies.com<\/a><\/li>\n<\/ul>\n<p>Son 50 pieces d\u2019al rodiu un minutu de llargor \u201cpa convidar a la observaci\u00f3n del nueu patrimoniu industrial\u201d, apunta Marta F. Crestelo, de la productora Freews.<\/p>\n<p>\u201cEl telespectador va deprender sobre una parte tan importante de la nuesa historia como ye la industrial, que marc\u00f3\u2019l nuesu paisaxe y el nuesu paisanaxe\u201d, rellata la impulsora d\u2019esta empresa dedicada al cine independiente xunto con Marcos M. Merino, que nos a\u00f1os \u00faltimos ta desendolcando\u2019l proyeutu <a href=\"https:\/\/patrimoniuindustrial.com\/as\/\">\u2018Patrimoniu Industrial\u2019<\/a>, una ayalga que recueye n\u2019asturianu, castellanu y ingl\u00e9s el nuesu pas\u00e1u vencey\u00e1u al trabayu. Un proyeutu nel que vienen participando 33 profesionales asturianos de la divulgaci\u00f3n, l&#8217;arte o la teunolox\u00eda, ente ellos 17 investigadores reconoc\u00edos del patrimoniu industrial d&#8217;Asturies.<\/p>\n<p>\u201cVa conocer tami\u00e9n aut\u00e9nticos fitos de la inxenier\u00eda que se dendolcaron n\u2019Asturies, como pueden ser les centrales hidroel\u00e9ctriques\u201d, ensin escaecer otros elementos venceyaos a la siderurxa, la miner\u00eda, la industria qu\u00edmica o\u2019l tren. Asina, el Pozu San Fernando, n\u2019Uri\u00e9s (Ayer), va protagonizar el primer cap\u00edtulu, que se va estrenar ma\u00f1ana a les 7.59 hores, pa repetise a les 9 hores y a les 5.05 hores del vienres, cuando se va pasar el segundu episodiu, el de la mina d\u2019Arn\u00e1u, en Castrill\u00f3n, a les 8 y a les 8.56 hores.<\/p>\n<p>Depu\u00e9s de la Selmana Santa la previsi\u00f3n ye que les \u2018<span style=\"color: #008080\"><strong>50 semeyes de patrimoniu industrial<\/strong><\/span>\u2019 <span style=\"color: #008080\">se puedan ver depu\u00e9s del informativu matina<\/span>l, am\u00e1s de n\u2019otros momentos de la programaci\u00f3n como continuid\u00e1. \u201cUn minutu al d\u00eda qu\u2019acabar\u00e1n siendo 50 minutos cola intenci\u00f3n de xenerar inter\u00e9s y dignificar lo propio, que creemos que ye una manera d\u2019alimentar l\u2019autoestima coleutiva\u201d, rescampla Crestelo, qu\u2019apunta que les im\u00e1xenes con r\u00f3tulos n\u2019asturianu \u2013y voz n\u2019off qu\u2019incorpora la TPA\u2013 \u201cconviden a la observaci\u00f3n y conocimientu hist\u00f3ricu del nuestu patrimoniu industrial\u201d.<\/p>\n<p>Ente la llista de mediu centar d\u2019allugamientos que van apaecer nesta propuesta, una de les siete escoy\u00edes na convocatoria \u2018Asturies crea cultura \/ Asturies crea sinerxes\u2019 entamada pola Conseyer\u00eda de Cultura, Pol\u00edtica Lling\u00fc\u00edstica y Turismu y RTPA pa la ellaboraci\u00f3n de conten\u00edos n\u2019asturianu nel ente p\u00fablicu de comunicaci\u00f3n, atopamos tami\u00e9n la mina de Texeo, les naves de llaminaci\u00f3n na factor\u00eda d\u2019ENSIDESA d\u2019Avil\u00e9s, los talleres del Conde en La Felguera, la central hidroel\u00e9ctrica de Salime, la nave de Cristasa en Xix\u00f3n, la rampla de Payares y la historia de delles llocomotores y coches que circularon peles v\u00edes del pa\u00eds, el puertu carboneru de San Esteban, el pobl\u00e1u obreru de Llaranes o la Escuela de Formaci\u00f3n Profesional de Trubia. Cincuenta pieces que van provocar al telespectador un aproximamientu emocional y hist\u00f3ricu a llugares ent\u00e1 presente na memoria coleutiva de los asturianos.<\/p>\n<p style=\"text-align: center\"><img loading=\"lazy\" decoding=\"async\" class=\"alignnone size-full\" src=\"https:\/\/asturies.com\/sites\/default\/files\/styles\/large\/public\/taller_de_canones_de_la_fabrica_darmes_duvieu_reducida.jpg?itok=cXi5Cf8u\" width=\"458\" height=\"258\" \/><\/p>\n<p style=\"text-align: center\"><em>\u00a0\u00a0\u00a0\u00a0\u00a0\u00a0\u00a0\u00a0\u00a0\u00a0\u00a0\u00a0\u00a0\u00a0\u00a0\u00a0\u00a0\u00a0\u00a0\u00a0\u00a0\u00a0\u00a0\u00a0\u00a0\u00a0\u00a0\u00a0\u00a0\u00a0\u00a0\u00a0\u00a0\u00a0\u00a0\u00a0\u00a0\u00a0\u00a0\u00a0\u00a0\u00a0\u00a0\u00a0\u00a0\u00a0\u00a0\u00a0\u00a0\u00a0\u00a0\u00a0\u00a0\u00a0\u00a0\u00a0\u00a0\u00a0\u00a0\u00a0\u00a0\u00a0\u00a0 Na imaxe, un fotograma del cap\u00edtulu dedic\u00e1u al Taller de Ca\u00f1ones de la F\u00e1brica d&#8217;Armes d&#8217;Uvi\u00e9u.<\/em><\/p>\n<\/div>\n<\/div>\n<\/div>\n<\/div>\n<\/div>\n<\/div>\n<\/div>\n<\/div>\n<\/div>\n<\/div>\n<\/div>\n<\/div>\n<\/div>\n<\/div>\n<div class=\"sidebar-second clearfix main-equal\">\n<div class=\"sidebar-first-inner\">\n<div class=\"region region-sidebar-second\">\n<div id=\"block-block-7\" class=\"block block-block\">\n<div class=\"block-inner\">\n<div class=\"content\">\n<div class=\"clearfloat\"><\/div>\n<\/div>\n<\/div>\n<\/div>\n<\/div>\n<\/div>\n<\/div>\n<\/div>\n","protected":false},"excerpt":{"rendered":"<p>A partir del 1 d\u00b4abril RTPA va incluyir na so programaci\u00f3n el proyectu audiovisual 50 semeyes del patrimoniu industrial d\u2019Asturies. 50 d\u00edes para esfrutar y revisitar el relevante patrimoniu industrial de la nuesa comunid\u00e1 aut\u00f3noma. Tr\u00e1tase tami\u00e9n d&#8217;unu de los proyectos escoy\u00edos na convocatoria \u201cAsturies crea sinerxes\u201d, promovida pola Conseyer\u00eda de Cultura, Pol\u00edtica Lling\u00fc\u00edstica y [&hellip;]<\/p>\n","protected":false},"author":117,"featured_media":0,"comment_status":"open","ping_status":"open","sticky":false,"template":"","format":"standard","meta":{"footnotes":""},"categories":[59,17],"tags":[],"class_list":["post-5030","post","type-post","status-publish","format-standard","hentry","category-rtpa","category-semeyes"],"_links":{"self":[{"href":"https:\/\/edublog.educastur.es\/ixuxu\/wp-json\/wp\/v2\/posts\/5030","targetHints":{"allow":["GET"]}}],"collection":[{"href":"https:\/\/edublog.educastur.es\/ixuxu\/wp-json\/wp\/v2\/posts"}],"about":[{"href":"https:\/\/edublog.educastur.es\/ixuxu\/wp-json\/wp\/v2\/types\/post"}],"author":[{"embeddable":true,"href":"https:\/\/edublog.educastur.es\/ixuxu\/wp-json\/wp\/v2\/users\/117"}],"replies":[{"embeddable":true,"href":"https:\/\/edublog.educastur.es\/ixuxu\/wp-json\/wp\/v2\/comments?post=5030"}],"version-history":[{"count":7,"href":"https:\/\/edublog.educastur.es\/ixuxu\/wp-json\/wp\/v2\/posts\/5030\/revisions"}],"predecessor-version":[{"id":5032,"href":"https:\/\/edublog.educastur.es\/ixuxu\/wp-json\/wp\/v2\/posts\/5030\/revisions\/5032"}],"wp:attachment":[{"href":"https:\/\/edublog.educastur.es\/ixuxu\/wp-json\/wp\/v2\/media?parent=5030"}],"wp:term":[{"taxonomy":"category","embeddable":true,"href":"https:\/\/edublog.educastur.es\/ixuxu\/wp-json\/wp\/v2\/categories?post=5030"},{"taxonomy":"post_tag","embeddable":true,"href":"https:\/\/edublog.educastur.es\/ixuxu\/wp-json\/wp\/v2\/tags?post=5030"}],"curies":[{"name":"wp","href":"https:\/\/api.w.org\/{rel}","templated":true}]}}