{"id":50311,"date":"2025-06-07T14:02:23","date_gmt":"2025-06-07T12:02:23","guid":{"rendered":"https:\/\/edublog.educastur.es\/ixuxu\/?p=50311"},"modified":"2025-06-07T21:07:54","modified_gmt":"2025-06-07T19:07:54","slug":"los-directores-dinstitutu-tamien-se-movilicen","status":"publish","type":"post","link":"https:\/\/edublog.educastur.es\/ixuxu\/2025\/06\/los-directores-dinstitutu-tamien-se-movilicen\/","title":{"rendered":"Los directores d&#8217;institutu tami\u00e9n se movilicen"},"content":{"rendered":"<p style=\"text-align: center\"><a href=\"https:\/\/estaticos-cdn.prensaiberica.es\/clip\/f4e4dd1a-4916-41dc-8539-5a6450fd479e_16-9-aspect-ratio_640w_0.webp\"><img loading=\"lazy\" decoding=\"async\" class=\"aligncenter \" src=\"https:\/\/estaticos-cdn.prensaiberica.es\/clip\/f4e4dd1a-4916-41dc-8539-5a6450fd479e_16-9-aspect-ratio_640w_0.webp\" width=\"709\" height=\"399\" \/><\/a><\/p>\n<p>Los directores d&#8217;institutu tami\u00e9n se movilicen y denuncien les sos penuries nes aules:<em><strong> \u00abNun ye una cuesti\u00f3n solo de dineru, sin\u00f3n de reconocencia\u00bb<\/strong><\/em>. M\u00e1s de 40 xefatures docentes roblen una carta de protesta en sofitu al centenar d&#8217;equipos de colexos qu&#8217;ayeri dimitieron en bloque. <a href=\"https:\/\/www.lne.es\/asturias\/2025\/06\/07\/directores-institutos-suman-reivindicaciones-soluciona-118352461.html?fbclid=IwY2xjawKxa-9leHRuA2FlbQIxMQBicmlkETBaZ1liVEQ0QkRaeXlSa0tWAR5R4fsPJc4CvAK_J0VV3C_Zyu03umJTO2y8U0FLTgh2PHeQSE1qmnF_AdE2OA_aem_gnrvJ6APieUVncXRWBso1w\">LNE<\/a><\/p>\n<p><!--more--><\/p>\n<p style=\"text-align: center\"><a href=\"https:\/\/estaticos-cdn.prensaiberica.es\/clip\/941bd97b-b6b0-439f-8f1c-c5d5e9738fba_16-9-discover-aspect-ratio_default_0.webp\"><img loading=\"lazy\" decoding=\"async\" class=\"aligncenter size-large\" src=\"https:\/\/estaticos-cdn.prensaiberica.es\/clip\/941bd97b-b6b0-439f-8f1c-c5d5e9738fba_16-9-discover-aspect-ratio_default_0.webp\" width=\"1200\" height=\"675\" \/><\/a><\/p>\n<p>\u00abEl sistema educativu asturianu dixo basta y non solo porque se sienta mal pagu\u00bb. Asina quixeron empezar una carta de protesta m\u00e1s de 40 directores d&#8217;institutos asturianos, sol t\u00edtulu<strong> \u00ab\u00a1Esto nun lo soluciona un simple aumentu salarial, que tami\u00e9n!\u00bb<\/strong>.<\/p>\n<p>Fici\u00e9relo como sofitu a la decisi\u00f3n de casi un centenar de directores de colexos que, nel d\u00eda d&#8217;ayeri, dimitieron en bloque. \u00abSi a\u00f1u tres d&#8217;a\u00f1u la Conseyer\u00eda d&#8217;Educaci\u00f3n asturiana saca pechu de les sos resultancies, d\u00e9bese a la bona volunt\u00e1 y el saber faer de los sos docentes\u00bb, sorrayen, de la que rellaten tolos problemes que s&#8217;atopen d\u00eda ente d\u00eda nes aules. Pel momento, los firmantes son 44, y xubiendo, y representen a m\u00e1s de la met\u00e1 de los centros de Secundaria de la rex\u00f3n.<\/p>\n<p>\u00abLes aules de Secundaria t\u00e1n llenes d&#8217;alumn\u00e1u diverso al que tenemos d&#8217;atender, de media, 25 alumnos de los qu&#8217;un 20 per cientu precisa una atenci\u00f3n especial a la que tien de dar respuesta cada profesor, ensin que se-y reconozan\u00bb, unes ratios que comparen con comunidaes estremeres onde de media hai 20 estudiantes per clase.<\/p>\n<p><strong>Se\u00f1alen tami\u00e9n la carga burocr\u00e1tica.<\/strong> \u00abTenemos que dexar por escritu los oxetivos del cursu, c\u00f3mo los vamos a consiguir y qui\u00e9n fai responsable de cada actuaci\u00f3n. Tenemos que realizar por escritu un siguimientu trimestral d&#8217;esos oxetivos y, qu\u00e9 tanto, una memoria final onde, am\u00e1s, y\u00e1 s&#8217;afiten les propuestes de meyora pal cursu siguiente y recu\u00e9yanse les resultancies del centru educativu\u00bb, denuncien al empar que numberen distintos llabores que s&#8217;estralimiten de l&#8217;activid\u00e1 docente como la redacci\u00f3n de planes d&#8217;Atenci\u00f3n a la Diversid\u00e1, el programa Fale o un Plan de Convivencia.<\/p>\n<p>Los profesores tienen como agregu, el siguimientu de cursos de formaci\u00f3n n&#8217;aspeutos como por casu, les nueves tecnolox\u00edes, que se realiza \u00abde xac\u00edu, n&#8217;horariu vespert\u00edn\u00bb. Una formaci\u00f3n que si ven necesaria ye la del tratu coles families (daqu\u00e9 que nun tienen): \u00abNos \u00faltimos tiempos tamos viviendo un retrocesu na participaci\u00f3n de les families nos centros, el sofitu familiar y la coordinaci\u00f3n ente profesor\u00e1u y familia ye bien importante, pero ta en decadencia y neso, s\u00ed que precisamos ayuda y formaci\u00f3n\u00bb.<\/p>\n<p>\u00abTampoco puede un centru educativu tar suxetu a la burocracia que supon la contrataci\u00f3n p\u00fablica o la xustificaci\u00f3n de fondos europeos. La parte econ\u00f3mica nun centru #encamentar a un profesor o profesora que se forma a base d&#8217;hores del so tiempu personal\u00bb, denuncien y recuerden que la especialid\u00e1 d&#8217;Econom\u00eda lleva m\u00e1s de 20 a\u00f1os pidiendo tener el so propiu departamentu.<\/p>\n<p><em><strong>\u00abPor tollo, nun ye una cuesti\u00f3n de dineru, ye una cuesti\u00f3n de reconocencia, de que nos dean tiempu pa faer tolo que se nos encamienta, que cada nueva xera s\u00eda acorde a la formaci\u00f3n y llabor propiu del profesor\u00e1u y venga coles hores de trabayu acomu\u00f1aes a la so realizaci\u00f3n, de que la burocracia racional\u00edcese, de que la xesti\u00f3n espec\u00edfica faese por t\u00e9cnicos cualificaos, ye cuesti\u00f3n de sentinos verdaderamente sofitaos y reconoc\u00edos\u00bb<\/strong><\/em>, rematen.<\/p>\n","protected":false},"excerpt":{"rendered":"<p>Los directores d&#8217;institutu tami\u00e9n se movilicen y denuncien les sos penuries nes aules: \u00abNun ye una cuesti\u00f3n solo de dineru, sin\u00f3n de reconocencia\u00bb. M\u00e1s de 40 xefatures docentes roblen una carta de protesta en sofitu al centenar d&#8217;equipos de colexos qu&#8217;ayeri dimitieron en bloque. LNE<\/p>\n","protected":false},"author":117,"featured_media":0,"comment_status":"open","ping_status":"open","sticky":false,"template":"","format":"standard","meta":{"footnotes":""},"categories":[451],"tags":[],"class_list":["post-50311","post","type-post","status-publish","format-standard","hentry","category-fuelga"],"_links":{"self":[{"href":"https:\/\/edublog.educastur.es\/ixuxu\/wp-json\/wp\/v2\/posts\/50311","targetHints":{"allow":["GET"]}}],"collection":[{"href":"https:\/\/edublog.educastur.es\/ixuxu\/wp-json\/wp\/v2\/posts"}],"about":[{"href":"https:\/\/edublog.educastur.es\/ixuxu\/wp-json\/wp\/v2\/types\/post"}],"author":[{"embeddable":true,"href":"https:\/\/edublog.educastur.es\/ixuxu\/wp-json\/wp\/v2\/users\/117"}],"replies":[{"embeddable":true,"href":"https:\/\/edublog.educastur.es\/ixuxu\/wp-json\/wp\/v2\/comments?post=50311"}],"version-history":[{"count":6,"href":"https:\/\/edublog.educastur.es\/ixuxu\/wp-json\/wp\/v2\/posts\/50311\/revisions"}],"predecessor-version":[{"id":50317,"href":"https:\/\/edublog.educastur.es\/ixuxu\/wp-json\/wp\/v2\/posts\/50311\/revisions\/50317"}],"wp:attachment":[{"href":"https:\/\/edublog.educastur.es\/ixuxu\/wp-json\/wp\/v2\/media?parent=50311"}],"wp:term":[{"taxonomy":"category","embeddable":true,"href":"https:\/\/edublog.educastur.es\/ixuxu\/wp-json\/wp\/v2\/categories?post=50311"},{"taxonomy":"post_tag","embeddable":true,"href":"https:\/\/edublog.educastur.es\/ixuxu\/wp-json\/wp\/v2\/tags?post=50311"}],"curies":[{"name":"wp","href":"https:\/\/api.w.org\/{rel}","templated":true}]}}