{"id":50320,"date":"2025-06-07T21:13:27","date_gmt":"2025-06-07T19:13:27","guid":{"rendered":"https:\/\/edublog.educastur.es\/ixuxu\/?p=50320"},"modified":"2025-06-09T11:49:19","modified_gmt":"2025-06-09T09:49:19","slug":"asturies-entera-va-quedar-a-escures-mientres-casi-dos-minutos","status":"publish","type":"post","link":"https:\/\/edublog.educastur.es\/ixuxu\/2025\/06\/asturies-entera-va-quedar-a-escures-mientres-casi-dos-minutos\/","title":{"rendered":"Asturies entera va quedar a escures mientres casi dos minutos."},"content":{"rendered":"<div class=\"x78zum5 xdt5ytf xz62fqu x16ldp7u\">\n<div class=\"xu06os2 x1ok221b\">\n<div class=\"html-div xdj266r x14z9mp xat24cr x1lziwak xexx8yu xyri2b x18d9i69 x1c1uobl\" data-ad-rendering-role=\"profile_name\">\n<ul>\n<li id=\"_r_1nk_\" class=\"html-h4 x14z9mp xat24cr x1lziwak xexx8yu xyri2b x18d9i69 x1c1uobl x1vvkbs x1heor9g x1qlqyl8 x1pd3egz x1a2a7pz x1gslohp x1yc453h\"><span class=\"xt0psk2\"><span class=\"xjp7ctv\"><a class=\"x1i10hfl xjbqb8w x1ejq31n x18oe1m7 x1sy0etr xstzfhl x972fbf x10w94by x1qhh985 x14e42zd x9f619 x1ypdohk xt0psk2 xe8uvvx xdj266r x14z9mp xat24cr x1lziwak xexx8yu xyri2b x18d9i69 x1c1uobl x16tdsg8 x1hl2dhg xggy1nq x1a2a7pz xkrqix3 x1sur9pj xzsf02u x1s688f\" role=\"link\" href=\"https:\/\/www.facebook.com\/RTPAoficial?__cft__[0]=AZWgQv84nGO_5q_Co1fA3SWxg4Qur8gmXZzsbJKdy4KbWnrLIXjIhznnrKVCFe3gvOJAJevhTJj14tEZCqjLppIndqAo6Oz4FMm5DbQd0DJp09fwMPgmiMxnk0weL8Rq0kNXQ85GkEyGVg5Qr0WzeArZfqH1H4zcBHvFz3eqqZViuN2hz7nD6JiCLau8YvMeTn3NGflAGQByWZNgBFcldqy6a0klSOPYiqnPij2V6WcFOQ&amp;__tn__=-UC%2CP-R\"><strong class=\"html-strong xdj266r x14z9mp xat24cr x1lziwak xexx8yu xyri2b x18d9i69 x1c1uobl x1hl2dhg x16tdsg8 x1vvkbs x1s688f\"><span class=\"html-span xdj266r x14z9mp xat24cr x1lziwak xexx8yu xyri2b x18d9i69 x1c1uobl x1hl2dhg x16tdsg8 x1vvkbs\">Radiotelevisi\u00f3n del Principado de Asturias<\/span><\/strong><\/a><\/span><\/span><\/li>\n<li><a href=\"https:\/\/www.turismoasturias.es\/es\/-\/blogs\/astroturismo-en-asturias-donde-ver-las-estrellas\"><strong>Astroturismu n&#8217;Asturies<\/strong> <\/a>\/ <a href=\"http:\/\/cielosdespejados.es\">http:\/\/cielosdespejados.es<\/a>\u00a0 \/<a href=\"https:\/\/ictea.uniovi.es\/\"> https:\/\/ictea.uniovi.es<\/a> \/<\/li>\n<\/ul>\n<p style=\"text-align: center\"><span class=\"html-span xexx8yu x4uap5 x18d9i69 xkhd6sd x1hl2dhg x16tdsg8 x1vvkbs x3nfvp2 x1j61x8r x1fcty0u xdj266r xat24cr xgzva0m xhhsvwb xxymvpz xlup9mm x1kky2od\">\n<!-- iframe plugin v.6.0 wordpress.org\/plugins\/iframe\/ -->\n<iframe loading=\"lazy\" src=\"https:\/\/www.instagram.com\/reel\/DKmstxYuMMg\/embed\" width=\"640\" height=\"400\" 0=\"\/iframe\" scrolling=\"yes\" class=\"iframe-class\" frameborder=\"0\"><\/iframe>\n<\/span><\/p>\n<\/div>\n<\/div>\n<\/div>\n<div class=\"html-div xdj266r x14z9mp xat24cr x1lziwak xexx8yu xyri2b x18d9i69 x1c1uobl\" dir=\"auto\">\n<div class=\"html-div xdj266r x14z9mp xat24cr x1lziwak xexx8yu xyri2b x18d9i69 x1c1uobl\" data-ad-rendering-role=\"story_message\">\n<div id=\"_r_1nm_\" class=\"x1l90r2v x1iorvi4 x1g0dm76 xpdmqnj\" data-ad-comet-preview=\"message\" data-ad-preview=\"message\">\n<div class=\"x78zum5 xdt5ytf xz62fqu x16ldp7u\">\n<div class=\"xu06os2 x1ok221b\">\n<div class=\"html-div xdj266r x14z9mp xat24cr x1lziwak xexx8yu xyri2b x18d9i69 x1c1uobl\">\n<div class=\"xdj266r x14z9mp xat24cr x1lziwak x1vvkbs x126k92a\">\n<div dir=\"auto\">El <strong>12 d&#8217;agostu de 2026, en plenu d\u00eda<\/strong>, Asturies entera va quedar a escures <strong>mientres casi dos minutos<\/strong>. Esta nueche, a les 21:45, Asturies selmanal en\u00a0<span class=\"html-span xdj266r x14z9mp xat24cr x1lziwak xexx8yu xyri2b x18d9i69 x1c1uobl x1hl2dhg x16tdsg8 x1vvkbs\"><a class=\"x1i10hfl xjbqb8w x1ejq31n x18oe1m7 x1sy0etr xstzfhl x972fbf x10w94by x1qhh985 x14e42zd x9f619 x1ypdohk xt0psk2 xe8uvvx xdj266r x14z9mp xat24cr x1lziwak xexx8yu xyri2b x18d9i69 x1c1uobl x16tdsg8 x1hl2dhg xggy1nq x1a2a7pz xkrqix3 x1sur9pj x1fey0fg x1s688f\" role=\"link\" href=\"https:\/\/www.facebook.com\/hashtag\/tpa?__eep__=6&amp;__cft__[0]=AZWgQv84nGO_5q_Co1fA3SWxg4Qur8gmXZzsbJKdy4KbWnrLIXjIhznnrKVCFe3gvOJAJevhTJj14tEZCqjLppIndqAo6Oz4FMm5DbQd0DJp09fwMPgmiMxnk0weL8Rq0kNXQ85GkEyGVg5Qr0WzeArZfqH1H4zcBHvFz3eqqZViuN2hz7nD6JiCLau8YvMeTn3NGflAGQByWZNgBFcldqy6a0klSOPYiqnPij2V6WcFOQ&amp;__tn__=*NK-R\">#TPA<\/a><\/span><\/div>\n<div dir=\"auto\"><!--more--><\/div>\n<div dir=\"auto\" style=\"text-align: center\">\n<!-- iframe plugin v.6.0 wordpress.org\/plugins\/iframe\/ -->\n<iframe loading=\"lazy\" src=\"https:\/\/www.facebook.com\/plugins\/video.php?height=314&#038;href=https%3A%2F%2Fwww.facebook.com%2FRTPAoficial%2Fvideos%2F983636460323068%2F&#038;show_text=false&#038;width=560&#038;t=0\" width=\"560\" height=\"314\" style=\"border:none;overflow:hidden\" scrolling=\"no\" frameborder=\"0\" allowfullscreen=\"true\" allow=\"autoplay; clipboard-write; encrypted-media; picture-in-picture; web-share\" 0=\"\/iframe\" class=\"iframe-class\"><\/iframe>\n<\/div>\n<ul>\n<li dir=\"auto\"><a href=\"https:\/\/www.turismoasturias.es\/es\/-\/blogs\/astroturismo-en-asturias-donde-ver-las-estrellas\">https:\/\/www.turismoasturias.es\/es\/-\/blogs\/astroturismo-en-asturias-donde-ver-las-estrellas<\/a><\/li>\n<li dir=\"auto\">Autor: Ram\u00f3n Molleda<\/li>\n<\/ul>\n<div dir=\"auto\" style=\"text-align: left\">La visi\u00f3n del cosmos resulta estelante dende llugares con gran carga tel\u00farica. Asturies, ensin dir m\u00e1s all\u00e1, ta llena hasta los topes d&#8217;enerx\u00eda natural y dexa les meyores inmersiones nocherniegues. El ululato del c\u00e1rabo, l&#8217;alet\u00e9u d&#8217;otres aves na nueche, les pisaes de la fauna na foyarasca, o&#8217;l perfil misteriosu d&#8217;\u00e1rboles y pe\u00f1es nos predispone a reparar les estrelles con inter\u00e9s irreflexiva.<\/div>\n<div dir=\"auto\">\n<p style=\"text-align: center\"><em><span style=\"color: #008080\"><strong>Asturies: observatoriu estelar<\/strong><\/span><\/em><\/p>\n<p style=\"text-align: left\">Dende tiempos remotos aprendimos llecciones del firmamentu. N&#8217;especial la d&#8217;empobinanos o midir el pasu del tiempu. Nes ense\u00f1ances n\u00e1utiques siguen vixentes los principios del sal\u00e9u astron\u00f3micu, y les recielles d&#8217;oveyes y cabres (\u00abreciella\u00bb n&#8217;asturianu) siempres precisaron de pastores qu&#8217;interpretaren bien los astros.<\/p>\n<p>Angua\u00f1o, para mirar les estrelles pol prestar de faelo, prec\u00edsense m\u00e1s que nunca zones llibres de lluz artificial y de mantos de contaminaci\u00f3n. Y la orograf\u00eda asturiana tami\u00e9n la facilita, con cientos d&#8217;altos cumes y visos de mediu monte ensin interferencies llum\u00edniques y con panor\u00e1miques de 360 graos.<\/p>\n<p>Espacios naturales como los Picos d&#8217;Europa, o&#8217;l restu de los nuesos grandes parques: Redes, Somiedu, Ponga, Ubi\u00f1as-La Mesa o Fontes del Narcea, Dega\u00f1a y Ibias, am\u00e1s d&#8217;un bon pu\u00f1\u00e1u de sierres protex\u00edes y Reserves de la Biosfera, gocien d&#8217;una inmeyorable cayuela gal\u00e1ctica.<\/p>\n<p>Y depu\u00e9s t\u00e1n los valles allo\u00f1aos de les grandes poblaciones que regalen cielos igualmente escuros onde les estrelles riolen a los sos deleres. O numberoses \u00e1rees del mariniegu aparentes para la observaci\u00f3n de ciertos fen\u00f3menos, como la mesma aurora boreal, columbrada en delles ocasiones dende l&#8217;estremu m\u00e1s septentrional del Cabu Pe\u00f1es y otros puntos de la rasa costera -Asturies rexistra esti espect\u00e1culu cuando l&#8217;activid\u00e1 del sol ye especialmente intensa. La mari\u00f1a tami\u00e9n ye&#8217;l meyor anfiteatru para esfrutar de les Perseidas o \u00abLl\u00e1rimes de San Llorienzo\u00bb (agostu), les Gem\u00ednidas (avientu) o les Cuadr\u00e1ntidas (xineru).<\/p>\n<p style=\"text-align: center\"><a href=\"https:\/\/www.turismoasturias.es\/o\/adaptive-media\/image\/11784433\/3\/e8db9d0d-a2fa-94e7-2bd6-9c38edb53dba?t=1739965178803\"><img loading=\"lazy\" decoding=\"async\" class=\"aligncenter \" src=\"https:\/\/www.turismoasturias.es\/o\/adaptive-media\/image\/11784433\/3\/e8db9d0d-a2fa-94e7-2bd6-9c38edb53dba?t=1739965178803\" width=\"390\" height=\"390\" \/><\/a><\/p>\n<\/div>\n<\/div>\n<\/div>\n<\/div>\n<\/div>\n<\/div>\n<\/div>\n<\/div>\n<p>Ayande va cuntar nun futuru pr\u00f3ximu con un relevante observatoriu astron\u00f3micu. La guinda del pastel al so y\u00e1 famosa Ruta de les Estrelles: itinerariu de seis kil\u00f3metros na redolada mesmu del Cam\u00edn Primitivu de Santiago, ente los abelugos de la Fo\u00edna y del puertu del Palu. Equ\u00ed operen dende va tiempu empreses y colectivos qu&#8217;ufierten sal\u00edes nocherniegues ya interpretaciones de la c\u00fapula celeste. Como <span style=\"color: #008080\"><strong>\u00abAyande Stars\u00bb<\/strong><\/span>, una iniciativa comandada por persones con titulaci\u00f3n n&#8217;astrof\u00edsica.<\/p>\n<p>Con Ayande Stars, ye posible contratar servicios d&#8217;observaci\u00f3n empuesta per cielu nocherniegu o actividaes especiales dirix\u00edes a centros educativos o empreses. Am\u00e1s, na so web ufi\u00e9rtase informaci\u00f3n detallada sobro los eventos astron\u00f3micos qu&#8217;entama esti colectivu mientres tol a\u00f1u.<\/p>\n<p><strong>Nesti 2025., destaquen tr\u00e9s cites:<\/strong><\/p>\n<ul>\n<li>\u00a0La sesta edici\u00f3n d&#8217;Ayande Stars. va celebrase del 22 al 24 d&#8217;agostu y ye el gran alcuentru astron\u00f3micu del conceyu d&#8217;Ayande. Una fin de selmana apinada de divulgaci\u00f3n, talleres y observaciones.<\/li>\n<li>La segunda edici\u00f3n d&#8217;AstronoMieres que va tener llugar los d\u00edes 3 y 4 de mayu.<\/li>\n<li>La tercer edici\u00f3n de CosmoSomiedo los d\u00edes 27 y 28 de setiembre na espectacular redolada del Parque Natural de Somiedu.<\/li>\n<\/ul>\n<p>Nam\u00e1 hai qu&#8217;evitar mirar directamente a la lluna -van dicinos los gu\u00edes- pa dir avez\u00e1u a vistir la escurid\u00e1. Adulces van dir apaeciendo \u00e9nte n\u00f3s les constelaciones m\u00e1s conoc\u00edes del hemisferiu norte: sietestrellu, Ori\u00f3n, Casiopea, Andr\u00f3meda&#8230;. pasaos unos minutos vamos tener la sensaci\u00f3n de qu&#8217;\u00e9stes nun cesen de multiplicase. Los gu\u00edes van montar unos bonos telescopios y van ufiertanos esplicaciones detallaes sobro la nuesa galaxa, los furacos negros o la espansi\u00f3n del universu -que nun ye pocu.<\/p>\n<p style=\"text-align: center\"><a href=\"https:\/\/www.turismoasturias.es\/o\/adaptive-media\/image\/11845120\/3\/74c8642c-16e6-c255-f670-c23cad1cccd9?t=1740481088774\"><img loading=\"lazy\" decoding=\"async\" class=\"aligncenter \" src=\"https:\/\/www.turismoasturias.es\/o\/adaptive-media\/image\/11845120\/3\/74c8642c-16e6-c255-f670-c23cad1cccd9?t=1740481088774\" width=\"265\" height=\"375\" \/><\/a><\/p>\n<p><span style=\"color: #008080\"><strong>Ayer Estelar<\/strong> <\/span>ye otra esperiencia d&#8217;astroturismo n&#8217;Asturies, entamada pola empresa de turismu activu Jarascada. Na espectacular redolada del Altu de Cotu Bellu, un mirador natural de 360\u00b0 a 1.200 metros d&#8217;altit\u00fa, real\u00edcense sal\u00edes astron\u00f3miques mientres el branu y la seronda. Espertos en divulgaci\u00f3n astron\u00f3mica y astrofotograf\u00eda emponen esta activid\u00e1, ense\u00f1ando t\u00e9cniques d&#8217;orientaci\u00f3n nocherniega, como la localizaci\u00f3n del polu norte celeste, am\u00e1s de munchos otros intereses sobro&#8217;l cosmos. Equ\u00ed tienes m\u00e1s informaci\u00f3n sobro esta activid\u00e1.<\/p>\n<p><span style=\"color: #008080\"><strong>Observatoriu Astron\u00f3micu Monte Deva y Planetariu en Xix\u00f3n<\/strong><\/span><\/p>\n<p>Xix\u00f3n alluga l&#8217;Observatoriu Astron\u00f3micu Monte Deva, que cada vienres abre les sos puertes al p\u00fablicu para sesiones d&#8217;observaci\u00f3n nocherniega, siempres que les condiciones s\u00edan favorables. Para garantizar una meyor visibilid\u00e1, nun se realicen actividaes en nueches de lluna llena, y\u00e1 que el so rellumu enzanca la observaci\u00f3n. Cada sesi\u00f3n c\u00e9ntrase nun eventu astron\u00f3micu concretu, como la oposici\u00f3n d&#8217;un planeta, el pasu d&#8217;un cometa o un ecl\u00eds solar o llunar.<\/p>\n<p>Para alcordar una visita hai que ponese en contactu cola <span style=\"color: #008080\"><strong>Socied\u00e1 Astron\u00f3mica Asturiana OMEGA<\/strong><\/span>, llamando al tel\u00e9fonu de contactu 985 096 630 (los vienres de 20:00 a 22:00 hores). Tami\u00e9n podemos comunicanos directamente cola direcci\u00f3n del observatoriu: 636 486 342. El d\u00eda y hora de la visita va ser de com\u00fan alcuerdu (preferiblemente los vienres). Hai que tener en cuenta qu&#8217;esta instalaci\u00f3n ye atendida desinteresadamente por persones que nun tienen una dedicaci\u00f3n esclusiva.<\/p>\n<p>Tami\u00e9n en Xix\u00f3n, tres 20 a\u00f1os zarr\u00e1u, reabri\u00f3 les sos puertes tou un referente:<span style=\"color: #008080\"><strong> el planetariu de la Escuela Superior\u00a0 de Marina Civil<\/strong><\/span>, agora forn\u00edu con un modernu proyeutor l\u00e1ser 4K. Un saltu del sistema anal\u00f3xicu al dixital que dexa proyecciones del cielu nocherniego y diurno, aventures inmersives y viaxar pel espaciu ente asteroides y planetes, n&#8217;altu resolvimientu. Anque la so funci\u00f3n principal va ser la formaci\u00f3n n&#8217;astronom\u00eda n\u00e1utica, la universid\u00e1 estudia abrise a la ciudadan\u00eda con un programa de visites y actividaes divulgatives. Cuenta con una sala con capacid\u00e1 pa 40 persones.<\/p>\n<p><span style=\"color: #008080\"><strong>Observatoriu del Parque de la Vida en Vald\u00e9s<\/strong><\/span><\/p>\n<p>A cinco minutos de la villa de L.luarca, na localid\u00e1 d&#8217;El Matu, atoparemos col Parque de la Vida. Esti mus\u00e9u abre les so puertes tolos d\u00edes (sacante llunes non festivos). Resulta imprescindible acutar primeramente llamando al: 689 570 708 o al 660 660 400.<\/p>\n<p style=\"text-align: center\"><a href=\"https:\/\/www.turismoasturias.es\/o\/adaptive-media\/image\/11784451\/3\/cbf81937-41eb-83c1-5d74-f5db3c0cf54f?t=1739965180744\"><img loading=\"lazy\" decoding=\"async\" class=\"aligncenter size-large\" src=\"https:\/\/www.turismoasturias.es\/o\/adaptive-media\/image\/11784451\/3\/cbf81937-41eb-83c1-5d74-f5db3c0cf54f?t=1739965180744\" width=\"780\" height=\"521\" \/><\/a><\/p>\n<p>Imaxe del Parque de la Vida (Vald\u00e9s)\u00a0\u00a9Mampiris<\/p>\n<p>Tr\u00e1tase d&#8217;un ampliu complexu espositivu inscritu nun espaciu natural con m\u00e1s de kil\u00f3metru y mediu de percorr\u00edu. En materia estelar destaca&#8217;l so observatoriu, la esposici\u00f3n tem\u00e1tica sobro la lluna, l&#8217;interior real del cohete europ\u00e9u Ariane 5 o&#8217;l traxe espacial de la cosmonauta rusu Yuri Usachov. Traxe que vamos pasar munches ganes d&#8217;enfundarnos pa siguir la nuesa aventura espacial.<\/p>\n<p>Asturies puede ser, ensin dulda, la to meyor danzadera a les estrelles.<\/p>\n<p>&nbsp;<\/p>\n<p>&nbsp;<\/p>\n<p>&nbsp;<\/p>\n","protected":false},"excerpt":{"rendered":"<p>Radiotelevisi\u00f3n del Principado de Asturias Astroturismu n&#8217;Asturies \/ http:\/\/cielosdespejados.es\u00a0 \/ https:\/\/ictea.uniovi.es \/ El 12 d&#8217;agostu de 2026, en plenu d\u00eda, Asturies entera va quedar a escures mientres casi dos minutos. Esta nueche, a les 21:45, Asturies selmanal en\u00a0#TPA<\/p>\n","protected":false},"author":117,"featured_media":0,"comment_status":"open","ping_status":"open","sticky":false,"template":"","format":"standard","meta":{"footnotes":""},"categories":[223,59],"tags":[],"class_list":["post-50320","post","type-post","status-publish","format-standard","hentry","category-astronomia","category-rtpa"],"_links":{"self":[{"href":"https:\/\/edublog.educastur.es\/ixuxu\/wp-json\/wp\/v2\/posts\/50320","targetHints":{"allow":["GET"]}}],"collection":[{"href":"https:\/\/edublog.educastur.es\/ixuxu\/wp-json\/wp\/v2\/posts"}],"about":[{"href":"https:\/\/edublog.educastur.es\/ixuxu\/wp-json\/wp\/v2\/types\/post"}],"author":[{"embeddable":true,"href":"https:\/\/edublog.educastur.es\/ixuxu\/wp-json\/wp\/v2\/users\/117"}],"replies":[{"embeddable":true,"href":"https:\/\/edublog.educastur.es\/ixuxu\/wp-json\/wp\/v2\/comments?post=50320"}],"version-history":[{"count":11,"href":"https:\/\/edublog.educastur.es\/ixuxu\/wp-json\/wp\/v2\/posts\/50320\/revisions"}],"predecessor-version":[{"id":50498,"href":"https:\/\/edublog.educastur.es\/ixuxu\/wp-json\/wp\/v2\/posts\/50320\/revisions\/50498"}],"wp:attachment":[{"href":"https:\/\/edublog.educastur.es\/ixuxu\/wp-json\/wp\/v2\/media?parent=50320"}],"wp:term":[{"taxonomy":"category","embeddable":true,"href":"https:\/\/edublog.educastur.es\/ixuxu\/wp-json\/wp\/v2\/categories?post=50320"},{"taxonomy":"post_tag","embeddable":true,"href":"https:\/\/edublog.educastur.es\/ixuxu\/wp-json\/wp\/v2\/tags?post=50320"}],"curies":[{"name":"wp","href":"https:\/\/api.w.org\/{rel}","templated":true}]}}