{"id":50334,"date":"2025-06-08T11:00:33","date_gmt":"2025-06-08T09:00:33","guid":{"rendered":"https:\/\/edublog.educastur.es\/ixuxu\/?p=50334"},"modified":"2025-06-09T23:12:46","modified_gmt":"2025-06-09T21:12:46","slug":"marte-de-campu-nuvieu-el-prosimu-martes-10","status":"publish","type":"post","link":"https:\/\/edublog.educastur.es\/ixuxu\/2025\/06\/marte-de-campu-nuvieu-el-prosimu-martes-10\/","title":{"rendered":"Martes de Campu n&#8217;Uvi\u00e9u: el pr\u00f3simu martes 10"},"content":{"rendered":"<p style=\"text-align: center\"><span class=\"html-span xexx8yu x4uap5 x18d9i69 xkhd6sd x1hl2dhg x16tdsg8 x1vvkbs x3nfvp2 x1j61x8r x1fcty0u xdj266r xat24cr xgzva0m xhhsvwb xxymvpz xlup9mm x1kky2od\">\n<!-- iframe plugin v.6.0 wordpress.org\/plugins\/iframe\/ -->\n<iframe loading=\"lazy\" src=\"https:\/\/www.instagram.com\/reel\/DKhKlCqsFNb\/embed\" width=\"460\" height=\"600\" 0=\"\/iframe\" scrolling=\"yes\" class=\"iframe-class\" frameborder=\"0\"><\/iframe>\n<\/span><\/p>\n<div class=\"x5yr21d xw2csxc x1odjw0f x1n2onr6\">\n<div class=\"x9f619 x78zum5 xdt5ytf x5yr21d xexx8yu xv54qhq x1l90r2v xf7dkkf x10l6tqk xh8yej3\">\n<div>\n<div class=\"x9f619 xjbqb8w x78zum5 x168nmei x13lgxp2 x5pf9jr xo71vjh xsag5q8 xz9dl7a x1uhb9sk x1plvlek xryxfnj x1c4vz4f x2lah0s x1q0g3np xqjyukv x1qjc9v5 x1oa3qoh x1nhvcw1\">\n<div class=\"x9f619 xjbqb8w x78zum5 x168nmei x13lgxp2 x5pf9jr xo71vjh x1uhb9sk x1plvlek xryxfnj x1iyjqo2 x2lwn1j xeuugli x1q0g3np xqjyukv x1qjc9v5 x1oa3qoh x1nhvcw1\">\n<div class=\"x9f619 xjbqb8w x78zum5 x168nmei x13lgxp2 x5pf9jr xo71vjh x1uhb9sk x1plvlek xryxfnj x1iyjqo2 x2lwn1j xeuugli xdt5ytf xqjyukv x1qjc9v5 x1oa3qoh x1nhvcw1\">\n<div class=\"x9f619 xjbqb8w x78zum5 x168nmei x13lgxp2 x5pf9jr xo71vjh x1uhb9sk x1plvlek xryxfnj x1c4vz4f x2lah0s xdt5ytf xqjyukv x1qjc9v5 x1oa3qoh x1nhvcw1\">\n<p>Si&#8217;l 10 de xunu tas n&#8217;Uvi\u00e9u\u2026 \u00a1vas poder esfrutar con n\u00f3s del \ud835\udc74\ud835\udc82\ud835\udc93\ud835\udc95\ud835\udc86\ud835\udc94 \ud835\udc85\ud835\udc86 \ud835\udc6a\ud835\udc82\ud835\udc8e\ud835\udc91\ud835\udc90!<\/p>\n<p><!--more--><\/p>\n<ul>\n<li>Repartida de bollu y vinu a los socios: 9:00 a 14:00 \/ Pas\u00e9u del Bomb\u00e9<\/li>\n<li>Alborada musical: 11:30 \/\u00a0Dende Porlier al Campu de San Francisco<\/li>\n<li>Xuegos infantiles gratuitos:\u00a012:00 a 14:30 y 16:30 a 19:30 \/ Pas\u00e9u de La Rosaleda<\/li>\n<li><span class=\"x193iq5w xeuugli x1fj9vlw x13faqbe x1vvkbs xt0psk2 x1i0vuye xvs91rp xo1l8bm x5n08af x10wh9bi xpm28yp x8viiok x1o7cslx\">\ud83e\udea9Romer\u00eda con <a class=\"x1i10hfl xjbqb8w x1ejq31n x18oe1m7 x1sy0etr xstzfhl x972fbf x10w94by x1qhh985 x14e42zd x9f619 x1ypdohk xt0psk2 xe8uvvx xdj266r x14z9mp xat24cr x1lziwak xexx8yu xyri2b x18d9i69 x1c1uobl x16tdsg8 x1hl2dhg xggy1nq x1a2a7pz notranslate _a6hd\" role=\"link\" href=\"https:\/\/www.instagram.com\/okkadj\/\">@okkadj\u00a0<\/a> <\/span><span class=\"x193iq5w xeuugli x1fj9vlw x13faqbe x1vvkbs xt0psk2 x1i0vuye xvs91rp xo1l8bm x5n08af x10wh9bi xpm28yp x8viiok x1o7cslx\">\/ \ud83d\udd52 16:00 \/ <\/span><span class=\"x193iq5w xeuugli x1fj9vlw x13faqbe x1vvkbs xt0psk2 x1i0vuye xvs91rp xo1l8bm x5n08af x10wh9bi xpm28yp x8viiok x1o7cslx\">\ud83d\udccdPas\u00e9u del Bomb\u00e9<\/span><\/li>\n<\/ul>\n<p>Y el domingu anterior al Martes de Campu, l&#8217;Heraldu, un caballeru vist\u00edu de blancu al llombu d&#8217;un caballu, percuerre&#8217;l cascu antiguu para solicitar permisu de la Corporaci\u00f3n para celebrar la fiesta. <strong>Domingu 8<\/strong> \/ 12:30 a 14:00 \/ Salida: Plaza de La Catedral<\/p>\n<div class=\"xu06os2 x1ok221b\">\n<div class=\"html-div xdj266r x14z9mp xat24cr x1lziwak xexx8yu xyri2b x18d9i69 x1c1uobl\" data-ad-rendering-role=\"profile_name\">\n<ul>\n<li class=\"html-h3 x14z9mp xat24cr x1lziwak xexx8yu xyri2b x18d9i69 x1c1uobl x1vvkbs x1heor9g x1qlqyl8 x1pd3egz x1a2a7pz x1gslohp x1yc453h\"><span class=\"x1lliihq x6ikm8r x10wlt62 x1n2onr6\"><span class=\"x193iq5w xeuugli x13faqbe x1vvkbs x1xmvt09 x1f6kntn xvq8zen xo1l8bm xi81zsa\"><strong class=\"html-strong xdj266r x14z9mp xat24cr x1lziwak xexx8yu xyri2b x18d9i69 x1c1uobl x1hl2dhg x16tdsg8 x1vvkbs x1s688f\"><span class=\"xt0psk2\"><span class=\"xjp7ctv\"><span class=\"html-span xdj266r x14z9mp xat24cr x1lziwak xexx8yu xyri2b x18d9i69 x1c1uobl x1hl2dhg x16tdsg8 x1vvkbs\"><a class=\"x1i10hfl xjbqb8w x1ejq31n x18oe1m7 x1sy0etr xstzfhl x972fbf x10w94by x1qhh985 x14e42zd x9f619 x1ypdohk xt0psk2 xe8uvvx xdj266r x14z9mp xat24cr x1lziwak xexx8yu xyri2b x18d9i69 x1c1uobl x16tdsg8 x1hl2dhg xggy1nq x1a2a7pz xkrqix3 x1sur9pj xzsf02u x1s688f\" role=\"link\" href=\"https:\/\/www.facebook.com\/asturiasinfocom?__cft__[0]=AZWdTl2VWm-7vqJ4PiF_1StV9w0ZfcJyLbb-uQ1PoHP5eVPIxeBra8VwxYS13Wlkxcq64xvhKRpDzEeBeHn_eccxAnP-QOU7skPdEgrrchQFba6yRnst2w00Dk6fzG2TENn9SS4tQN57vcFuVvU1s9YoHun-AUB6k316AXxyhw34hbdPHQ8OS63l-zyt_cdOjf0M7A9RTArZ7nWeDM0eqE5kJyFFIXYMlKgY4jSDhnby1A&amp;__tn__=-]C%2CP-y-R\">asturiasinfo.com<\/a><\/span><\/span><\/span><\/strong>\u00a0<\/span><\/span><\/li>\n<\/ul>\n<\/div>\n<\/div>\n<div class=\"html-div xdj266r x14z9mp xat24cr x1lziwak xexx8yu xyri2b x18d9i69 x1c1uobl\" dir=\"auto\">\n<div class=\"html-div xdj266r x14z9mp xat24cr x1lziwak xexx8yu xyri2b x18d9i69 x1c1uobl\" dir=\"auto\">\n<div class=\"html-div xdj266r x14z9mp xat24cr x1lziwak xexx8yu xyri2b x18d9i69 x1c1uobl\" data-ad-rendering-role=\"story_message\">\n<div class=\"x1l90r2v x1iorvi4 x1g0dm76 xpdmqnj\" data-ad-comet-preview=\"message\" data-ad-preview=\"message\">\n<div class=\"x78zum5 xdt5ytf xz62fqu x16ldp7u\">\n<div class=\"xu06os2 x1ok221b\">\n<div class=\"html-div xdj266r x14z9mp xat24cr x1lziwak xexx8yu xyri2b x18d9i69 x1c1uobl\">\n<div class=\"xdj266r x14z9mp xat24cr x1lziwak x1vvkbs x126k92a\">\n<div dir=\"auto\"><span class=\"html-span xexx8yu xyri2b x18d9i69 x1c1uobl x1hl2dhg x16tdsg8 x1vvkbs x3nfvp2 x1j61x8r x1fcty0u xdj266r xat24cr xm2jcoa x1mpyi22 xxymvpz xlup9mm x1kky2od\"><img loading=\"lazy\" decoding=\"async\" class=\"xz74otr x168nmei x13lgxp2 x5pf9jr xo71vjh\" src=\"https:\/\/static.xx.fbcdn.net\/images\/emoji.php\/v9\/t2d\/1\/16\/1f4cd.png\" alt=\"\ud83d\udccd\" width=\"16\" height=\"16\" \/><\/span> Planazu n&#8217;Uvi\u00e9u<span class=\"html-span xdj266r x14z9mp xat24cr x1lziwak xexx8yu xyri2b x18d9i69 x1c1uobl x1hl2dhg x16tdsg8 x1vvkbs\"><a class=\"x1i10hfl xjbqb8w x1ejq31n x18oe1m7 x1sy0etr xstzfhl x972fbf x10w94by x1qhh985 x14e42zd x9f619 x1ypdohk xt0psk2 xe8uvvx xdj266r x14z9mp xat24cr x1lziwak xexx8yu xyri2b x18d9i69 x1c1uobl x16tdsg8 x1hl2dhg xggy1nq x1a2a7pz xkrqix3 x1sur9pj x1fey0fg x1s688f\" role=\"link\" href=\"https:\/\/www.facebook.com\/hashtag\/oviedo?__eep__=6&amp;__cft__[0]=AZWdTl2VWm-7vqJ4PiF_1StV9w0ZfcJyLbb-uQ1PoHP5eVPIxeBra8VwxYS13Wlkxcq64xvhKRpDzEeBeHn_eccxAnP-QOU7skPdEgrrchQFba6yRnst2w00Dk6fzG2TENn9SS4tQN57vcFuVvU1s9YoHun-AUB6k316AXxyhw34hbdPHQ8OS63l-zyt_cdOjf0M7A9RTArZ7nWeDM0eqE5kJyFFIXYMlKgY4jSDhnby1A&amp;__tn__=*NK-y-R\"> #oviedo<\/a><\/span> \u00bfQu\u00e9 ye La Balesquida?<span class=\"html-span xexx8yu xyri2b x18d9i69 x1c1uobl x1hl2dhg x16tdsg8 x1vvkbs x3nfvp2 x1j61x8r x1fcty0u xdj266r xat24cr xm2jcoa x1mpyi22 xxymvpz xlup9mm x1kky2od\"><img loading=\"lazy\" decoding=\"async\" class=\"xz74otr x168nmei x13lgxp2 x5pf9jr xo71vjh\" src=\"https:\/\/static.xx.fbcdn.net\/images\/emoji.php\/v9\/t40\/1\/16\/25b6.png\" alt=\"\u25b6\ufe0f\" width=\"16\" height=\"16\" \/><\/span> <span class=\"html-span xdj266r x14z9mp xat24cr x1lziwak xexx8yu xyri2b x18d9i69 x1c1uobl x1hl2dhg x16tdsg8 x1vvkbs\"><a class=\"x1i10hfl xjbqb8w x1ejq31n x18oe1m7 x1sy0etr xstzfhl x972fbf x10w94by x1qhh985 x14e42zd x9f619 x1ypdohk xt0psk2 xe8uvvx xdj266r x14z9mp xat24cr x1lziwak xexx8yu xyri2b x18d9i69 x1c1uobl x16tdsg8 x1hl2dhg xggy1nq x1a2a7pz xkrqix3 x1sur9pj x1fey0fg x1s688f\" role=\"link\" href=\"https:\/\/www.asturiasinfo.com\/martes-de-campo-oviedo-asturias.html?fbclid=IwZXh0bgNhZW0CMTAAYnJpZBEwWmdZYlRENEJEWnl5UmtLVgEetKYkEnaJ_vJ8cIPx0SW3-OWj7J1c8FY4rctHK4WPylPi2ViZUveCB9VvoUU_aem_0MODuhPhQQP7qyn9izMg5Q\" target=\"_blank\" rel=\"nofollow noopener noreferrer\">https:\/\/www.asturiasinfo.com\/martes-de-campo-oviedo&#8230;<\/a><\/span> <span class=\"html-span xdj266r x14z9mp xat24cr x1lziwak xexx8yu xyri2b x18d9i69 x1c1uobl x1hl2dhg x16tdsg8 x1vvkbs\"><a class=\"x1i10hfl xjbqb8w x1ejq31n x18oe1m7 x1sy0etr xstzfhl x972fbf x10w94by x1qhh985 x14e42zd x9f619 x1ypdohk xt0psk2 xe8uvvx xdj266r x14z9mp xat24cr x1lziwak xexx8yu xyri2b x18d9i69 x1c1uobl x16tdsg8 x1hl2dhg xggy1nq x1a2a7pz xkrqix3 x1sur9pj x1fey0fg x1s688f\" role=\"link\" href=\"https:\/\/www.facebook.com\/hashtag\/asturias?__eep__=6&amp;__cft__[0]=AZWdTl2VWm-7vqJ4PiF_1StV9w0ZfcJyLbb-uQ1PoHP5eVPIxeBra8VwxYS13Wlkxcq64xvhKRpDzEeBeHn_eccxAnP-QOU7skPdEgrrchQFba6yRnst2w00Dk6fzG2TENn9SS4tQN57vcFuVvU1s9YoHun-AUB6k316AXxyhw34hbdPHQ8OS63l-zyt_cdOjf0M7A9RTArZ7nWeDM0eqE5kJyFFIXYMlKgY4jSDhnby1A&amp;__tn__=*NK-y-R\">#Asturias<\/a><\/span> <span class=\"html-span xdj266r x14z9mp xat24cr x1lziwak xexx8yu xyri2b x18d9i69 x1c1uobl x1hl2dhg x16tdsg8 x1vvkbs\"><a class=\"x1i10hfl xjbqb8w x1ejq31n x18oe1m7 x1sy0etr xstzfhl x972fbf x10w94by x1qhh985 x14e42zd x9f619 x1ypdohk xt0psk2 xe8uvvx xdj266r x14z9mp xat24cr x1lziwak xexx8yu xyri2b x18d9i69 x1c1uobl x16tdsg8 x1hl2dhg xggy1nq x1a2a7pz xkrqix3 x1sur9pj x1fey0fg x1s688f\" role=\"link\" href=\"https:\/\/www.facebook.com\/hashtag\/oviedoasturias?__eep__=6&amp;__cft__[0]=AZWdTl2VWm-7vqJ4PiF_1StV9w0ZfcJyLbb-uQ1PoHP5eVPIxeBra8VwxYS13Wlkxcq64xvhKRpDzEeBeHn_eccxAnP-QOU7skPdEgrrchQFba6yRnst2w00Dk6fzG2TENn9SS4tQN57vcFuVvU1s9YoHun-AUB6k316AXxyhw34hbdPHQ8OS63l-zyt_cdOjf0M7A9RTArZ7nWeDM0eqE5kJyFFIXYMlKgY4jSDhnby1A&amp;__tn__=*NK-y-R\">#oviedoasturias<\/a><\/span> <span class=\"html-span xdj266r x14z9mp xat24cr x1lziwak xexx8yu xyri2b x18d9i69 x1c1uobl x1hl2dhg x16tdsg8 x1vvkbs\"><a class=\"x1i10hfl xjbqb8w x1ejq31n x18oe1m7 x1sy0etr xstzfhl x972fbf x10w94by x1qhh985 x14e42zd x9f619 x1ypdohk xt0psk2 xe8uvvx xdj266r x14z9mp xat24cr x1lziwak xexx8yu xyri2b x18d9i69 x1c1uobl x16tdsg8 x1hl2dhg xggy1nq x1a2a7pz xkrqix3 x1sur9pj x1fey0fg x1s688f\" role=\"link\" href=\"https:\/\/www.facebook.com\/hashtag\/viajar?__eep__=6&amp;__cft__[0]=AZWdTl2VWm-7vqJ4PiF_1StV9w0ZfcJyLbb-uQ1PoHP5eVPIxeBra8VwxYS13Wlkxcq64xvhKRpDzEeBeHn_eccxAnP-QOU7skPdEgrrchQFba6yRnst2w00Dk6fzG2TENn9SS4tQN57vcFuVvU1s9YoHun-AUB6k316AXxyhw34hbdPHQ8OS63l-zyt_cdOjf0M7A9RTArZ7nWeDM0eqE5kJyFFIXYMlKgY4jSDhnby1A&amp;__tn__=*NK-y-R\">#viajar<\/a><\/span><\/div>\n<\/div>\n<div dir=\"auto\">\n<p>Cel\u00e9brase na capital del Princip\u00e1u d&#8217;Asturies, Uvi\u00e9u.\u00a0 <strong>L&#8217;orixe de la Fiesta ye bien antiguu, data del sieglu XIII.<\/strong> La Fiesta de la Balesquida ye tami\u00e9n conocida como&#8217;l Martes del bollu o Martes de Campu,<strong> ye&#8217;l d\u00eda grande de folixa<\/strong>. Polo que son fiestes de calter solemne, relixosu y profanu. Siempres se celebra&#8217;l primer martes dempu\u00e9s de Pentecost\u00e9s. Am\u00e1s el domingu de Pentecost\u00e9s coincide a los 50 d\u00edes dempu\u00e9s de les celebraciones de Pascua.<\/p>\n<p>Los or\u00edxenes de la Fiesta de la Balesquida daten del 1232. Do\u00f1a Velasquita Gir\u00e1ldez don\u00f3 los sos bienes a la Confrer\u00eda de los xastres y a los vecinos y homes bonos d&#8217;Uvi\u00e9u para distribuyir ente los m\u00e1s desfavorecidos de la ciud\u00e1\u00bb. Dende esi d\u00eda los uvieinos celebren el d\u00eda como Martes de Campu.<\/p>\n<p>Ye xuna de les celebraciones m\u00e1s antig\u00fces y tradicionales d&#8217;Uvi\u00e9u. La Confrer\u00eda de la Balesquida o Antigua Confrer\u00eda de La nuesa Se\u00f1ora de la Esperanza caltien la so parte m\u00e1s relixosa, ente que la Socied\u00e1 Protectora de Martes de Campu caltien la parte m\u00e1s festiva y popular cola repartida del bollu.<\/p>\n<p>Como actu principal y emotivu tien llugar la procesi\u00f3n de la imaxe de la virxe de La Esperanza dende la Capiya de la Balesquida hasta la Ilesia de Santiso El Real. A lo llargo del d\u00eda desenvu\u00e9lvense pasacais de grupos folcl\u00f3ricos, conciertos, y verbenes a la nueche \u2026<\/p>\n<p>Am\u00e1s el Campu de San Francisco d&#8217;Uvi\u00e9u enll\u00e9nase d&#8217;ensame de visitantes y turistes para esfrutar de la tradicional degustaci\u00f3n de la comida de campu como ye&#8217;l bollu pre\u00f1au, la empanada casera, la tortiella, la fabada asturiana, los frixuelos, les casadielles y acompa\u00f1\u00e1u con vinu o sidra natural. (Angua\u00f1o cam\u00fadase para la Plaza de la Catedral y Porlier).<\/p>\n<p style=\"text-align: center\">\n<!-- iframe plugin v.6.0 wordpress.org\/plugins\/iframe\/ -->\n<iframe loading=\"lazy\" width=\"100%\" height=\"446\" src=\"https:\/\/www.youtube.com\/embed\/FRajC_TqM6w\" title=\"\ud83d\ude0d WOoW!. \ud83d\udc40 AS\u00cd DE BONITA ES LA BALESQUIDA O EL MARTES DE CAMPO EN OVIEDO. FIESTAS EN ASTURIAS \ud83d\ude0d\" frameborder=\"0\" allow=\"accelerometer; autoplay; clipboard-write; encrypted-media; gyroscope; picture-in-picture; web-share\" referrerpolicy=\"strict-origin-when-cross-origin\" 0=\"allowfullscreen\" 1=\"\/iframe\" scrolling=\"yes\" class=\"iframe-class\"><\/iframe>\n<\/p>\n<p style=\"text-align: center\">\n<!-- iframe plugin v.6.0 wordpress.org\/plugins\/iframe\/ -->\n<iframe loading=\"lazy\" src=\"https:\/\/www.facebook.com\/plugins\/video.php?height=314&#038;href=https%3A%2F%2Fwww.facebook.com%2Fwww.oviedo.es%2Fvideos%2F1379659706630634%2F&#038;show_text=false&#038;width=560&#038;t=0\" width=\"560\" height=\"314\" style=\"border:none;overflow:hidden\" scrolling=\"no\" frameborder=\"0\" allowfullscreen=\"true\" allow=\"autoplay; clipboard-write; encrypted-media; picture-in-picture; web-share\" 0=\"\/iframe\" class=\"iframe-class\"><\/iframe>\n<\/p>\n<\/div>\n<\/div>\n<\/div>\n<\/div>\n<\/div>\n<\/div>\n<\/div>\n<\/div>\n<\/div>\n<\/div>\n<\/div>\n<\/div>\n<\/div>\n<\/div>\n<\/div>\n<p>&nbsp;<\/p>\n","protected":false},"excerpt":{"rendered":"<p>Si&#8217;l 10 de xunu tas n&#8217;Uvi\u00e9u\u2026 \u00a1vas poder esfrutar con n\u00f3s del \ud835\udc74\ud835\udc82\ud835\udc93\ud835\udc95\ud835\udc86\ud835\udc94 \ud835\udc85\ud835\udc86 \ud835\udc6a\ud835\udc82\ud835\udc8e\ud835\udc91\ud835\udc90!<\/p>\n","protected":false},"author":117,"featured_media":0,"comment_status":"open","ping_status":"open","sticky":false,"template":"","format":"standard","meta":{"footnotes":""},"categories":[21,33],"tags":[],"class_list":["post-50334","post","type-post","status-publish","format-standard","hentry","category-fiestes","category-uvieu"],"_links":{"self":[{"href":"https:\/\/edublog.educastur.es\/ixuxu\/wp-json\/wp\/v2\/posts\/50334","targetHints":{"allow":["GET"]}}],"collection":[{"href":"https:\/\/edublog.educastur.es\/ixuxu\/wp-json\/wp\/v2\/posts"}],"about":[{"href":"https:\/\/edublog.educastur.es\/ixuxu\/wp-json\/wp\/v2\/types\/post"}],"author":[{"embeddable":true,"href":"https:\/\/edublog.educastur.es\/ixuxu\/wp-json\/wp\/v2\/users\/117"}],"replies":[{"embeddable":true,"href":"https:\/\/edublog.educastur.es\/ixuxu\/wp-json\/wp\/v2\/comments?post=50334"}],"version-history":[{"count":6,"href":"https:\/\/edublog.educastur.es\/ixuxu\/wp-json\/wp\/v2\/posts\/50334\/revisions"}],"predecessor-version":[{"id":50520,"href":"https:\/\/edublog.educastur.es\/ixuxu\/wp-json\/wp\/v2\/posts\/50334\/revisions\/50520"}],"wp:attachment":[{"href":"https:\/\/edublog.educastur.es\/ixuxu\/wp-json\/wp\/v2\/media?parent=50334"}],"wp:term":[{"taxonomy":"category","embeddable":true,"href":"https:\/\/edublog.educastur.es\/ixuxu\/wp-json\/wp\/v2\/categories?post=50334"},{"taxonomy":"post_tag","embeddable":true,"href":"https:\/\/edublog.educastur.es\/ixuxu\/wp-json\/wp\/v2\/tags?post=50334"}],"curies":[{"name":"wp","href":"https:\/\/api.w.org\/{rel}","templated":true}]}}