{"id":50338,"date":"2025-06-08T10:50:08","date_gmt":"2025-06-08T08:50:08","guid":{"rendered":"https:\/\/edublog.educastur.es\/ixuxu\/?p=50338"},"modified":"2025-06-08T10:06:04","modified_gmt":"2025-06-08T08:06:04","slug":"sofitu-a-la-produccion-y-comercializacion-de-los-productos-apicolas","status":"publish","type":"post","link":"https:\/\/edublog.educastur.es\/ixuxu\/2025\/06\/sofitu-a-la-produccion-y-comercializacion-de-los-productos-apicolas\/","title":{"rendered":"Sofitu a la producci\u00f3n y comercializaci\u00f3n de los productos ap\u00edcolas"},"content":{"rendered":"<div class=\"html-div xdj266r xat24cr x1lziwak xexx8yu xyri2b x18d9i69 x1c1uobl x78zum5 x2lah0s xqtp20y x1xegmmw\">\n<div class=\"xc9qbxq x1td3qas x6s0dn4 x78zum5 xl56j7k\">\n<div class=\"\" style=\"text-align: center\"><a href=\"https:\/\/actualidad.asturias.es\/documents\/537115\/2615007\/apicultura.jpg\/f75505df-3638-f9a7-d54d-59697a4025b7?t=1749204436582\"><img loading=\"lazy\" decoding=\"async\" class=\"aligncenter size-large\" src=\"https:\/\/actualidad.asturias.es\/documents\/537115\/2615007\/apicultura.jpg\/f75505df-3638-f9a7-d54d-59697a4025b7?t=1749204436582\" width=\"3000\" height=\"2001\" \/><\/a><\/div>\n<\/div>\n<\/div>\n<div class=\"x78zum5 xdt5ytf xz62fqu x16ldp7u\">\n<div class=\"xu06os2 x1ok221b\">\n<div class=\"html-div xdj266r x14z9mp xat24cr x1lziwak xexx8yu xyri2b x18d9i69 x1c1uobl\" data-ad-rendering-role=\"profile_name\">\n<ul>\n<li class=\"html-h3 x14z9mp xat24cr x1lziwak xexx8yu xyri2b x18d9i69 x1c1uobl x1vvkbs x1heor9g x1qlqyl8 x1pd3egz x1a2a7pz x1gslohp x1yc453h\"><span class=\"x1lliihq x6ikm8r x10wlt62 x1n2onr6\"><span class=\"xt0psk2\"><span class=\"xjp7ctv\"><a class=\"x1i10hfl xjbqb8w x1ejq31n x18oe1m7 x1sy0etr xstzfhl x972fbf x10w94by x1qhh985 x14e42zd x9f619 x1ypdohk xt0psk2 xe8uvvx xdj266r x14z9mp xat24cr x1lziwak xexx8yu xyri2b x18d9i69 x1c1uobl x16tdsg8 x1hl2dhg xggy1nq x1a2a7pz xkrqix3 x1sur9pj xzsf02u x1s688f\" role=\"link\" href=\"https:\/\/www.facebook.com\/MRuralAsturias?__cft__[0]=AZWkHLw0-BStyKAZlvX61zm2lgQVeWHXVuMUOv53puiuFFZMY-ppAeuR0ZhpxW-JYyXPAVOvzYXsuM4Dil9YDtMcpBQzfnZYvAc7XzRFuAub_XsMiCgW8MQycn0vpVYlObHz4oV8iuy8o7JvehfXPrG2D8vPJZjrcMzRKbga2dbGuuLmCxwBnIyJK7mUFcNCrcVUrExzP0090gIVEb3gU1JRC-N79PcLyeWDeEWhps7gwg&amp;__tn__=-UC%2CP-y-R\"><strong class=\"html-strong xdj266r x14z9mp xat24cr x1lziwak xexx8yu xyri2b x18d9i69 x1c1uobl x1hl2dhg x16tdsg8 x1vvkbs x1s688f\"><span class=\"html-span xdj266r x14z9mp xat24cr x1lziwak xexx8yu xyri2b x18d9i69 x1c1uobl x1hl2dhg x16tdsg8 x1vvkbs\">Consejer\u00eda de Medio Rural y Pol\u00edtica Agraria<\/span><\/strong><\/a><\/span><\/span><\/span><\/li>\n<\/ul>\n<\/div>\n<\/div>\n<\/div>\n<div class=\"html-div xdj266r x14z9mp xat24cr x1lziwak xexx8yu xyri2b x18d9i69 x1c1uobl\" dir=\"auto\">\n<div class=\"html-div xdj266r x14z9mp xat24cr x1lziwak xexx8yu xyri2b x18d9i69 x1c1uobl\" dir=\"auto\">\n<div class=\"html-div xdj266r x14z9mp xat24cr x1lziwak xexx8yu xyri2b x18d9i69 x1c1uobl\" data-ad-rendering-role=\"story_message\">\n<div class=\"x1l90r2v x1iorvi4 x1g0dm76 xpdmqnj\" data-ad-comet-preview=\"message\" data-ad-preview=\"message\">\n<div class=\"x78zum5 xdt5ytf xz62fqu x16ldp7u\">\n<div class=\"xu06os2 x1ok221b\">\n<div class=\"html-div xdj266r x14z9mp xat24cr x1lziwak xexx8yu xyri2b x18d9i69 x1c1uobl\">\n<div class=\"xdj266r x14z9mp xat24cr x1lziwak x1vvkbs x126k92a\">\n<div dir=\"auto\"><span class=\"html-span xexx8yu xyri2b x18d9i69 x1c1uobl x1hl2dhg x16tdsg8 x1vvkbs x3nfvp2 x1j61x8r x1fcty0u xdj266r xat24cr xm2jcoa x1mpyi22 xxymvpz xlup9mm x1kky2od\"><img loading=\"lazy\" decoding=\"async\" class=\"xz74otr x168nmei x13lgxp2 x5pf9jr xo71vjh\" src=\"https:\/\/static.xx.fbcdn.net\/images\/emoji.php\/v9\/t1f\/1\/16\/1f41d.png\" alt=\"\ud83d\udc1d\" width=\"16\" height=\"16\" \/><\/span>El <span class=\"html-span xdj266r x14z9mp xat24cr x1lziwak xexx8yu xyri2b x18d9i69 x1c1uobl x1hl2dhg x16tdsg8 x1vvkbs\"><a class=\"x1i10hfl xjbqb8w x1ejq31n x18oe1m7 x1sy0etr xstzfhl x972fbf x10w94by x1qhh985 x14e42zd x9f619 x1ypdohk xt0psk2 xe8uvvx xdj266r x14z9mp xat24cr x1lziwak xexx8yu xyri2b x18d9i69 x1c1uobl x16tdsg8 x1hl2dhg xggy1nq x1a2a7pz xkrqix3 x1sur9pj x1fey0fg x1s688f\" role=\"link\" href=\"https:\/\/www.facebook.com\/gobiernodeasturias?__cft__[0]=AZWkHLw0-BStyKAZlvX61zm2lgQVeWHXVuMUOv53puiuFFZMY-ppAeuR0ZhpxW-JYyXPAVOvzYXsuM4Dil9YDtMcpBQzfnZYvAc7XzRFuAub_XsMiCgW8MQycn0vpVYlObHz4oV8iuy8o7JvehfXPrG2D8vPJZjrcMzRKbga2dbGuuLmCxwBnIyJK7mUFcNCrcVUrExzP0090gIVEb3gU1JRC-N79PcLyeWDeEWhps7gwg&amp;__tn__=-]K-y-R\"><span class=\"xt0psk2\"><span class=\"xjp7ctv\">Princip\u00e1u d&#8217;Asturies<\/span><\/span><\/a><\/span> sofita con m\u00e1s de 460.000 euros la meyora de la producci\u00f3n y comercializaci\u00f3n de los productos ap\u00edcolas.<br \/>\nVa Dexar financiar los servicios d&#8217;asesoramientu, asistencia t\u00e9cnica, formaci\u00f3n, inversiones materiales y modernizaci\u00f3n del sector.<\/div>\n<div dir=\"auto\"><!--more--><\/div>\n<p>L&#8217;apicultura ye una activid\u00e1 fundamental n&#8217;Asturies tantu pola activid\u00e1 de producci\u00f3n de miel y otres ellaboraciones ap\u00edcoles como pola funci\u00f3n polinizadora de les abeyes. Coles mesmes, contrib\u00fai a afitar poblaci\u00f3n nes zones rurales y consolidar un modelu granible bas\u00e1u na calid\u00e1 y ampar\u00e1u sol parag\u00fces de la indicaci\u00f3n xeogr\u00e1fica protex\u00eda<strong> (IGP) Miel d&#8217;Asturies.<\/strong><\/p>\n<p>Por ello, am\u00e1s d&#8217;estes subvenciones, los apicultores cunten tami\u00e9n coles ayudes incluy\u00edes na solicit\u00fa \u00fanica de la <strong>Pol\u00edtica Agr\u00edcola Com\u00fan (PAC)<\/strong> a l&#8217;apicultura para la biodiversid\u00e1 y a la producci\u00f3n ecol\u00f3xica. Na convocatoria d&#8217;angua\u00f1o recibi\u00e9ronse 84 y 13 solicit\u00faes, respectivamente.<\/p>\n<p>L&#8217;Executivu tami\u00e9n acuta cuant\u00edes para combatir los efectos del avisp\u00f3n asi\u00e1ticu y les condiciones climatol\u00f3xiques adverses.<\/p>\n<ul>\n<li dir=\"auto\">Ampl\u00eda la informaci\u00f3n equ\u00ed <span class=\"html-span xdj266r x14z9mp xat24cr x1lziwak xexx8yu xyri2b x18d9i69 x1c1uobl x1hl2dhg x16tdsg8 x1vvkbs\"><a class=\"x1i10hfl xjbqb8w x1ejq31n x18oe1m7 x1sy0etr xstzfhl x972fbf x10w94by x1qhh985 x14e42zd x9f619 x1ypdohk xt0psk2 xe8uvvx xdj266r x14z9mp xat24cr x1lziwak xexx8yu xyri2b x18d9i69 x1c1uobl x16tdsg8 x1hl2dhg xggy1nq x1a2a7pz xkrqix3 x1sur9pj x1fey0fg x1s688f\" role=\"link\" href=\"https:\/\/actualidad.asturias.es\/-\/el-principado-apoya-con-m%C3%A1s-de-460.000-euros-la-mejora-de-la-producci%C3%B3n-y-comercializaci%C3%B3n-de-los-productos-ap%C3%ADcolas?redirect=%2Falertas%3Fp_p_id%3Dsend_alerts_actualidad_SendAlertsActualidadPortlet_INSTANCE_h87A3P5fM5F1%26p_p_state%3Dnormal%26p_p_mode%3Dview%26_send_alerts_actualidad_SendAlertsActualidadPortlet_INSTANCE_h87A3P5fM5F1_javax.portlet.action%3DenvioAlertas%26p_p_lifecycle%3D0&amp;fbclid=IwZXh0bgNhZW0CMTAAYnJpZBEwWmdZYlRENEJEWnl5UmtLVgEeeDGP7cR4cobYhS62PoruTKYVTYN8vFVq06QpQ2EJ3mdptXrFmOp955MKtRE_aem_MhpTpyRYj3PaidIIXyIRSw\" target=\"_blank\" rel=\"nofollow noopener noreferrer\">https:\/\/actualidad.asturias.es\/&#8230;\/el-principado-apoya&#8230;<\/a><\/span><\/li>\n<\/ul>\n<\/div>\n<div class=\"x14z9mp xat24cr x1lziwak x1vvkbs xtlvy1s x126k92a\">\n<div dir=\"auto\"><span class=\"html-span xdj266r x14z9mp xat24cr x1lziwak xexx8yu xyri2b x18d9i69 x1c1uobl x1hl2dhg x16tdsg8 x1vvkbs\"><a class=\"x1i10hfl xjbqb8w x1ejq31n x18oe1m7 x1sy0etr xstzfhl x972fbf x10w94by x1qhh985 x14e42zd x9f619 x1ypdohk xt0psk2 xe8uvvx xdj266r x14z9mp xat24cr x1lziwak xexx8yu xyri2b x18d9i69 x1c1uobl x16tdsg8 x1hl2dhg xggy1nq x1a2a7pz xkrqix3 x1sur9pj x1fey0fg x1s688f\" role=\"link\" href=\"https:\/\/www.facebook.com\/hashtag\/medioruralypol%C3%ADticaagraria?__eep__=6&amp;__cft__[0]=AZWkHLw0-BStyKAZlvX61zm2lgQVeWHXVuMUOv53puiuFFZMY-ppAeuR0ZhpxW-JYyXPAVOvzYXsuM4Dil9YDtMcpBQzfnZYvAc7XzRFuAub_XsMiCgW8MQycn0vpVYlObHz4oV8iuy8o7JvehfXPrG2D8vPJZjrcMzRKbga2dbGuuLmCxwBnIyJK7mUFcNCrcVUrExzP0090gIVEb3gU1JRC-N79PcLyeWDeEWhps7gwg&amp;__tn__=*NK-y-R\">#MedioRuralYPol\u00edticaAgraria<\/a><\/span> <span class=\"html-span xdj266r x14z9mp xat24cr x1lziwak xexx8yu xyri2b x18d9i69 x1c1uobl x1hl2dhg x16tdsg8 x1vvkbs\"><a class=\"x1i10hfl xjbqb8w x1ejq31n x18oe1m7 x1sy0etr xstzfhl x972fbf x10w94by x1qhh985 x14e42zd x9f619 x1ypdohk xt0psk2 xe8uvvx xdj266r x14z9mp xat24cr x1lziwak xexx8yu xyri2b x18d9i69 x1c1uobl x16tdsg8 x1hl2dhg xggy1nq x1a2a7pz xkrqix3 x1sur9pj x1fey0fg x1s688f\" role=\"link\" href=\"https:\/\/www.facebook.com\/gobiernodeasturias?__cft__[0]=AZWkHLw0-BStyKAZlvX61zm2lgQVeWHXVuMUOv53puiuFFZMY-ppAeuR0ZhpxW-JYyXPAVOvzYXsuM4Dil9YDtMcpBQzfnZYvAc7XzRFuAub_XsMiCgW8MQycn0vpVYlObHz4oV8iuy8o7JvehfXPrG2D8vPJZjrcMzRKbga2dbGuuLmCxwBnIyJK7mUFcNCrcVUrExzP0090gIVEb3gU1JRC-N79PcLyeWDeEWhps7gwg&amp;__tn__=-]K-y-R\"><span class=\"xt0psk2\"><span class=\"xjp7ctv\">Principado de Asturias<\/span><\/span><\/a><\/span><\/div>\n<\/div>\n<\/div>\n<\/div>\n<\/div>\n<\/div>\n<\/div>\n<\/div>\n<\/div>\n<p>&nbsp;<\/p>\n","protected":false},"excerpt":{"rendered":"<p>Consejer\u00eda de Medio Rural y Pol\u00edtica Agraria El Princip\u00e1u d&#8217;Asturies sofita con m\u00e1s de 460.000 euros la meyora de la producci\u00f3n y comercializaci\u00f3n de los productos ap\u00edcolas. Va Dexar financiar los servicios d&#8217;asesoramientu, asistencia t\u00e9cnica, formaci\u00f3n, inversiones materiales y modernizaci\u00f3n del sector.<\/p>\n","protected":false},"author":117,"featured_media":0,"comment_status":"open","ping_status":"open","sticky":false,"template":"","format":"standard","meta":{"footnotes":""},"categories":[390],"tags":[],"class_list":["post-50338","post","type-post","status-publish","format-standard","hentry","category-miel"],"_links":{"self":[{"href":"https:\/\/edublog.educastur.es\/ixuxu\/wp-json\/wp\/v2\/posts\/50338","targetHints":{"allow":["GET"]}}],"collection":[{"href":"https:\/\/edublog.educastur.es\/ixuxu\/wp-json\/wp\/v2\/posts"}],"about":[{"href":"https:\/\/edublog.educastur.es\/ixuxu\/wp-json\/wp\/v2\/types\/post"}],"author":[{"embeddable":true,"href":"https:\/\/edublog.educastur.es\/ixuxu\/wp-json\/wp\/v2\/users\/117"}],"replies":[{"embeddable":true,"href":"https:\/\/edublog.educastur.es\/ixuxu\/wp-json\/wp\/v2\/comments?post=50338"}],"version-history":[{"count":1,"href":"https:\/\/edublog.educastur.es\/ixuxu\/wp-json\/wp\/v2\/posts\/50338\/revisions"}],"predecessor-version":[{"id":50339,"href":"https:\/\/edublog.educastur.es\/ixuxu\/wp-json\/wp\/v2\/posts\/50338\/revisions\/50339"}],"wp:attachment":[{"href":"https:\/\/edublog.educastur.es\/ixuxu\/wp-json\/wp\/v2\/media?parent=50338"}],"wp:term":[{"taxonomy":"category","embeddable":true,"href":"https:\/\/edublog.educastur.es\/ixuxu\/wp-json\/wp\/v2\/categories?post=50338"},{"taxonomy":"post_tag","embeddable":true,"href":"https:\/\/edublog.educastur.es\/ixuxu\/wp-json\/wp\/v2\/tags?post=50338"}],"curies":[{"name":"wp","href":"https:\/\/api.w.org\/{rel}","templated":true}]}}